{"id":15256,"date":"2021-11-10T11:29:00","date_gmt":"2021-11-10T09:29:00","guid":{"rendered":"https:\/\/lukabar.me\/?p=15256"},"modified":"2024-08-19T11:30:53","modified_gmt":"2024-08-19T09:30:53","slug":"delegacija-skupstinskog-odbora-za-bezbjednost-i-odbranu-posjetili-su-danas-slobodnu-zonu-luke-bar","status":"publish","type":"post","link":"https:\/\/lukabar.me\/en\/delegacija-skupstinskog-odbora-za-bezbjednost-i-odbranu-posjetili-su-danas-slobodnu-zonu-luke-bar\/","title":{"rendered":"Delegacija skup\u0161tinskog Odbora za bezbjednost i odbranu, posjetili su danas slobodnu zonu Luke Bar"},"content":{"rendered":"<div data-elementor-type=\"wp-post\" data-elementor-id=\"15256\" class=\"elementor elementor-15256\">\n\t\t\t\t<div class=\"elementor-element elementor-element-bed1d61 e-flex e-con-boxed wpr-particle-no wpr-jarallax-no wpr-parallax-no wpr-sticky-section-no wpr-equal-height-no e-con e-parent\" data-id=\"bed1d61\" data-element_type=\"container\" data-e-type=\"container\">\n\t\t\t\t\t<div class=\"e-con-inner\">\n\t\t\t\t<div class=\"elementor-element elementor-element-3bff22e de_scroll_animation_no exad-sticky-section-no exad-glass-effect-no elementor-widget elementor-widget-text-editor\" data-id=\"3bff22e\" data-element_type=\"widget\" data-e-type=\"widget\" data-widget_type=\"text-editor.default\">\n\t\t\t\t<div class=\"elementor-widget-container\">\n\t\t\t\t\t\t\t\t\t<p>Delegacija skup\u0161tinskog Odbora za bezbjednost i odbranu, u sastavu: Vladan Rai\u010devi\u0107, Milo Bo\u017eovi\u0107, Ra\u0161ko Konjevi\u0107, Dragan Krapovi\u0107, i poslanik Lui\u0111 \u0160krelja, posjetili su danas slobodnu zonu Luke Bar.<br \/>\u010clanovima Odbora prezentovana je istorija poslovanja Luke Bar, i predstavljeni su postulati u radu.Predstavnici Luke Bar konstatovali su, kako je saop\u0161teno iz Skup\u0161tine, da je u proteklom periodu postignuto zna\u010dajno unaprije\u0111enje sistema bezbjednosti, a predstavljeni su i podaci o broju aktivnih ugovora o obavljanju djelatnosti koje se odnose na skladi\u0161tenje cigareta, kao i o automatizovanom informacionom sistemu za registrovanje i \u010duvanje podataka.<\/p><p>Na sastanku je bilo rije\u010di i o privatnim skladi\u0161tima u Luci Bar, kao i o Odboru direktora tog preduze\u0107a koje, kako navode iz parlamenta, radi na pobolj\u0161anju bezbjednosnog sistema.<br \/>\u010clanovi Odbora obi\u0161li su i magacine Luke Bar u kojima se skladi\u0161te cigarete.<br \/>Ispred &#8222;Luka Bar&#8220; AD, sastanku su prisustvovali: Sla\u0111ana Peri\u0161i\u0107, predsjednica Odbora direktora, Savo Vujo\u0161evi\u0107, zamjenik predsjednika Odbora direktora, \u010dlan Odbora direkotra Milivoje Radovi\u0107, Izvr\u0161ni direktor Ilija Pje\u0161\u010di\u0107, Pomo\u0107nik izvr\u0161nog direktora Deda \u0110elovi\u0107, Dragutin Nikovi\u0107, Pomo\u0107nik ID, Dragan \u0160\u0107eki\u0107, Direktor sektora Razvoja i Mladen Bulatovi\u0107, Oficir bezbjednosti.<br \/>Izvor: Portal Vijesti<\/p>\t\t\t\t\t\t\t\t<\/div>\n\t\t\t\t<\/div>\n\t\t\t\t\t<\/div>\n\t\t\t\t<\/div>\n\t\t\t\t<\/div>","protected":false},"excerpt":{"rendered":"<p>Delegacija skup\u0161tinskog Odbora za bezbjednost i odbranu, u sastavu: Vladan Rai\u010devi\u0107, Milo Bo\u017eovi\u0107, Ra\u0161ko Konjevi\u0107, Dragan Krapovi\u0107, i poslanik Lui\u0111 \u0160krelja, posjetili su danas slobodnu zonu Luke Bar.\u010clanovima Odbora prezentovana je istorija poslovanja Luke Bar, i predstavljeni su postulati u radu.Predstavnici Luke Bar konstatovali su, kako je saop\u0161teno iz Skup\u0161tine, da je u proteklom periodu postignuto zna\u010dajno unaprije\u0111enje sistema bezbjednosti, a predstavljeni su i podaci o broju aktivnih ugovora o obavljanju djelatnosti koje se odnose na skladi\u0161tenje cigareta, kao i o automatizovanom informacionom sistemu za registrovanje i \u010duvanje podataka. Na sastanku je bilo rije\u010di i o privatnim skladi\u0161tima u Luci Bar, kao i o Odboru direktora tog preduze\u0107a koje, kako navode iz parlamenta, radi na pobolj\u0161anju bezbjednosnog sistema.\u010clanovi Odbora obi\u0161li su i magacine Luke Bar u kojima se skladi\u0161te cigarete.Ispred &#8222;Luka Bar&#8220; AD, sastanku su prisustvovali: Sla\u0111ana Peri\u0161i\u0107, predsjednica Odbora direktora, Savo Vujo\u0161evi\u0107, zamjenik predsjednika Odbora direktora, \u010dlan Odbora direkotra Milivoje Radovi\u0107, Izvr\u0161ni direktor Ilija Pje\u0161\u010di\u0107, Pomo\u0107nik izvr\u0161nog direktora Deda \u0110elovi\u0107, Dragutin Nikovi\u0107, Pomo\u0107nik ID, Dragan \u0160\u0107eki\u0107, Direktor sektora Razvoja i Mladen Bulatovi\u0107, Oficir bezbjednosti.Izvor: Portal Vijesti<\/p>","protected":false},"author":1,"featured_media":15258,"comment_status":"open","ping_status":"open","sticky":false,"template":"","format":"standard","meta":{"footnotes":""},"categories":[15],"tags":[],"class_list":["post-15256","post","type-post","status-publish","format-standard","has-post-thumbnail","hentry","category-zavrseni-medunarodni-projekti"],"blocksy_meta":[],"yoast_head":"<!-- This site is optimized with the Yoast SEO plugin v27.5 - https:\/\/yoast.com\/product\/yoast-seo-wordpress\/ -->\n<title>Delegacija skup\u0161tinskog Odbora za bezbjednost i odbranu, posjetili su danas slobodnu zonu Luke Bar<\/title>\n<meta name=\"description\" content=\"Delegacija skup\u0161tinskog Odbora za bezbjednost i odbranu, u sastavu: Vladan Rai\u010devi\u0107, Milo Bo\u017eovi\u0107, Ra\u0161ko Konjevi\u0107, Dragan Krapovi\u0107, i poslanik Lui\u0111\" \/>\n<meta name=\"robots\" content=\"index, follow, max-snippet:-1, max-image-preview:large, max-video-preview:-1\" \/>\n<link rel=\"canonical\" href=\"https:\/\/lukabar.me\/en\/delegacija-skupstinskog-odbora-za-bezbjednost-i-odbranu-posjetili-su-danas-slobodnu-zonu-luke-bar\/\" \/>\n<meta property=\"og:locale\" content=\"en_US\" \/>\n<meta property=\"og:type\" content=\"article\" \/>\n<meta property=\"og:title\" content=\"Delegacija skup\u0161tinskog Odbora za bezbjednost i odbranu, posjetili su danas slobodnu zonu Luke Bar\" \/>\n<meta property=\"og:description\" content=\"Delegacija skup\u0161tinskog Odbora za bezbjednost i odbranu, u sastavu: Vladan Rai\u010devi\u0107, Milo Bo\u017eovi\u0107, Ra\u0161ko Konjevi\u0107, Dragan Krapovi\u0107, i poslanik Lui\u0111\" \/>\n<meta property=\"og:url\" content=\"https:\/\/lukabar.me\/en\/delegacija-skupstinskog-odbora-za-bezbjednost-i-odbranu-posjetili-su-danas-slobodnu-zonu-luke-bar\/\" \/>\n<meta property=\"og:site_name\" content=\"Luka Bar | Port of Bar - Connecting Montenegro to Global Trade\" \/>\n<meta property=\"article:publisher\" content=\"https:\/\/www.facebook.com\/portofbar\" \/>\n<meta property=\"article:published_time\" content=\"2021-11-10T09:29:00+00:00\" \/>\n<meta property=\"article:modified_time\" content=\"2024-08-19T09:30:53+00:00\" \/>\n<meta property=\"og:image\" content=\"https:\/\/lukabar.me\/wp-content\/uploads\/2024\/08\/Delegacija-skupstinskog-Odbora-za-bezbjednost-i-odbranu-posjetili-su-danas-slobodnu-zonu-Luke-Bar.jpg\" \/>\n\t<meta property=\"og:image:width\" content=\"1000\" \/>\n\t<meta property=\"og:image:height\" content=\"540\" \/>\n\t<meta property=\"og:image:type\" content=\"image\/jpeg\" \/>\n<meta name=\"author\" content=\"qyqzntmy\" \/>\n<meta name=\"twitter:card\" content=\"summary_large_image\" \/>\n<meta name=\"twitter:creator\" content=\"@portofbar\" \/>\n<meta name=\"twitter:site\" content=\"@portofbar\" \/>\n<meta name=\"twitter:label1\" content=\"Written by\" \/>\n\t<meta name=\"twitter:data1\" content=\"qyqzntmy\" \/>\n\t<meta name=\"twitter:label2\" content=\"Est. reading time\" \/>\n\t<meta name=\"twitter:data2\" content=\"1 minute\" \/>\n<script type=\"application\/ld+json\" class=\"yoast-schema-graph\">{\"@context\":\"https:\\\/\\\/schema.org\",\"@graph\":[{\"@type\":\"Article\",\"@id\":\"https:\\\/\\\/lukabar.me\\\/delegacija-skupstinskog-odbora-za-bezbjednost-i-odbranu-posjetili-su-danas-slobodnu-zonu-luke-bar\\\/#article\",\"isPartOf\":{\"@id\":\"https:\\\/\\\/lukabar.me\\\/delegacija-skupstinskog-odbora-za-bezbjednost-i-odbranu-posjetili-su-danas-slobodnu-zonu-luke-bar\\\/\"},\"author\":{\"name\":\"qyqzntmy\",\"@id\":\"https:\\\/\\\/lukabar.me\\\/#\\\/schema\\\/person\\\/84ccd15ea8529df078a6db7f01d0cf50\"},\"headline\":\"Delegacija skup\u0161tinskog Odbora za bezbjednost i odbranu, posjetili su danas slobodnu zonu Luke Bar\",\"datePublished\":\"2021-11-10T09:29:00+00:00\",\"dateModified\":\"2024-08-19T09:30:53+00:00\",\"mainEntityOfPage\":{\"@id\":\"https:\\\/\\\/lukabar.me\\\/delegacija-skupstinskog-odbora-za-bezbjednost-i-odbranu-posjetili-su-danas-slobodnu-zonu-luke-bar\\\/\"},\"wordCount\":220,\"commentCount\":0,\"publisher\":{\"@id\":\"https:\\\/\\\/lukabar.me\\\/#organization\"},\"image\":{\"@id\":\"https:\\\/\\\/lukabar.me\\\/delegacija-skupstinskog-odbora-za-bezbjednost-i-odbranu-posjetili-su-danas-slobodnu-zonu-luke-bar\\\/#primaryimage\"},\"thumbnailUrl\":\"https:\\\/\\\/lukabar.me\\\/wp-content\\\/uploads\\\/2024\\\/08\\\/Delegacija-skupstinskog-Odbora-za-bezbjednost-i-odbranu-posjetili-su-danas-slobodnu-zonu-Luke-Bar.jpg\",\"articleSection\":[\"Zavr\u0161eni me\u0111unarodni projekti\"],\"inLanguage\":\"en-US\",\"potentialAction\":[{\"@type\":\"CommentAction\",\"name\":\"Comment\",\"target\":[\"https:\\\/\\\/lukabar.me\\\/delegacija-skupstinskog-odbora-za-bezbjednost-i-odbranu-posjetili-su-danas-slobodnu-zonu-luke-bar\\\/#respond\"]}]},{\"@type\":\"WebPage\",\"@id\":\"https:\\\/\\\/lukabar.me\\\/delegacija-skupstinskog-odbora-za-bezbjednost-i-odbranu-posjetili-su-danas-slobodnu-zonu-luke-bar\\\/\",\"url\":\"https:\\\/\\\/lukabar.me\\\/delegacija-skupstinskog-odbora-za-bezbjednost-i-odbranu-posjetili-su-danas-slobodnu-zonu-luke-bar\\\/\",\"name\":\"Delegacija skup\u0161tinskog Odbora za bezbjednost i odbranu, posjetili su danas slobodnu zonu Luke Bar\",\"isPartOf\":{\"@id\":\"https:\\\/\\\/lukabar.me\\\/#website\"},\"primaryImageOfPage\":{\"@id\":\"https:\\\/\\\/lukabar.me\\\/delegacija-skupstinskog-odbora-za-bezbjednost-i-odbranu-posjetili-su-danas-slobodnu-zonu-luke-bar\\\/#primaryimage\"},\"image\":{\"@id\":\"https:\\\/\\\/lukabar.me\\\/delegacija-skupstinskog-odbora-za-bezbjednost-i-odbranu-posjetili-su-danas-slobodnu-zonu-luke-bar\\\/#primaryimage\"},\"thumbnailUrl\":\"https:\\\/\\\/lukabar.me\\\/wp-content\\\/uploads\\\/2024\\\/08\\\/Delegacija-skupstinskog-Odbora-za-bezbjednost-i-odbranu-posjetili-su-danas-slobodnu-zonu-Luke-Bar.jpg\",\"datePublished\":\"2021-11-10T09:29:00+00:00\",\"dateModified\":\"2024-08-19T09:30:53+00:00\",\"description\":\"Delegacija skup\u0161tinskog Odbora za bezbjednost i odbranu, u sastavu: Vladan Rai\u010devi\u0107, Milo Bo\u017eovi\u0107, Ra\u0161ko Konjevi\u0107, Dragan Krapovi\u0107, i poslanik Lui\u0111\",\"breadcrumb\":{\"@id\":\"https:\\\/\\\/lukabar.me\\\/delegacija-skupstinskog-odbora-za-bezbjednost-i-odbranu-posjetili-su-danas-slobodnu-zonu-luke-bar\\\/#breadcrumb\"},\"inLanguage\":\"en-US\",\"potentialAction\":[{\"@type\":\"ReadAction\",\"target\":[\"https:\\\/\\\/lukabar.me\\\/delegacija-skupstinskog-odbora-za-bezbjednost-i-odbranu-posjetili-su-danas-slobodnu-zonu-luke-bar\\\/\"]}]},{\"@type\":\"ImageObject\",\"inLanguage\":\"en-US\",\"@id\":\"https:\\\/\\\/lukabar.me\\\/delegacija-skupstinskog-odbora-za-bezbjednost-i-odbranu-posjetili-su-danas-slobodnu-zonu-luke-bar\\\/#primaryimage\",\"url\":\"https:\\\/\\\/lukabar.me\\\/wp-content\\\/uploads\\\/2024\\\/08\\\/Delegacija-skupstinskog-Odbora-za-bezbjednost-i-odbranu-posjetili-su-danas-slobodnu-zonu-Luke-Bar.jpg\",\"contentUrl\":\"https:\\\/\\\/lukabar.me\\\/wp-content\\\/uploads\\\/2024\\\/08\\\/Delegacija-skupstinskog-Odbora-za-bezbjednost-i-odbranu-posjetili-su-danas-slobodnu-zonu-Luke-Bar.jpg\",\"width\":1000,\"height\":540},{\"@type\":\"BreadcrumbList\",\"@id\":\"https:\\\/\\\/lukabar.me\\\/delegacija-skupstinskog-odbora-za-bezbjednost-i-odbranu-posjetili-su-danas-slobodnu-zonu-luke-bar\\\/#breadcrumb\",\"itemListElement\":[{\"@type\":\"ListItem\",\"position\":1,\"name\":\"Home\",\"item\":\"https:\\\/\\\/lukabar.me\\\/\"},{\"@type\":\"ListItem\",\"position\":2,\"name\":\"Delegacija skup\u0161tinskog Odbora za bezbjednost i odbranu, posjetili su danas slobodnu zonu Luke Bar\"}]},{\"@type\":\"WebSite\",\"@id\":\"https:\\\/\\\/lukabar.me\\\/#website\",\"url\":\"https:\\\/\\\/lukabar.me\\\/\",\"name\":\"Luka Bar | Port of Bar - Connecting Montenegro to Global Trade\",\"description\":\"Svijet na Dohvat Luke | World Within Port&#039;s Reach\",\"publisher\":{\"@id\":\"https:\\\/\\\/lukabar.me\\\/#organization\"},\"alternateName\":\"Luka Bar | Port of Bar\",\"potentialAction\":[{\"@type\":\"SearchAction\",\"target\":{\"@type\":\"EntryPoint\",\"urlTemplate\":\"https:\\\/\\\/lukabar.me\\\/?s={search_term_string}\"},\"query-input\":{\"@type\":\"PropertyValueSpecification\",\"valueRequired\":true,\"valueName\":\"search_term_string\"}}],\"inLanguage\":\"en-US\"},{\"@type\":\"Organization\",\"@id\":\"https:\\\/\\\/lukabar.me\\\/#organization\",\"name\":\"Luka Bar | Port of Bar - Connecting Montenegro to Global Trade\",\"alternateName\":\"Luka Bar | Port of Bar\",\"url\":\"https:\\\/\\\/lukabar.me\\\/\",\"logo\":{\"@type\":\"ImageObject\",\"inLanguage\":\"en-US\",\"@id\":\"https:\\\/\\\/lukabar.me\\\/#\\\/schema\\\/logo\\\/image\\\/\",\"url\":\"https:\\\/\\\/lukabar.me\\\/wp-content\\\/uploads\\\/2025\\\/01\\\/lukabar-logo-seo-01-scaled.jpg\",\"contentUrl\":\"https:\\\/\\\/lukabar.me\\\/wp-content\\\/uploads\\\/2025\\\/01\\\/lukabar-logo-seo-01-scaled.jpg\",\"width\":2560,\"height\":2560,\"caption\":\"Luka Bar | Port of Bar - Connecting Montenegro to Global Trade\"},\"image\":{\"@id\":\"https:\\\/\\\/lukabar.me\\\/#\\\/schema\\\/logo\\\/image\\\/\"},\"sameAs\":[\"https:\\\/\\\/www.facebook.com\\\/portofbar\",\"https:\\\/\\\/x.com\\\/portofbar\",\"https:\\\/\\\/instagram.com\\\/portofbar\",\"https:\\\/\\\/www.linkedin.com\\\/company\\\/port-of-bar\",\"https:\\\/\\\/www.youtube.com\\\/@portofbarmontenegro\"]},{\"@type\":\"Person\",\"@id\":\"https:\\\/\\\/lukabar.me\\\/#\\\/schema\\\/person\\\/84ccd15ea8529df078a6db7f01d0cf50\",\"name\":\"qyqzntmy\",\"image\":{\"@type\":\"ImageObject\",\"inLanguage\":\"en-US\",\"@id\":\"https:\\\/\\\/secure.gravatar.com\\\/avatar\\\/34512178c8047217f2f61ffdd71737957c3b33f2936e498c6153ae6dab2989ba?s=96&d=mm&r=g\",\"url\":\"https:\\\/\\\/secure.gravatar.com\\\/avatar\\\/34512178c8047217f2f61ffdd71737957c3b33f2936e498c6153ae6dab2989ba?s=96&d=mm&r=g\",\"contentUrl\":\"https:\\\/\\\/secure.gravatar.com\\\/avatar\\\/34512178c8047217f2f61ffdd71737957c3b33f2936e498c6153ae6dab2989ba?s=96&d=mm&r=g\",\"caption\":\"qyqzntmy\"},\"sameAs\":[\"https:\\\/\\\/lukabar.me\"],\"url\":\"https:\\\/\\\/lukabar.me\\\/en\\\/author\\\/qyqzntmy\\\/\"}]}<\/script>\n<!-- \/ Yoast SEO plugin. -->","yoast_head_json":{"title":"Delegacija skup\u0161tinskog Odbora za bezbjednost i odbranu, posjetili su danas slobodnu zonu Luke Bar","description":"Delegacija skup\u0161tinskog Odbora za bezbjednost i odbranu, u sastavu: Vladan Rai\u010devi\u0107, Milo Bo\u017eovi\u0107, Ra\u0161ko Konjevi\u0107, Dragan Krapovi\u0107, i poslanik Lui\u0111","robots":{"index":"index","follow":"follow","max-snippet":"max-snippet:-1","max-image-preview":"max-image-preview:large","max-video-preview":"max-video-preview:-1"},"canonical":"https:\/\/lukabar.me\/en\/delegacija-skupstinskog-odbora-za-bezbjednost-i-odbranu-posjetili-su-danas-slobodnu-zonu-luke-bar\/","og_locale":"en_US","og_type":"article","og_title":"Delegacija skup\u0161tinskog Odbora za bezbjednost i odbranu, posjetili su danas slobodnu zonu Luke Bar","og_description":"Delegacija skup\u0161tinskog Odbora za bezbjednost i odbranu, u sastavu: Vladan Rai\u010devi\u0107, Milo Bo\u017eovi\u0107, Ra\u0161ko Konjevi\u0107, Dragan Krapovi\u0107, i poslanik Lui\u0111","og_url":"https:\/\/lukabar.me\/en\/delegacija-skupstinskog-odbora-za-bezbjednost-i-odbranu-posjetili-su-danas-slobodnu-zonu-luke-bar\/","og_site_name":"Luka Bar | Port of Bar - Connecting Montenegro to Global Trade","article_publisher":"https:\/\/www.facebook.com\/portofbar","article_published_time":"2021-11-10T09:29:00+00:00","article_modified_time":"2024-08-19T09:30:53+00:00","og_image":[{"width":1000,"height":540,"url":"https:\/\/lukabar.me\/wp-content\/uploads\/2024\/08\/Delegacija-skupstinskog-Odbora-za-bezbjednost-i-odbranu-posjetili-su-danas-slobodnu-zonu-Luke-Bar.jpg","type":"image\/jpeg"}],"author":"qyqzntmy","twitter_card":"summary_large_image","twitter_creator":"@portofbar","twitter_site":"@portofbar","twitter_misc":{"Written by":"qyqzntmy","Est. reading time":"1 minute"},"schema":{"@context":"https:\/\/schema.org","@graph":[{"@type":"Article","@id":"https:\/\/lukabar.me\/delegacija-skupstinskog-odbora-za-bezbjednost-i-odbranu-posjetili-su-danas-slobodnu-zonu-luke-bar\/#article","isPartOf":{"@id":"https:\/\/lukabar.me\/delegacija-skupstinskog-odbora-za-bezbjednost-i-odbranu-posjetili-su-danas-slobodnu-zonu-luke-bar\/"},"author":{"name":"qyqzntmy","@id":"https:\/\/lukabar.me\/#\/schema\/person\/84ccd15ea8529df078a6db7f01d0cf50"},"headline":"Delegacija skup\u0161tinskog Odbora za bezbjednost i odbranu, posjetili su danas slobodnu zonu Luke Bar","datePublished":"2021-11-10T09:29:00+00:00","dateModified":"2024-08-19T09:30:53+00:00","mainEntityOfPage":{"@id":"https:\/\/lukabar.me\/delegacija-skupstinskog-odbora-za-bezbjednost-i-odbranu-posjetili-su-danas-slobodnu-zonu-luke-bar\/"},"wordCount":220,"commentCount":0,"publisher":{"@id":"https:\/\/lukabar.me\/#organization"},"image":{"@id":"https:\/\/lukabar.me\/delegacija-skupstinskog-odbora-za-bezbjednost-i-odbranu-posjetili-su-danas-slobodnu-zonu-luke-bar\/#primaryimage"},"thumbnailUrl":"https:\/\/lukabar.me\/wp-content\/uploads\/2024\/08\/Delegacija-skupstinskog-Odbora-za-bezbjednost-i-odbranu-posjetili-su-danas-slobodnu-zonu-Luke-Bar.jpg","articleSection":["Zavr\u0161eni me\u0111unarodni projekti"],"inLanguage":"en-US","potentialAction":[{"@type":"CommentAction","name":"Comment","target":["https:\/\/lukabar.me\/delegacija-skupstinskog-odbora-za-bezbjednost-i-odbranu-posjetili-su-danas-slobodnu-zonu-luke-bar\/#respond"]}]},{"@type":"WebPage","@id":"https:\/\/lukabar.me\/delegacija-skupstinskog-odbora-za-bezbjednost-i-odbranu-posjetili-su-danas-slobodnu-zonu-luke-bar\/","url":"https:\/\/lukabar.me\/delegacija-skupstinskog-odbora-za-bezbjednost-i-odbranu-posjetili-su-danas-slobodnu-zonu-luke-bar\/","name":"Delegacija skup\u0161tinskog Odbora za bezbjednost i odbranu, posjetili su danas slobodnu zonu Luke Bar","isPartOf":{"@id":"https:\/\/lukabar.me\/#website"},"primaryImageOfPage":{"@id":"https:\/\/lukabar.me\/delegacija-skupstinskog-odbora-za-bezbjednost-i-odbranu-posjetili-su-danas-slobodnu-zonu-luke-bar\/#primaryimage"},"image":{"@id":"https:\/\/lukabar.me\/delegacija-skupstinskog-odbora-za-bezbjednost-i-odbranu-posjetili-su-danas-slobodnu-zonu-luke-bar\/#primaryimage"},"thumbnailUrl":"https:\/\/lukabar.me\/wp-content\/uploads\/2024\/08\/Delegacija-skupstinskog-Odbora-za-bezbjednost-i-odbranu-posjetili-su-danas-slobodnu-zonu-Luke-Bar.jpg","datePublished":"2021-11-10T09:29:00+00:00","dateModified":"2024-08-19T09:30:53+00:00","description":"Delegacija skup\u0161tinskog Odbora za bezbjednost i odbranu, u sastavu: Vladan Rai\u010devi\u0107, Milo Bo\u017eovi\u0107, Ra\u0161ko Konjevi\u0107, Dragan Krapovi\u0107, i poslanik Lui\u0111","breadcrumb":{"@id":"https:\/\/lukabar.me\/delegacija-skupstinskog-odbora-za-bezbjednost-i-odbranu-posjetili-su-danas-slobodnu-zonu-luke-bar\/#breadcrumb"},"inLanguage":"en-US","potentialAction":[{"@type":"ReadAction","target":["https:\/\/lukabar.me\/delegacija-skupstinskog-odbora-za-bezbjednost-i-odbranu-posjetili-su-danas-slobodnu-zonu-luke-bar\/"]}]},{"@type":"ImageObject","inLanguage":"en-US","@id":"https:\/\/lukabar.me\/delegacija-skupstinskog-odbora-za-bezbjednost-i-odbranu-posjetili-su-danas-slobodnu-zonu-luke-bar\/#primaryimage","url":"https:\/\/lukabar.me\/wp-content\/uploads\/2024\/08\/Delegacija-skupstinskog-Odbora-za-bezbjednost-i-odbranu-posjetili-su-danas-slobodnu-zonu-Luke-Bar.jpg","contentUrl":"https:\/\/lukabar.me\/wp-content\/uploads\/2024\/08\/Delegacija-skupstinskog-Odbora-za-bezbjednost-i-odbranu-posjetili-su-danas-slobodnu-zonu-Luke-Bar.jpg","width":1000,"height":540},{"@type":"BreadcrumbList","@id":"https:\/\/lukabar.me\/delegacija-skupstinskog-odbora-za-bezbjednost-i-odbranu-posjetili-su-danas-slobodnu-zonu-luke-bar\/#breadcrumb","itemListElement":[{"@type":"ListItem","position":1,"name":"Home","item":"https:\/\/lukabar.me\/"},{"@type":"ListItem","position":2,"name":"Delegacija skup\u0161tinskog Odbora za bezbjednost i odbranu, posjetili su danas slobodnu zonu Luke Bar"}]},{"@type":"WebSite","@id":"https:\/\/lukabar.me\/#website","url":"https:\/\/lukabar.me\/","name":"Port of Bar | Port of Bar - Connecting Montenegro to Global Trade","description":"World at the Reach of Luke | World Within Port&#039;s Reach","publisher":{"@id":"https:\/\/lukabar.me\/#organization"},"alternateName":"Luka Bar | Port of Bar","potentialAction":[{"@type":"SearchAction","target":{"@type":"EntryPoint","urlTemplate":"https:\/\/lukabar.me\/?s={search_term_string}"},"query-input":{"@type":"PropertyValueSpecification","valueRequired":true,"valueName":"search_term_string"}}],"inLanguage":"en-US"},{"@type":"Organization","@id":"https:\/\/lukabar.me\/#organization","name":"Port of Bar | Port of Bar - Connecting Montenegro to Global Trade","alternateName":"Luka Bar | Port of Bar","url":"https:\/\/lukabar.me\/","logo":{"@type":"ImageObject","inLanguage":"en-US","@id":"https:\/\/lukabar.me\/#\/schema\/logo\/image\/","url":"https:\/\/lukabar.me\/wp-content\/uploads\/2025\/01\/lukabar-logo-seo-01-scaled.jpg","contentUrl":"https:\/\/lukabar.me\/wp-content\/uploads\/2025\/01\/lukabar-logo-seo-01-scaled.jpg","width":2560,"height":2560,"caption":"Luka Bar | Port of Bar - Connecting Montenegro to Global Trade"},"image":{"@id":"https:\/\/lukabar.me\/#\/schema\/logo\/image\/"},"sameAs":["https:\/\/www.facebook.com\/portofbar","https:\/\/x.com\/portofbar","https:\/\/instagram.com\/portofbar","https:\/\/www.linkedin.com\/company\/port-of-bar","https:\/\/www.youtube.com\/@portofbarmontenegro"]},{"@type":"Person","@id":"https:\/\/lukabar.me\/#\/schema\/person\/84ccd15ea8529df078a6db7f01d0cf50","name":"qyqzntmy","image":{"@type":"ImageObject","inLanguage":"en-US","@id":"https:\/\/secure.gravatar.com\/avatar\/34512178c8047217f2f61ffdd71737957c3b33f2936e498c6153ae6dab2989ba?s=96&d=mm&r=g","url":"https:\/\/secure.gravatar.com\/avatar\/34512178c8047217f2f61ffdd71737957c3b33f2936e498c6153ae6dab2989ba?s=96&d=mm&r=g","contentUrl":"https:\/\/secure.gravatar.com\/avatar\/34512178c8047217f2f61ffdd71737957c3b33f2936e498c6153ae6dab2989ba?s=96&d=mm&r=g","caption":"qyqzntmy"},"sameAs":["https:\/\/lukabar.me"],"url":"https:\/\/lukabar.me\/en\/author\/qyqzntmy\/"}]}},"_links":{"self":[{"href":"https:\/\/lukabar.me\/en\/wp-json\/wp\/v2\/posts\/15256","targetHints":{"allow":["GET"]}}],"collection":[{"href":"https:\/\/lukabar.me\/en\/wp-json\/wp\/v2\/posts"}],"about":[{"href":"https:\/\/lukabar.me\/en\/wp-json\/wp\/v2\/types\/post"}],"author":[{"embeddable":true,"href":"https:\/\/lukabar.me\/en\/wp-json\/wp\/v2\/users\/1"}],"replies":[{"embeddable":true,"href":"https:\/\/lukabar.me\/en\/wp-json\/wp\/v2\/comments?post=15256"}],"version-history":[{"count":4,"href":"https:\/\/lukabar.me\/en\/wp-json\/wp\/v2\/posts\/15256\/revisions"}],"predecessor-version":[{"id":15262,"href":"https:\/\/lukabar.me\/en\/wp-json\/wp\/v2\/posts\/15256\/revisions\/15262"}],"wp:featuredmedia":[{"embeddable":true,"href":"https:\/\/lukabar.me\/en\/wp-json\/wp\/v2\/media\/15258"}],"wp:attachment":[{"href":"https:\/\/lukabar.me\/en\/wp-json\/wp\/v2\/media?parent=15256"}],"wp:term":[{"taxonomy":"category","embeddable":true,"href":"https:\/\/lukabar.me\/en\/wp-json\/wp\/v2\/categories?post=15256"},{"taxonomy":"post_tag","embeddable":true,"href":"https:\/\/lukabar.me\/en\/wp-json\/wp\/v2\/tags?post=15256"}],"curies":[{"name":"wp","href":"https:\/\/api.w.org\/{rel}","templated":true}]}}