{"id":15519,"date":"2022-04-12T13:32:00","date_gmt":"2022-04-12T11:32:00","guid":{"rendered":"https:\/\/lukabar.me\/?p=15519"},"modified":"2024-08-19T13:38:41","modified_gmt":"2024-08-19T11:38:41","slug":"finalna-konferencija-enernetmob-projekta","status":"publish","type":"post","link":"https:\/\/lukabar.me\/en\/finalna-konferencija-enernetmob-projekta\/","title":{"rendered":"FINALNA KONFERENCIJA EnerNETMob PROJEKTA"},"content":{"rendered":"<div data-elementor-type=\"wp-post\" data-elementor-id=\"15519\" class=\"elementor elementor-15519\">\n\t\t\t\t<div class=\"elementor-element elementor-element-2acbffe e-flex e-con-boxed wpr-particle-no wpr-jarallax-no wpr-parallax-no wpr-sticky-section-no wpr-equal-height-no e-con e-parent\" data-id=\"2acbffe\" data-element_type=\"container\" data-e-type=\"container\">\n\t\t\t\t\t<div class=\"e-con-inner\">\n\t\t\t\t<div class=\"elementor-element elementor-element-4228cda de_scroll_animation_no exad-sticky-section-no exad-glass-effect-no elementor-widget elementor-widget-text-editor\" data-id=\"4228cda\" data-element_type=\"widget\" data-e-type=\"widget\" data-widget_type=\"text-editor.default\">\n\t\t\t\t<div class=\"elementor-widget-container\">\n\t\t\t\t\t\t\t\t\t<p><strong>EnerNETMob<\/strong> projekat je u svojoj zavr\u0161noj fazi. Projekat \u0107e zvani\u010dno biti zavr\u0161en 30.04.2022.g nakon 4 godine implementacije. U skladu sa tim, organizovan je dvodnevni zavr\u0161ni sastanak i konferencija u Marseju na kojem su u\u010destvovali predstavnici \u201eLuke Bar\u201c AD.<\/p><p>Prvi dan sastanka je organizovan na nivou partnerstva, ujedno i poslednji sastanak i iskori\u0161tena je prilika da se sumiraju sve aktivnosti koje su ostale da se implementiraju do kraja projekta kao i da svaki partner predstavi svoje ispunjene zadatke. Svi piloti su uglavnom ispunjeni i testiarani , a ovaj projekat je donio velike benefite u\u010desnicima prvenstveno u vidu nabavke punionica i informati\u010dkog povezivanja elektromobilnih mre\u017ea kao i uticaja na op\u0161te vi\u017eenje i promociju elektromobilnosti na lokalnom, nacionalnom i regionalnom nivou.\u00a0<\/p>\t\t\t\t\t\t\t\t<\/div>\n\t\t\t\t<\/div>\n\t\t\t\t<div class=\"elementor-element elementor-element-936a6bc de_scroll_animation_no exad-sticky-section-no exad-glass-effect-no elementor-widget elementor-widget-image\" data-id=\"936a6bc\" data-element_type=\"widget\" data-e-type=\"widget\" data-widget_type=\"image.default\">\n\t\t\t\t<div class=\"elementor-widget-container\">\n\t\t\t\t\t\t\t\t\t\t\t\t\t\t\t<img fetchpriority=\"high\" decoding=\"async\" width=\"1024\" height=\"472\" src=\"https:\/\/lukabar.me\/wp-content\/uploads\/2024\/08\/FINALNA-KONFERENCIJA-EnerNETMob-PROJEKTA-2.jpg\" class=\"attachment-large size-large wp-image-15522 wp-post-image\" alt=\"\" srcset=\"https:\/\/lukabar.me\/wp-content\/uploads\/2024\/08\/FINALNA-KONFERENCIJA-EnerNETMob-PROJEKTA-2.jpg 1024w, https:\/\/lukabar.me\/wp-content\/uploads\/2024\/08\/FINALNA-KONFERENCIJA-EnerNETMob-PROJEKTA-2-300x138.jpg 300w, https:\/\/lukabar.me\/wp-content\/uploads\/2024\/08\/FINALNA-KONFERENCIJA-EnerNETMob-PROJEKTA-2-768x354.jpg 768w\" sizes=\"(max-width: 1024px) 100vw, 1024px\" \/>\t\t\t\t\t\t\t\t\t\t\t\t\t\t\t<\/div>\n\t\t\t\t<\/div>\n\t\t\t\t<div class=\"elementor-element elementor-element-ed99457 de_scroll_animation_no exad-sticky-section-no exad-glass-effect-no elementor-widget elementor-widget-text-editor\" data-id=\"ed99457\" data-element_type=\"widget\" data-e-type=\"widget\" data-widget_type=\"text-editor.default\">\n\t\t\t\t<div class=\"elementor-widget-container\">\n\t\t\t\t\t\t\t\t\t<p>Drugi dan sastanka je organizovan u vidu konferencije na kojoj su , osim partnera , prisustvovali i\u00a0 drugi predstavnici elektri\u010dne mobilnosti na transnacionalnom nivou: kompanije, istra\u017eiva\u010dki centri i lokalne vlasti.<\/p><p>Projekat promovi\u0161e zajedni\u010dku mobilnost i intermodalnost kopno-more kori\u0161c\u0301enjem sistema elektri\u010dnog transporta, implementacijom me\u0111ugradskih i me\u0111uregionalnih pilot mre\u017ea elektri\u010dnih vozila. Razvija re\u0161enja za elektromobilnost i testira pilot akcije za prevazila\u017eenje ograni\u010denja srednjeg putovanja i za koordinaciju buduc\u0301ih investicija u elektri\u010dni transport.<\/p><p>Doga\u0111aj je bio prilika da se predstave dostignuc\u0301a projekta i razgovaraju o klju\u010dnim temama vezanim za elektromobilnost iz transnacionalnog opseg i biuo je strukturiran u 3 glavne sesije za 3 implementirane grupe pilota.<\/p><p>Prvi pilot se ti\u010de intermodalne povezanosti mora i drumskog saobra\u0107aja i ovaj pilot su sproveli partneri iz Albanije, Gr\u010dke (Tesalija), Hrvatske i \u00a0Crne Gore \u00a0u okviru kojeg je nabavljeno 9 punja\u010da i 5 e-vozila. Svaki partner je uspje\u0161no predstavio svoje pilote i objasnio uticaj pilota na pobolj\u0161anje elektromobilnosti u svom regionu.\u00a0<\/p>\t\t\t\t\t\t\t\t<\/div>\n\t\t\t\t<\/div>\n\t\t\t\t<div class=\"elementor-element elementor-element-d238d85 de_scroll_animation_no exad-sticky-section-no exad-glass-effect-no elementor-widget elementor-widget-image\" data-id=\"d238d85\" data-element_type=\"widget\" data-e-type=\"widget\" data-widget_type=\"image.default\">\n\t\t\t\t<div class=\"elementor-widget-container\">\n\t\t\t\t\t\t\t\t\t\t\t\t\t\t\t<img decoding=\"async\" width=\"960\" height=\"720\" src=\"https:\/\/lukabar.me\/wp-content\/uploads\/2024\/08\/FINALNA-KONFERENCIJA-EnerNETMob-PROJEKTA-3.jpg\" class=\"attachment-large size-large wp-image-15523 wp-post-image\" alt=\"\" srcset=\"https:\/\/lukabar.me\/wp-content\/uploads\/2024\/08\/FINALNA-KONFERENCIJA-EnerNETMob-PROJEKTA-3.jpg 960w, https:\/\/lukabar.me\/wp-content\/uploads\/2024\/08\/FINALNA-KONFERENCIJA-EnerNETMob-PROJEKTA-3-300x225.jpg 300w, https:\/\/lukabar.me\/wp-content\/uploads\/2024\/08\/FINALNA-KONFERENCIJA-EnerNETMob-PROJEKTA-3-768x576.jpg 768w\" sizes=\"(max-width: 960px) 100vw, 960px\" \/>\t\t\t\t\t\t\t\t\t\t\t\t\t\t\t<\/div>\n\t\t\t\t<\/div>\n\t\t\t\t<div class=\"elementor-element elementor-element-16bd051 de_scroll_animation_no exad-sticky-section-no exad-glass-effect-no elementor-widget elementor-widget-text-editor\" data-id=\"16bd051\" data-element_type=\"widget\" data-e-type=\"widget\" data-widget_type=\"text-editor.default\">\n\t\t\t\t<div class=\"elementor-widget-container\">\n\t\t\t\t\t\t\t\t\t<p><span lang=\"EN-US\">Za<\/span> <span lang=\"EN-US\">kraj<\/span> <span lang=\"EN-US\">je<\/span> <span lang=\"EN-US\">organizovan<\/span> <span lang=\"EN-US\">set<\/span> <span lang=\"EN-US\">pitanja<\/span> <span lang=\"EN-US\">za<\/span> <span lang=\"EN-US\">paneliste<\/span>. \u201c <span lang=\"EN-US\">Luka<\/span> <span lang=\"EN-US\">Bar<\/span>\u201d <span lang=\"EN-US\">AD<\/span> <span lang=\"EN-US\">je<\/span> <span lang=\"EN-US\">u<\/span> <span lang=\"EN-US\">okviru<\/span> <span lang=\"EN-US\">ovog<\/span> <span lang=\"EN-US\">pilota<\/span> <span lang=\"EN-US\">uspje<\/span>\u0161<span lang=\"EN-US\">no<\/span> <span lang=\"EN-US\">nabavila<\/span> <span lang=\"EN-US\">e<\/span>&#8211;<span lang=\"EN-US\">vozilo<\/span> <span lang=\"EN-US\">Nissan<\/span> <span lang=\"EN-US\">Leaf<\/span> 2019.<span lang=\"EN-US\">g<\/span> <span lang=\"EN-US\">i<\/span> <span lang=\"EN-US\">elektri<\/span>\u010d<span lang=\"EN-US\">nu<\/span> <span lang=\"EN-US\">punionicu<\/span> <span lang=\"EN-US\">EFAPOWER<\/span> <span lang=\"EN-US\">EV<\/span> <span lang=\"EN-US\">QC<\/span> 45.<\/p><p>Druga sesija je za fokus imala \u00a0Pilota 2 i u okviru kojeg su u\u010destvovali partneri iz Kipra, Slovenije, Gr\u010dke (Peleponez), Italije i \u0160panije u okviru kojeg je nabavljeno ukupno 15 punja\u010da i 5 e-vozila, 20 bicikala i 10 za hendikepirane.<\/p><p>Tre\u0107a sesija se ticala gradske logisti\u010dke usluge elektromobilnosti u okviru koje su svoje pilote realizovali partneri iz Portugala, Francuske, Malte i Italije a u okviru kojeg je nabavljeno 4 punja\u010da i 3 e-vozila, 3 e-cargo bicikla.<\/p><p>Na kraju je tako\u0111e predstavljena ICT platforma koja je razvijena u okviru EnerNETMob projekta kako bi upravljala i nadgledala infrastrukture za punjenje i EV usluge na regionalnom nivou (MED region) i kako bi me\u0111usobno povezala lokalne mre\u017ee u jednu transnacionalnu \u201eMe\u0111uregionalnu Mre\u017eu za elektromobilnost\u201d.<\/p><p>Vi\u0161e o projektu na <a href=\"https:\/\/enernetmob.interreg-med.eu\">https:\/\/enernetmob.interreg-med.eu<\/a>\/<\/p>\t\t\t\t\t\t\t\t<\/div>\n\t\t\t\t<\/div>\n\t\t\t\t<div class=\"elementor-element elementor-element-955de2f de_scroll_animation_no exad-sticky-section-no exad-glass-effect-no elementor-widget elementor-widget-image\" data-id=\"955de2f\" data-element_type=\"widget\" data-e-type=\"widget\" data-widget_type=\"image.default\">\n\t\t\t\t<div class=\"elementor-widget-container\">\n\t\t\t\t\t\t\t\t\t\t\t\t\t\t\t<img decoding=\"async\" width=\"1024\" height=\"768\" src=\"https:\/\/lukabar.me\/wp-content\/uploads\/2024\/08\/FINALNA-KONFERENCIJA-EnerNETMob-PROJEKTA-4.jpg\" class=\"attachment-large size-large wp-image-15524 wp-post-image\" alt=\"\" srcset=\"https:\/\/lukabar.me\/wp-content\/uploads\/2024\/08\/FINALNA-KONFERENCIJA-EnerNETMob-PROJEKTA-4.jpg 1024w, https:\/\/lukabar.me\/wp-content\/uploads\/2024\/08\/FINALNA-KONFERENCIJA-EnerNETMob-PROJEKTA-4-300x225.jpg 300w, https:\/\/lukabar.me\/wp-content\/uploads\/2024\/08\/FINALNA-KONFERENCIJA-EnerNETMob-PROJEKTA-4-768x576.jpg 768w\" sizes=\"(max-width: 1024px) 100vw, 1024px\" \/>\t\t\t\t\t\t\t\t\t\t\t\t\t\t\t<\/div>\n\t\t\t\t<\/div>\n\t\t\t\t<div class=\"elementor-element elementor-element-6f55ffb de_scroll_animation_no exad-sticky-section-no exad-glass-effect-no elementor-widget elementor-widget-image\" data-id=\"6f55ffb\" data-element_type=\"widget\" data-e-type=\"widget\" data-widget_type=\"image.default\">\n\t\t\t\t<div class=\"elementor-widget-container\">\n\t\t\t\t\t\t\t\t\t\t\t\t\t\t\t<img loading=\"lazy\" decoding=\"async\" width=\"1024\" height=\"444\" src=\"https:\/\/lukabar.me\/wp-content\/uploads\/2024\/08\/FINALNA-KONFERENCIJA-EnerNETMob-PROJEKTA-5.jpg\" class=\"attachment-large size-large wp-image-15525 wp-post-image\" alt=\"\" srcset=\"https:\/\/lukabar.me\/wp-content\/uploads\/2024\/08\/FINALNA-KONFERENCIJA-EnerNETMob-PROJEKTA-5.jpg 1024w, https:\/\/lukabar.me\/wp-content\/uploads\/2024\/08\/FINALNA-KONFERENCIJA-EnerNETMob-PROJEKTA-5-300x130.jpg 300w, https:\/\/lukabar.me\/wp-content\/uploads\/2024\/08\/FINALNA-KONFERENCIJA-EnerNETMob-PROJEKTA-5-768x333.jpg 768w\" sizes=\"(max-width: 1024px) 100vw, 1024px\" \/>\t\t\t\t\t\t\t\t\t\t\t\t\t\t\t<\/div>\n\t\t\t\t<\/div>\n\t\t\t\t\t<\/div>\n\t\t\t\t<\/div>\n\t\t\t\t<\/div>","protected":false},"excerpt":{"rendered":"<p>EnerNETMob projekat je u svojoj zavr\u0161noj fazi. Projekat \u0107e zvani\u010dno biti zavr\u0161en 30.04.2022.g nakon 4 godine implementacije. U skladu sa tim, organizovan je dvodnevni zavr\u0161ni sastanak i konferencija u Marseju na kojem su u\u010destvovali predstavnici \u201eLuke Bar\u201c AD. Prvi dan sastanka je organizovan na nivou partnerstva, ujedno i poslednji sastanak i iskori\u0161tena je prilika da se sumiraju sve aktivnosti koje su ostale da se implementiraju do kraja projekta kao i da svaki partner predstavi svoje ispunjene zadatke. Svi piloti su uglavnom ispunjeni i testiarani , a ovaj projekat je donio velike benefite u\u010desnicima prvenstveno u vidu nabavke punionica i informati\u010dkog povezivanja elektromobilnih mre\u017ea kao i uticaja na op\u0161te vi\u017eenje i promociju elektromobilnosti na lokalnom, nacionalnom i regionalnom nivou.\u00a0 Drugi dan sastanka je organizovan u vidu konferencije na kojoj su , osim partnera , prisustvovali i\u00a0 drugi predstavnici elektri\u010dne mobilnosti na transnacionalnom nivou: kompanije, istra\u017eiva\u010dki centri i lokalne vlasti. Projekat promovi\u0161e zajedni\u010dku mobilnost i intermodalnost kopno-more kori\u0161c\u0301enjem sistema elektri\u010dnog transporta, implementacijom me\u0111ugradskih i me\u0111uregionalnih pilot mre\u017ea elektri\u010dnih vozila. Razvija re\u0161enja za elektromobilnost i testira pilot akcije za prevazila\u017eenje ograni\u010denja srednjeg putovanja i za koordinaciju buduc\u0301ih investicija u elektri\u010dni transport. Doga\u0111aj je bio prilika da se predstave dostignuc\u0301a projekta i razgovaraju o klju\u010dnim temama vezanim za elektromobilnost iz transnacionalnog opseg i biuo je strukturiran u 3 glavne sesije za 3 implementirane grupe pilota. Prvi pilot se ti\u010de intermodalne povezanosti mora i drumskog saobra\u0107aja i ovaj pilot su sproveli partneri iz Albanije, Gr\u010dke (Tesalija), Hrvatske i \u00a0Crne Gore \u00a0u okviru kojeg je nabavljeno 9 punja\u010da i 5 e-vozila. Svaki partner je uspje\u0161no predstavio svoje pilote i objasnio uticaj pilota na pobolj\u0161anje elektromobilnosti u svom regionu.\u00a0 Za kraj je organizovan set pitanja za paneliste. \u201c Luka Bar\u201d AD je u okviru ovog pilota uspje\u0161no nabavila e-vozilo Nissan Leaf 2019.g i elektri\u010dnu punionicu EFAPOWER EV QC 45. Druga sesija je za fokus imala \u00a0Pilota 2 i u okviru kojeg su u\u010destvovali partneri iz Kipra, Slovenije, Gr\u010dke (Peleponez), Italije i \u0160panije u okviru kojeg je nabavljeno ukupno 15 punja\u010da i 5 e-vozila, 20 bicikala i 10 za hendikepirane. Tre\u0107a sesija se ticala gradske logisti\u010dke usluge elektromobilnosti u okviru koje su svoje pilote realizovali partneri iz Portugala, Francuske, Malte i Italije a u okviru kojeg je nabavljeno 4 punja\u010da i 3 e-vozila, 3 e-cargo bicikla. Na kraju je tako\u0111e predstavljena ICT platforma koja je razvijena u okviru EnerNETMob projekta kako bi upravljala i nadgledala infrastrukture za punjenje i EV usluge na regionalnom nivou (MED region) i kako bi me\u0111usobno povezala lokalne mre\u017ee u jednu transnacionalnu \u201eMe\u0111uregionalnu Mre\u017eu za elektromobilnost\u201d. Vi\u0161e o projektu na https:\/\/enernetmob.interreg-med.eu\/<\/p>","protected":false},"author":1,"featured_media":15521,"comment_status":"open","ping_status":"open","sticky":false,"template":"","format":"standard","meta":{"footnotes":""},"categories":[17],"tags":[],"class_list":["post-15519","post","type-post","status-publish","format-standard","has-post-thumbnail","hentry","category-novosti"],"blocksy_meta":[],"yoast_head":"<!-- This site is optimized with the Yoast SEO plugin v27.5 - https:\/\/yoast.com\/product\/yoast-seo-wordpress\/ -->\n<title>FINALNA KONFERENCIJA EnerNETMob PROJEKTA<\/title>\n<meta name=\"description\" content=\"EnerNETMob projekat je u svojoj zavr\u0161noj fazi. Projekat \u0107e zvani\u010dno biti zavr\u0161en 30.04.2022.g nakon 4 godine implementacije. U skladu sa tim, organizovan\" \/>\n<meta name=\"robots\" content=\"index, follow, max-snippet:-1, max-image-preview:large, max-video-preview:-1\" \/>\n<link rel=\"canonical\" href=\"https:\/\/lukabar.me\/en\/finalna-konferencija-enernetmob-projekta\/\" \/>\n<meta property=\"og:locale\" content=\"en_US\" \/>\n<meta property=\"og:type\" content=\"article\" \/>\n<meta property=\"og:title\" content=\"FINALNA KONFERENCIJA EnerNETMob PROJEKTA\" \/>\n<meta property=\"og:description\" content=\"EnerNETMob projekat je u svojoj zavr\u0161noj fazi. Projekat \u0107e zvani\u010dno biti zavr\u0161en 30.04.2022.g nakon 4 godine implementacije. U skladu sa tim, organizovan\" \/>\n<meta property=\"og:url\" content=\"https:\/\/lukabar.me\/en\/finalna-konferencija-enernetmob-projekta\/\" \/>\n<meta property=\"og:site_name\" content=\"Luka Bar | Port of Bar - Connecting Montenegro to Global Trade\" \/>\n<meta property=\"article:publisher\" content=\"https:\/\/www.facebook.com\/portofbar\" \/>\n<meta property=\"article:published_time\" content=\"2022-04-12T11:32:00+00:00\" \/>\n<meta property=\"article:modified_time\" content=\"2024-08-19T11:38:41+00:00\" \/>\n<meta property=\"og:image\" content=\"https:\/\/lukabar.me\/wp-content\/uploads\/2024\/08\/FINALNA-KONFERENCIJA-EnerNETMob-PROJEKTA-1.jpg\" \/>\n\t<meta property=\"og:image:width\" content=\"960\" \/>\n\t<meta property=\"og:image:height\" content=\"540\" \/>\n\t<meta property=\"og:image:type\" content=\"image\/jpeg\" \/>\n<meta name=\"author\" content=\"qyqzntmy\" \/>\n<meta name=\"twitter:card\" content=\"summary_large_image\" \/>\n<meta name=\"twitter:creator\" content=\"@portofbar\" \/>\n<meta name=\"twitter:site\" content=\"@portofbar\" \/>\n<meta name=\"twitter:label1\" content=\"Written by\" \/>\n\t<meta name=\"twitter:data1\" content=\"qyqzntmy\" \/>\n\t<meta name=\"twitter:label2\" content=\"Est. reading time\" \/>\n\t<meta name=\"twitter:data2\" content=\"2 minutes\" \/>\n<script type=\"application\/ld+json\" class=\"yoast-schema-graph\">{\"@context\":\"https:\\\/\\\/schema.org\",\"@graph\":[{\"@type\":\"Article\",\"@id\":\"https:\\\/\\\/lukabar.me\\\/finalna-konferencija-enernetmob-projekta\\\/#article\",\"isPartOf\":{\"@id\":\"https:\\\/\\\/lukabar.me\\\/finalna-konferencija-enernetmob-projekta\\\/\"},\"author\":{\"name\":\"qyqzntmy\",\"@id\":\"https:\\\/\\\/lukabar.me\\\/#\\\/schema\\\/person\\\/84ccd15ea8529df078a6db7f01d0cf50\"},\"headline\":\"FINALNA KONFERENCIJA EnerNETMob PROJEKTA\",\"datePublished\":\"2022-04-12T11:32:00+00:00\",\"dateModified\":\"2024-08-19T11:38:41+00:00\",\"mainEntityOfPage\":{\"@id\":\"https:\\\/\\\/lukabar.me\\\/finalna-konferencija-enernetmob-projekta\\\/\"},\"wordCount\":467,\"commentCount\":0,\"publisher\":{\"@id\":\"https:\\\/\\\/lukabar.me\\\/#organization\"},\"image\":{\"@id\":\"https:\\\/\\\/lukabar.me\\\/finalna-konferencija-enernetmob-projekta\\\/#primaryimage\"},\"thumbnailUrl\":\"https:\\\/\\\/lukabar.me\\\/wp-content\\\/uploads\\\/2024\\\/08\\\/FINALNA-KONFERENCIJA-EnerNETMob-PROJEKTA-1.jpg\",\"articleSection\":[\"Novosti\"],\"inLanguage\":\"en-US\",\"potentialAction\":[{\"@type\":\"CommentAction\",\"name\":\"Comment\",\"target\":[\"https:\\\/\\\/lukabar.me\\\/finalna-konferencija-enernetmob-projekta\\\/#respond\"]}]},{\"@type\":\"WebPage\",\"@id\":\"https:\\\/\\\/lukabar.me\\\/finalna-konferencija-enernetmob-projekta\\\/\",\"url\":\"https:\\\/\\\/lukabar.me\\\/finalna-konferencija-enernetmob-projekta\\\/\",\"name\":\"FINALNA KONFERENCIJA EnerNETMob PROJEKTA\",\"isPartOf\":{\"@id\":\"https:\\\/\\\/lukabar.me\\\/#website\"},\"primaryImageOfPage\":{\"@id\":\"https:\\\/\\\/lukabar.me\\\/finalna-konferencija-enernetmob-projekta\\\/#primaryimage\"},\"image\":{\"@id\":\"https:\\\/\\\/lukabar.me\\\/finalna-konferencija-enernetmob-projekta\\\/#primaryimage\"},\"thumbnailUrl\":\"https:\\\/\\\/lukabar.me\\\/wp-content\\\/uploads\\\/2024\\\/08\\\/FINALNA-KONFERENCIJA-EnerNETMob-PROJEKTA-1.jpg\",\"datePublished\":\"2022-04-12T11:32:00+00:00\",\"dateModified\":\"2024-08-19T11:38:41+00:00\",\"description\":\"EnerNETMob projekat je u svojoj zavr\u0161noj fazi. Projekat \u0107e zvani\u010dno biti zavr\u0161en 30.04.2022.g nakon 4 godine implementacije. U skladu sa tim, organizovan\",\"breadcrumb\":{\"@id\":\"https:\\\/\\\/lukabar.me\\\/finalna-konferencija-enernetmob-projekta\\\/#breadcrumb\"},\"inLanguage\":\"en-US\",\"potentialAction\":[{\"@type\":\"ReadAction\",\"target\":[\"https:\\\/\\\/lukabar.me\\\/finalna-konferencija-enernetmob-projekta\\\/\"]}]},{\"@type\":\"ImageObject\",\"inLanguage\":\"en-US\",\"@id\":\"https:\\\/\\\/lukabar.me\\\/finalna-konferencija-enernetmob-projekta\\\/#primaryimage\",\"url\":\"https:\\\/\\\/lukabar.me\\\/wp-content\\\/uploads\\\/2024\\\/08\\\/FINALNA-KONFERENCIJA-EnerNETMob-PROJEKTA-1.jpg\",\"contentUrl\":\"https:\\\/\\\/lukabar.me\\\/wp-content\\\/uploads\\\/2024\\\/08\\\/FINALNA-KONFERENCIJA-EnerNETMob-PROJEKTA-1.jpg\",\"width\":960,\"height\":540},{\"@type\":\"BreadcrumbList\",\"@id\":\"https:\\\/\\\/lukabar.me\\\/finalna-konferencija-enernetmob-projekta\\\/#breadcrumb\",\"itemListElement\":[{\"@type\":\"ListItem\",\"position\":1,\"name\":\"Home\",\"item\":\"https:\\\/\\\/lukabar.me\\\/\"},{\"@type\":\"ListItem\",\"position\":2,\"name\":\"FINALNA KONFERENCIJA EnerNETMob PROJEKTA\"}]},{\"@type\":\"WebSite\",\"@id\":\"https:\\\/\\\/lukabar.me\\\/#website\",\"url\":\"https:\\\/\\\/lukabar.me\\\/\",\"name\":\"Luka Bar | Port of Bar - Connecting Montenegro to Global Trade\",\"description\":\"Svijet na Dohvat Luke | World Within Port&#039;s Reach\",\"publisher\":{\"@id\":\"https:\\\/\\\/lukabar.me\\\/#organization\"},\"alternateName\":\"Luka Bar | Port of Bar\",\"potentialAction\":[{\"@type\":\"SearchAction\",\"target\":{\"@type\":\"EntryPoint\",\"urlTemplate\":\"https:\\\/\\\/lukabar.me\\\/?s={search_term_string}\"},\"query-input\":{\"@type\":\"PropertyValueSpecification\",\"valueRequired\":true,\"valueName\":\"search_term_string\"}}],\"inLanguage\":\"en-US\"},{\"@type\":\"Organization\",\"@id\":\"https:\\\/\\\/lukabar.me\\\/#organization\",\"name\":\"Luka Bar | Port of Bar - Connecting Montenegro to Global Trade\",\"alternateName\":\"Luka Bar | Port of Bar\",\"url\":\"https:\\\/\\\/lukabar.me\\\/\",\"logo\":{\"@type\":\"ImageObject\",\"inLanguage\":\"en-US\",\"@id\":\"https:\\\/\\\/lukabar.me\\\/#\\\/schema\\\/logo\\\/image\\\/\",\"url\":\"https:\\\/\\\/lukabar.me\\\/wp-content\\\/uploads\\\/2025\\\/01\\\/lukabar-logo-seo-01-scaled.jpg\",\"contentUrl\":\"https:\\\/\\\/lukabar.me\\\/wp-content\\\/uploads\\\/2025\\\/01\\\/lukabar-logo-seo-01-scaled.jpg\",\"width\":2560,\"height\":2560,\"caption\":\"Luka Bar | Port of Bar - Connecting Montenegro to Global Trade\"},\"image\":{\"@id\":\"https:\\\/\\\/lukabar.me\\\/#\\\/schema\\\/logo\\\/image\\\/\"},\"sameAs\":[\"https:\\\/\\\/www.facebook.com\\\/portofbar\",\"https:\\\/\\\/x.com\\\/portofbar\",\"https:\\\/\\\/instagram.com\\\/portofbar\",\"https:\\\/\\\/www.linkedin.com\\\/company\\\/port-of-bar\",\"https:\\\/\\\/www.youtube.com\\\/@portofbarmontenegro\"]},{\"@type\":\"Person\",\"@id\":\"https:\\\/\\\/lukabar.me\\\/#\\\/schema\\\/person\\\/84ccd15ea8529df078a6db7f01d0cf50\",\"name\":\"qyqzntmy\",\"image\":{\"@type\":\"ImageObject\",\"inLanguage\":\"en-US\",\"@id\":\"https:\\\/\\\/secure.gravatar.com\\\/avatar\\\/34512178c8047217f2f61ffdd71737957c3b33f2936e498c6153ae6dab2989ba?s=96&d=mm&r=g\",\"url\":\"https:\\\/\\\/secure.gravatar.com\\\/avatar\\\/34512178c8047217f2f61ffdd71737957c3b33f2936e498c6153ae6dab2989ba?s=96&d=mm&r=g\",\"contentUrl\":\"https:\\\/\\\/secure.gravatar.com\\\/avatar\\\/34512178c8047217f2f61ffdd71737957c3b33f2936e498c6153ae6dab2989ba?s=96&d=mm&r=g\",\"caption\":\"qyqzntmy\"},\"sameAs\":[\"https:\\\/\\\/lukabar.me\"],\"url\":\"https:\\\/\\\/lukabar.me\\\/en\\\/author\\\/qyqzntmy\\\/\"}]}<\/script>\n<!-- \/ Yoast SEO plugin. -->","yoast_head_json":{"title":"FINALNA KONFERENCIJA EnerNETMob PROJEKTA","description":"EnerNETMob projekat je u svojoj zavr\u0161noj fazi. Projekat \u0107e zvani\u010dno biti zavr\u0161en 30.04.2022.g nakon 4 godine implementacije. U skladu sa tim, organizovan","robots":{"index":"index","follow":"follow","max-snippet":"max-snippet:-1","max-image-preview":"max-image-preview:large","max-video-preview":"max-video-preview:-1"},"canonical":"https:\/\/lukabar.me\/en\/finalna-konferencija-enernetmob-projekta\/","og_locale":"en_US","og_type":"article","og_title":"FINALNA KONFERENCIJA EnerNETMob PROJEKTA","og_description":"EnerNETMob projekat je u svojoj zavr\u0161noj fazi. Projekat \u0107e zvani\u010dno biti zavr\u0161en 30.04.2022.g nakon 4 godine implementacije. U skladu sa tim, organizovan","og_url":"https:\/\/lukabar.me\/en\/finalna-konferencija-enernetmob-projekta\/","og_site_name":"Luka Bar | Port of Bar - Connecting Montenegro to Global Trade","article_publisher":"https:\/\/www.facebook.com\/portofbar","article_published_time":"2022-04-12T11:32:00+00:00","article_modified_time":"2024-08-19T11:38:41+00:00","og_image":[{"width":960,"height":540,"url":"https:\/\/lukabar.me\/wp-content\/uploads\/2024\/08\/FINALNA-KONFERENCIJA-EnerNETMob-PROJEKTA-1.jpg","type":"image\/jpeg"}],"author":"qyqzntmy","twitter_card":"summary_large_image","twitter_creator":"@portofbar","twitter_site":"@portofbar","twitter_misc":{"Written by":"qyqzntmy","Est. reading time":"2 minutes"},"schema":{"@context":"https:\/\/schema.org","@graph":[{"@type":"Article","@id":"https:\/\/lukabar.me\/finalna-konferencija-enernetmob-projekta\/#article","isPartOf":{"@id":"https:\/\/lukabar.me\/finalna-konferencija-enernetmob-projekta\/"},"author":{"name":"qyqzntmy","@id":"https:\/\/lukabar.me\/#\/schema\/person\/84ccd15ea8529df078a6db7f01d0cf50"},"headline":"FINALNA KONFERENCIJA EnerNETMob PROJEKTA","datePublished":"2022-04-12T11:32:00+00:00","dateModified":"2024-08-19T11:38:41+00:00","mainEntityOfPage":{"@id":"https:\/\/lukabar.me\/finalna-konferencija-enernetmob-projekta\/"},"wordCount":467,"commentCount":0,"publisher":{"@id":"https:\/\/lukabar.me\/#organization"},"image":{"@id":"https:\/\/lukabar.me\/finalna-konferencija-enernetmob-projekta\/#primaryimage"},"thumbnailUrl":"https:\/\/lukabar.me\/wp-content\/uploads\/2024\/08\/FINALNA-KONFERENCIJA-EnerNETMob-PROJEKTA-1.jpg","articleSection":["Novosti"],"inLanguage":"en-US","potentialAction":[{"@type":"CommentAction","name":"Comment","target":["https:\/\/lukabar.me\/finalna-konferencija-enernetmob-projekta\/#respond"]}]},{"@type":"WebPage","@id":"https:\/\/lukabar.me\/finalna-konferencija-enernetmob-projekta\/","url":"https:\/\/lukabar.me\/finalna-konferencija-enernetmob-projekta\/","name":"FINALNA KONFERENCIJA EnerNETMob PROJEKTA","isPartOf":{"@id":"https:\/\/lukabar.me\/#website"},"primaryImageOfPage":{"@id":"https:\/\/lukabar.me\/finalna-konferencija-enernetmob-projekta\/#primaryimage"},"image":{"@id":"https:\/\/lukabar.me\/finalna-konferencija-enernetmob-projekta\/#primaryimage"},"thumbnailUrl":"https:\/\/lukabar.me\/wp-content\/uploads\/2024\/08\/FINALNA-KONFERENCIJA-EnerNETMob-PROJEKTA-1.jpg","datePublished":"2022-04-12T11:32:00+00:00","dateModified":"2024-08-19T11:38:41+00:00","description":"EnerNETMob projekat je u svojoj zavr\u0161noj fazi. Projekat \u0107e zvani\u010dno biti zavr\u0161en 30.04.2022.g nakon 4 godine implementacije. U skladu sa tim, organizovan","breadcrumb":{"@id":"https:\/\/lukabar.me\/finalna-konferencija-enernetmob-projekta\/#breadcrumb"},"inLanguage":"en-US","potentialAction":[{"@type":"ReadAction","target":["https:\/\/lukabar.me\/finalna-konferencija-enernetmob-projekta\/"]}]},{"@type":"ImageObject","inLanguage":"en-US","@id":"https:\/\/lukabar.me\/finalna-konferencija-enernetmob-projekta\/#primaryimage","url":"https:\/\/lukabar.me\/wp-content\/uploads\/2024\/08\/FINALNA-KONFERENCIJA-EnerNETMob-PROJEKTA-1.jpg","contentUrl":"https:\/\/lukabar.me\/wp-content\/uploads\/2024\/08\/FINALNA-KONFERENCIJA-EnerNETMob-PROJEKTA-1.jpg","width":960,"height":540},{"@type":"BreadcrumbList","@id":"https:\/\/lukabar.me\/finalna-konferencija-enernetmob-projekta\/#breadcrumb","itemListElement":[{"@type":"ListItem","position":1,"name":"Home","item":"https:\/\/lukabar.me\/"},{"@type":"ListItem","position":2,"name":"FINALNA KONFERENCIJA EnerNETMob PROJEKTA"}]},{"@type":"WebSite","@id":"https:\/\/lukabar.me\/#website","url":"https:\/\/lukabar.me\/","name":"Port of Bar | Port of Bar - Connecting Montenegro to Global Trade","description":"World at the Reach of Luke | World Within Port&#039;s Reach","publisher":{"@id":"https:\/\/lukabar.me\/#organization"},"alternateName":"Luka Bar | Port of Bar","potentialAction":[{"@type":"SearchAction","target":{"@type":"EntryPoint","urlTemplate":"https:\/\/lukabar.me\/?s={search_term_string}"},"query-input":{"@type":"PropertyValueSpecification","valueRequired":true,"valueName":"search_term_string"}}],"inLanguage":"en-US"},{"@type":"Organization","@id":"https:\/\/lukabar.me\/#organization","name":"Port of Bar | Port of Bar - Connecting Montenegro to Global Trade","alternateName":"Luka Bar | Port of Bar","url":"https:\/\/lukabar.me\/","logo":{"@type":"ImageObject","inLanguage":"en-US","@id":"https:\/\/lukabar.me\/#\/schema\/logo\/image\/","url":"https:\/\/lukabar.me\/wp-content\/uploads\/2025\/01\/lukabar-logo-seo-01-scaled.jpg","contentUrl":"https:\/\/lukabar.me\/wp-content\/uploads\/2025\/01\/lukabar-logo-seo-01-scaled.jpg","width":2560,"height":2560,"caption":"Luka Bar | Port of Bar - Connecting Montenegro to Global Trade"},"image":{"@id":"https:\/\/lukabar.me\/#\/schema\/logo\/image\/"},"sameAs":["https:\/\/www.facebook.com\/portofbar","https:\/\/x.com\/portofbar","https:\/\/instagram.com\/portofbar","https:\/\/www.linkedin.com\/company\/port-of-bar","https:\/\/www.youtube.com\/@portofbarmontenegro"]},{"@type":"Person","@id":"https:\/\/lukabar.me\/#\/schema\/person\/84ccd15ea8529df078a6db7f01d0cf50","name":"qyqzntmy","image":{"@type":"ImageObject","inLanguage":"en-US","@id":"https:\/\/secure.gravatar.com\/avatar\/34512178c8047217f2f61ffdd71737957c3b33f2936e498c6153ae6dab2989ba?s=96&d=mm&r=g","url":"https:\/\/secure.gravatar.com\/avatar\/34512178c8047217f2f61ffdd71737957c3b33f2936e498c6153ae6dab2989ba?s=96&d=mm&r=g","contentUrl":"https:\/\/secure.gravatar.com\/avatar\/34512178c8047217f2f61ffdd71737957c3b33f2936e498c6153ae6dab2989ba?s=96&d=mm&r=g","caption":"qyqzntmy"},"sameAs":["https:\/\/lukabar.me"],"url":"https:\/\/lukabar.me\/en\/author\/qyqzntmy\/"}]}},"_links":{"self":[{"href":"https:\/\/lukabar.me\/en\/wp-json\/wp\/v2\/posts\/15519","targetHints":{"allow":["GET"]}}],"collection":[{"href":"https:\/\/lukabar.me\/en\/wp-json\/wp\/v2\/posts"}],"about":[{"href":"https:\/\/lukabar.me\/en\/wp-json\/wp\/v2\/types\/post"}],"author":[{"embeddable":true,"href":"https:\/\/lukabar.me\/en\/wp-json\/wp\/v2\/users\/1"}],"replies":[{"embeddable":true,"href":"https:\/\/lukabar.me\/en\/wp-json\/wp\/v2\/comments?post=15519"}],"version-history":[{"count":4,"href":"https:\/\/lukabar.me\/en\/wp-json\/wp\/v2\/posts\/15519\/revisions"}],"predecessor-version":[{"id":15529,"href":"https:\/\/lukabar.me\/en\/wp-json\/wp\/v2\/posts\/15519\/revisions\/15529"}],"wp:featuredmedia":[{"embeddable":true,"href":"https:\/\/lukabar.me\/en\/wp-json\/wp\/v2\/media\/15521"}],"wp:attachment":[{"href":"https:\/\/lukabar.me\/en\/wp-json\/wp\/v2\/media?parent=15519"}],"wp:term":[{"taxonomy":"category","embeddable":true,"href":"https:\/\/lukabar.me\/en\/wp-json\/wp\/v2\/categories?post=15519"},{"taxonomy":"post_tag","embeddable":true,"href":"https:\/\/lukabar.me\/en\/wp-json\/wp\/v2\/tags?post=15519"}],"curies":[{"name":"wp","href":"https:\/\/api.w.org\/{rel}","templated":true}]}}