{"id":15554,"date":"2022-06-17T13:49:00","date_gmt":"2022-06-17T11:49:00","guid":{"rendered":"https:\/\/lukabar.me\/?p=15554"},"modified":"2024-08-19T13:52:44","modified_gmt":"2024-08-19T11:52:44","slug":"izabran-novi-bord-direktora-luka-bar-ad","status":"publish","type":"post","link":"https:\/\/lukabar.me\/en\/izabran-novi-bord-direktora-luka-bar-ad\/","title":{"rendered":"Izabran novi Bord direktora \u201cLuka Bar\u201d AD"},"content":{"rendered":"<div data-elementor-type=\"wp-post\" data-elementor-id=\"15554\" class=\"elementor elementor-15554\">\n\t\t\t\t<div class=\"elementor-element elementor-element-95e563d e-flex e-con-boxed wpr-particle-no wpr-jarallax-no wpr-parallax-no wpr-sticky-section-no wpr-equal-height-no e-con e-parent\" data-id=\"95e563d\" data-element_type=\"container\" data-e-type=\"container\">\n\t\t\t\t\t<div class=\"e-con-inner\">\n\t\t\t\t<div class=\"elementor-element elementor-element-6d59695 de_scroll_animation_no exad-sticky-section-no exad-glass-effect-no elementor-widget elementor-widget-text-editor\" data-id=\"6d59695\" data-element_type=\"widget\" data-e-type=\"widget\" data-widget_type=\"text-editor.default\">\n\t\t\t\t<div class=\"elementor-widget-container\">\n\t\t\t\t\t\t\t\t\t<p>U AD Luka Bar danas je odr\u017eana Skup\u0161tina akcionara na kojoj je izabran novi Odbor direktora preduze\u0107a, a koja je ina\u010de bila odlo\u017eena 20. maja.<\/p><p>Novi predstavnici dr\u017eavnog kapitala u najve\u0107em lu\u010dkom preduze\u0107u u ve\u0107inskim vlasni\u0161tvu dr\u017eave su Darko Peki\u0107, menad\u017eer iz Bara (GP URA), ekonomista iz Bara Marko Ni\u0161avi\u0107 (DPS), pravnik Ned\u017eib Ibri\u0161imovi\u0107 (BS) iz Bara i ekonomista Vladimir Dragovi\u0107 (SNP).<\/p><p>Predstavnik manjinskih akcionara u lu\u010dkom Bordu bi\u0107e Vladan Vu\u010deli\u0107, biv\u0161i izvr\u0161ni direktor ovog akcionarskog dru\u0161tva.<\/p><p>U dosada\u0161njem sastavu, koji je danas razrije\u0161en, bili su Sla\u0111ana Peri\u0161i\u0107 (DF) predsjednica Odbora direktora, Savo Vujo\u0161evi\u0107 (DEMOS), zamjenik predsjednice Odbora direktora i \u010dlanovi Milorad Krgovi\u0107, Aleksandar Leki\u0107 (PZP) i dr Milivoje Radovi\u0107 koji je ranije podnio ostavku.<\/p><p>Izvor: Feral-Bar<\/p>\t\t\t\t\t\t\t\t<\/div>\n\t\t\t\t<\/div>\n\t\t\t\t\t<\/div>\n\t\t\t\t<\/div>\n\t\t\t\t<\/div>","protected":false},"excerpt":{"rendered":"<p>U AD Luka Bar danas je odr\u017eana Skup\u0161tina akcionara na kojoj je izabran novi Odbor direktora preduze\u0107a, a koja je ina\u010de bila odlo\u017eena 20. maja. Novi predstavnici dr\u017eavnog kapitala u najve\u0107em lu\u010dkom preduze\u0107u u ve\u0107inskim vlasni\u0161tvu dr\u017eave su Darko Peki\u0107, menad\u017eer iz Bara (GP URA), ekonomista iz Bara Marko Ni\u0161avi\u0107 (DPS), pravnik Ned\u017eib Ibri\u0161imovi\u0107 (BS) iz Bara i ekonomista Vladimir Dragovi\u0107 (SNP). Predstavnik manjinskih akcionara u lu\u010dkom Bordu bi\u0107e Vladan Vu\u010deli\u0107, biv\u0161i izvr\u0161ni direktor ovog akcionarskog dru\u0161tva. U dosada\u0161njem sastavu, koji je danas razrije\u0161en, bili su Sla\u0111ana Peri\u0161i\u0107 (DF) predsjednica Odbora direktora, Savo Vujo\u0161evi\u0107 (DEMOS), zamjenik predsjednice Odbora direktora i \u010dlanovi Milorad Krgovi\u0107, Aleksandar Leki\u0107 (PZP) i dr Milivoje Radovi\u0107 koji je ranije podnio ostavku. Izvor: Feral-Bar<\/p>","protected":false},"author":1,"featured_media":15556,"comment_status":"open","ping_status":"open","sticky":false,"template":"","format":"standard","meta":{"footnotes":""},"categories":[17],"tags":[],"class_list":["post-15554","post","type-post","status-publish","format-standard","has-post-thumbnail","hentry","category-novosti"],"blocksy_meta":[],"yoast_head":"<!-- This site is optimized with the Yoast SEO plugin v27.5 - https:\/\/yoast.com\/product\/yoast-seo-wordpress\/ -->\n<title>Izabran novi Bord direktora \u201cLuka Bar\u201d AD<\/title>\n<meta name=\"description\" content=\"U AD Luka Bar danas je odr\u017eana Skup\u0161tina akcionara na kojoj je izabran novi Odbor direktora preduze\u0107a, a koja je ina\u010de bila odlo\u017eena 20. maja.Novi\" \/>\n<meta name=\"robots\" content=\"index, follow, max-snippet:-1, max-image-preview:large, max-video-preview:-1\" \/>\n<link rel=\"canonical\" href=\"https:\/\/lukabar.me\/en\/izabran-novi-bord-direktora-luka-bar-ad\/\" \/>\n<meta property=\"og:locale\" content=\"en_US\" \/>\n<meta property=\"og:type\" content=\"article\" \/>\n<meta property=\"og:title\" content=\"Izabran novi Bord direktora \u201cLuka Bar\u201d AD\" \/>\n<meta property=\"og:description\" content=\"U AD Luka Bar danas je odr\u017eana Skup\u0161tina akcionara na kojoj je izabran novi Odbor direktora preduze\u0107a, a koja je ina\u010de bila odlo\u017eena 20. maja.Novi\" \/>\n<meta property=\"og:url\" content=\"https:\/\/lukabar.me\/en\/izabran-novi-bord-direktora-luka-bar-ad\/\" \/>\n<meta property=\"og:site_name\" content=\"Luka Bar | Port of Bar - Connecting Montenegro to Global Trade\" \/>\n<meta property=\"article:publisher\" content=\"https:\/\/www.facebook.com\/portofbar\" \/>\n<meta property=\"article:published_time\" content=\"2022-06-17T11:49:00+00:00\" \/>\n<meta property=\"article:modified_time\" content=\"2024-08-19T11:52:44+00:00\" \/>\n<meta property=\"og:image\" content=\"https:\/\/lukabar.me\/wp-content\/uploads\/2024\/08\/7-scaled.jpg\" \/>\n\t<meta property=\"og:image:width\" content=\"2560\" \/>\n\t<meta property=\"og:image:height\" content=\"1532\" \/>\n\t<meta property=\"og:image:type\" content=\"image\/jpeg\" \/>\n<meta name=\"author\" content=\"qyqzntmy\" \/>\n<meta name=\"twitter:card\" content=\"summary_large_image\" \/>\n<meta name=\"twitter:creator\" content=\"@portofbar\" \/>\n<meta name=\"twitter:site\" content=\"@portofbar\" \/>\n<meta name=\"twitter:label1\" content=\"Written by\" \/>\n\t<meta name=\"twitter:data1\" content=\"qyqzntmy\" \/>\n\t<meta name=\"twitter:label2\" content=\"Est. reading time\" \/>\n\t<meta name=\"twitter:data2\" content=\"1 minute\" \/>\n<script type=\"application\/ld+json\" class=\"yoast-schema-graph\">{\"@context\":\"https:\\\/\\\/schema.org\",\"@graph\":[{\"@type\":\"Article\",\"@id\":\"https:\\\/\\\/lukabar.me\\\/izabran-novi-bord-direktora-luka-bar-ad\\\/#article\",\"isPartOf\":{\"@id\":\"https:\\\/\\\/lukabar.me\\\/izabran-novi-bord-direktora-luka-bar-ad\\\/\"},\"author\":{\"name\":\"qyqzntmy\",\"@id\":\"https:\\\/\\\/lukabar.me\\\/#\\\/schema\\\/person\\\/84ccd15ea8529df078a6db7f01d0cf50\"},\"headline\":\"Izabran novi Bord direktora \u201cLuka Bar\u201d AD\",\"datePublished\":\"2022-06-17T11:49:00+00:00\",\"dateModified\":\"2024-08-19T11:52:44+00:00\",\"mainEntityOfPage\":{\"@id\":\"https:\\\/\\\/lukabar.me\\\/izabran-novi-bord-direktora-luka-bar-ad\\\/\"},\"wordCount\":150,\"commentCount\":0,\"publisher\":{\"@id\":\"https:\\\/\\\/lukabar.me\\\/#organization\"},\"image\":{\"@id\":\"https:\\\/\\\/lukabar.me\\\/izabran-novi-bord-direktora-luka-bar-ad\\\/#primaryimage\"},\"thumbnailUrl\":\"https:\\\/\\\/lukabar.me\\\/wp-content\\\/uploads\\\/2024\\\/08\\\/7-scaled.jpg\",\"articleSection\":[\"Novosti\"],\"inLanguage\":\"en-US\",\"potentialAction\":[{\"@type\":\"CommentAction\",\"name\":\"Comment\",\"target\":[\"https:\\\/\\\/lukabar.me\\\/izabran-novi-bord-direktora-luka-bar-ad\\\/#respond\"]}]},{\"@type\":\"WebPage\",\"@id\":\"https:\\\/\\\/lukabar.me\\\/izabran-novi-bord-direktora-luka-bar-ad\\\/\",\"url\":\"https:\\\/\\\/lukabar.me\\\/izabran-novi-bord-direktora-luka-bar-ad\\\/\",\"name\":\"Izabran novi Bord direktora \u201cLuka Bar\u201d AD\",\"isPartOf\":{\"@id\":\"https:\\\/\\\/lukabar.me\\\/#website\"},\"primaryImageOfPage\":{\"@id\":\"https:\\\/\\\/lukabar.me\\\/izabran-novi-bord-direktora-luka-bar-ad\\\/#primaryimage\"},\"image\":{\"@id\":\"https:\\\/\\\/lukabar.me\\\/izabran-novi-bord-direktora-luka-bar-ad\\\/#primaryimage\"},\"thumbnailUrl\":\"https:\\\/\\\/lukabar.me\\\/wp-content\\\/uploads\\\/2024\\\/08\\\/7-scaled.jpg\",\"datePublished\":\"2022-06-17T11:49:00+00:00\",\"dateModified\":\"2024-08-19T11:52:44+00:00\",\"description\":\"U AD Luka Bar danas je odr\u017eana Skup\u0161tina akcionara na kojoj je izabran novi Odbor direktora preduze\u0107a, a koja je ina\u010de bila odlo\u017eena 20. maja.Novi\",\"breadcrumb\":{\"@id\":\"https:\\\/\\\/lukabar.me\\\/izabran-novi-bord-direktora-luka-bar-ad\\\/#breadcrumb\"},\"inLanguage\":\"en-US\",\"potentialAction\":[{\"@type\":\"ReadAction\",\"target\":[\"https:\\\/\\\/lukabar.me\\\/izabran-novi-bord-direktora-luka-bar-ad\\\/\"]}]},{\"@type\":\"ImageObject\",\"inLanguage\":\"en-US\",\"@id\":\"https:\\\/\\\/lukabar.me\\\/izabran-novi-bord-direktora-luka-bar-ad\\\/#primaryimage\",\"url\":\"https:\\\/\\\/lukabar.me\\\/wp-content\\\/uploads\\\/2024\\\/08\\\/7-scaled.jpg\",\"contentUrl\":\"https:\\\/\\\/lukabar.me\\\/wp-content\\\/uploads\\\/2024\\\/08\\\/7-scaled.jpg\",\"width\":2560,\"height\":1532},{\"@type\":\"BreadcrumbList\",\"@id\":\"https:\\\/\\\/lukabar.me\\\/izabran-novi-bord-direktora-luka-bar-ad\\\/#breadcrumb\",\"itemListElement\":[{\"@type\":\"ListItem\",\"position\":1,\"name\":\"Home\",\"item\":\"https:\\\/\\\/lukabar.me\\\/\"},{\"@type\":\"ListItem\",\"position\":2,\"name\":\"Izabran novi Bord direktora \u201cLuka Bar\u201d AD\"}]},{\"@type\":\"WebSite\",\"@id\":\"https:\\\/\\\/lukabar.me\\\/#website\",\"url\":\"https:\\\/\\\/lukabar.me\\\/\",\"name\":\"Luka Bar | Port of Bar - Connecting Montenegro to Global Trade\",\"description\":\"Svijet na Dohvat Luke | World Within Port&#039;s Reach\",\"publisher\":{\"@id\":\"https:\\\/\\\/lukabar.me\\\/#organization\"},\"alternateName\":\"Luka Bar | Port of Bar\",\"potentialAction\":[{\"@type\":\"SearchAction\",\"target\":{\"@type\":\"EntryPoint\",\"urlTemplate\":\"https:\\\/\\\/lukabar.me\\\/?s={search_term_string}\"},\"query-input\":{\"@type\":\"PropertyValueSpecification\",\"valueRequired\":true,\"valueName\":\"search_term_string\"}}],\"inLanguage\":\"en-US\"},{\"@type\":\"Organization\",\"@id\":\"https:\\\/\\\/lukabar.me\\\/#organization\",\"name\":\"Luka Bar | Port of Bar - Connecting Montenegro to Global Trade\",\"alternateName\":\"Luka Bar | Port of Bar\",\"url\":\"https:\\\/\\\/lukabar.me\\\/\",\"logo\":{\"@type\":\"ImageObject\",\"inLanguage\":\"en-US\",\"@id\":\"https:\\\/\\\/lukabar.me\\\/#\\\/schema\\\/logo\\\/image\\\/\",\"url\":\"https:\\\/\\\/lukabar.me\\\/wp-content\\\/uploads\\\/2025\\\/01\\\/lukabar-logo-seo-01-scaled.jpg\",\"contentUrl\":\"https:\\\/\\\/lukabar.me\\\/wp-content\\\/uploads\\\/2025\\\/01\\\/lukabar-logo-seo-01-scaled.jpg\",\"width\":2560,\"height\":2560,\"caption\":\"Luka Bar | Port of Bar - Connecting Montenegro to Global Trade\"},\"image\":{\"@id\":\"https:\\\/\\\/lukabar.me\\\/#\\\/schema\\\/logo\\\/image\\\/\"},\"sameAs\":[\"https:\\\/\\\/www.facebook.com\\\/portofbar\",\"https:\\\/\\\/x.com\\\/portofbar\",\"https:\\\/\\\/instagram.com\\\/portofbar\",\"https:\\\/\\\/www.linkedin.com\\\/company\\\/port-of-bar\",\"https:\\\/\\\/www.youtube.com\\\/@portofbarmontenegro\"]},{\"@type\":\"Person\",\"@id\":\"https:\\\/\\\/lukabar.me\\\/#\\\/schema\\\/person\\\/84ccd15ea8529df078a6db7f01d0cf50\",\"name\":\"qyqzntmy\",\"image\":{\"@type\":\"ImageObject\",\"inLanguage\":\"en-US\",\"@id\":\"https:\\\/\\\/secure.gravatar.com\\\/avatar\\\/34512178c8047217f2f61ffdd71737957c3b33f2936e498c6153ae6dab2989ba?s=96&d=mm&r=g\",\"url\":\"https:\\\/\\\/secure.gravatar.com\\\/avatar\\\/34512178c8047217f2f61ffdd71737957c3b33f2936e498c6153ae6dab2989ba?s=96&d=mm&r=g\",\"contentUrl\":\"https:\\\/\\\/secure.gravatar.com\\\/avatar\\\/34512178c8047217f2f61ffdd71737957c3b33f2936e498c6153ae6dab2989ba?s=96&d=mm&r=g\",\"caption\":\"qyqzntmy\"},\"sameAs\":[\"https:\\\/\\\/lukabar.me\"],\"url\":\"https:\\\/\\\/lukabar.me\\\/en\\\/author\\\/qyqzntmy\\\/\"}]}<\/script>\n<!-- \/ Yoast SEO plugin. -->","yoast_head_json":{"title":"Izabran novi Bord direktora \u201cLuka Bar\u201d AD","description":"U AD Luka Bar danas je odr\u017eana Skup\u0161tina akcionara na kojoj je izabran novi Odbor direktora preduze\u0107a, a koja je ina\u010de bila odlo\u017eena 20. maja.Novi","robots":{"index":"index","follow":"follow","max-snippet":"max-snippet:-1","max-image-preview":"max-image-preview:large","max-video-preview":"max-video-preview:-1"},"canonical":"https:\/\/lukabar.me\/en\/izabran-novi-bord-direktora-luka-bar-ad\/","og_locale":"en_US","og_type":"article","og_title":"Izabran novi Bord direktora \u201cLuka Bar\u201d AD","og_description":"U AD Luka Bar danas je odr\u017eana Skup\u0161tina akcionara na kojoj je izabran novi Odbor direktora preduze\u0107a, a koja je ina\u010de bila odlo\u017eena 20. maja.Novi","og_url":"https:\/\/lukabar.me\/en\/izabran-novi-bord-direktora-luka-bar-ad\/","og_site_name":"Luka Bar | Port of Bar - Connecting Montenegro to Global Trade","article_publisher":"https:\/\/www.facebook.com\/portofbar","article_published_time":"2022-06-17T11:49:00+00:00","article_modified_time":"2024-08-19T11:52:44+00:00","og_image":[{"width":2560,"height":1532,"url":"https:\/\/lukabar.me\/wp-content\/uploads\/2024\/08\/7-scaled.jpg","type":"image\/jpeg"}],"author":"qyqzntmy","twitter_card":"summary_large_image","twitter_creator":"@portofbar","twitter_site":"@portofbar","twitter_misc":{"Written by":"qyqzntmy","Est. reading time":"1 minute"},"schema":{"@context":"https:\/\/schema.org","@graph":[{"@type":"Article","@id":"https:\/\/lukabar.me\/izabran-novi-bord-direktora-luka-bar-ad\/#article","isPartOf":{"@id":"https:\/\/lukabar.me\/izabran-novi-bord-direktora-luka-bar-ad\/"},"author":{"name":"qyqzntmy","@id":"https:\/\/lukabar.me\/#\/schema\/person\/84ccd15ea8529df078a6db7f01d0cf50"},"headline":"Izabran novi Bord direktora \u201cLuka Bar\u201d AD","datePublished":"2022-06-17T11:49:00+00:00","dateModified":"2024-08-19T11:52:44+00:00","mainEntityOfPage":{"@id":"https:\/\/lukabar.me\/izabran-novi-bord-direktora-luka-bar-ad\/"},"wordCount":150,"commentCount":0,"publisher":{"@id":"https:\/\/lukabar.me\/#organization"},"image":{"@id":"https:\/\/lukabar.me\/izabran-novi-bord-direktora-luka-bar-ad\/#primaryimage"},"thumbnailUrl":"https:\/\/lukabar.me\/wp-content\/uploads\/2024\/08\/7-scaled.jpg","articleSection":["Novosti"],"inLanguage":"en-US","potentialAction":[{"@type":"CommentAction","name":"Comment","target":["https:\/\/lukabar.me\/izabran-novi-bord-direktora-luka-bar-ad\/#respond"]}]},{"@type":"WebPage","@id":"https:\/\/lukabar.me\/izabran-novi-bord-direktora-luka-bar-ad\/","url":"https:\/\/lukabar.me\/izabran-novi-bord-direktora-luka-bar-ad\/","name":"Izabran novi Bord direktora \u201cLuka Bar\u201d AD","isPartOf":{"@id":"https:\/\/lukabar.me\/#website"},"primaryImageOfPage":{"@id":"https:\/\/lukabar.me\/izabran-novi-bord-direktora-luka-bar-ad\/#primaryimage"},"image":{"@id":"https:\/\/lukabar.me\/izabran-novi-bord-direktora-luka-bar-ad\/#primaryimage"},"thumbnailUrl":"https:\/\/lukabar.me\/wp-content\/uploads\/2024\/08\/7-scaled.jpg","datePublished":"2022-06-17T11:49:00+00:00","dateModified":"2024-08-19T11:52:44+00:00","description":"U AD Luka Bar danas je odr\u017eana Skup\u0161tina akcionara na kojoj je izabran novi Odbor direktora preduze\u0107a, a koja je ina\u010de bila odlo\u017eena 20. maja.Novi","breadcrumb":{"@id":"https:\/\/lukabar.me\/izabran-novi-bord-direktora-luka-bar-ad\/#breadcrumb"},"inLanguage":"en-US","potentialAction":[{"@type":"ReadAction","target":["https:\/\/lukabar.me\/izabran-novi-bord-direktora-luka-bar-ad\/"]}]},{"@type":"ImageObject","inLanguage":"en-US","@id":"https:\/\/lukabar.me\/izabran-novi-bord-direktora-luka-bar-ad\/#primaryimage","url":"https:\/\/lukabar.me\/wp-content\/uploads\/2024\/08\/7-scaled.jpg","contentUrl":"https:\/\/lukabar.me\/wp-content\/uploads\/2024\/08\/7-scaled.jpg","width":2560,"height":1532},{"@type":"BreadcrumbList","@id":"https:\/\/lukabar.me\/izabran-novi-bord-direktora-luka-bar-ad\/#breadcrumb","itemListElement":[{"@type":"ListItem","position":1,"name":"Home","item":"https:\/\/lukabar.me\/"},{"@type":"ListItem","position":2,"name":"Izabran novi Bord direktora \u201cLuka Bar\u201d AD"}]},{"@type":"WebSite","@id":"https:\/\/lukabar.me\/#website","url":"https:\/\/lukabar.me\/","name":"Port of Bar | Port of Bar - Connecting Montenegro to Global Trade","description":"World at the Reach of Luke | World Within Port&#039;s Reach","publisher":{"@id":"https:\/\/lukabar.me\/#organization"},"alternateName":"Luka Bar | Port of Bar","potentialAction":[{"@type":"SearchAction","target":{"@type":"EntryPoint","urlTemplate":"https:\/\/lukabar.me\/?s={search_term_string}"},"query-input":{"@type":"PropertyValueSpecification","valueRequired":true,"valueName":"search_term_string"}}],"inLanguage":"en-US"},{"@type":"Organization","@id":"https:\/\/lukabar.me\/#organization","name":"Port of Bar | Port of Bar - Connecting Montenegro to Global Trade","alternateName":"Luka Bar | Port of Bar","url":"https:\/\/lukabar.me\/","logo":{"@type":"ImageObject","inLanguage":"en-US","@id":"https:\/\/lukabar.me\/#\/schema\/logo\/image\/","url":"https:\/\/lukabar.me\/wp-content\/uploads\/2025\/01\/lukabar-logo-seo-01-scaled.jpg","contentUrl":"https:\/\/lukabar.me\/wp-content\/uploads\/2025\/01\/lukabar-logo-seo-01-scaled.jpg","width":2560,"height":2560,"caption":"Luka Bar | Port of Bar - Connecting Montenegro to Global Trade"},"image":{"@id":"https:\/\/lukabar.me\/#\/schema\/logo\/image\/"},"sameAs":["https:\/\/www.facebook.com\/portofbar","https:\/\/x.com\/portofbar","https:\/\/instagram.com\/portofbar","https:\/\/www.linkedin.com\/company\/port-of-bar","https:\/\/www.youtube.com\/@portofbarmontenegro"]},{"@type":"Person","@id":"https:\/\/lukabar.me\/#\/schema\/person\/84ccd15ea8529df078a6db7f01d0cf50","name":"qyqzntmy","image":{"@type":"ImageObject","inLanguage":"en-US","@id":"https:\/\/secure.gravatar.com\/avatar\/34512178c8047217f2f61ffdd71737957c3b33f2936e498c6153ae6dab2989ba?s=96&d=mm&r=g","url":"https:\/\/secure.gravatar.com\/avatar\/34512178c8047217f2f61ffdd71737957c3b33f2936e498c6153ae6dab2989ba?s=96&d=mm&r=g","contentUrl":"https:\/\/secure.gravatar.com\/avatar\/34512178c8047217f2f61ffdd71737957c3b33f2936e498c6153ae6dab2989ba?s=96&d=mm&r=g","caption":"qyqzntmy"},"sameAs":["https:\/\/lukabar.me"],"url":"https:\/\/lukabar.me\/en\/author\/qyqzntmy\/"}]}},"_links":{"self":[{"href":"https:\/\/lukabar.me\/en\/wp-json\/wp\/v2\/posts\/15554","targetHints":{"allow":["GET"]}}],"collection":[{"href":"https:\/\/lukabar.me\/en\/wp-json\/wp\/v2\/posts"}],"about":[{"href":"https:\/\/lukabar.me\/en\/wp-json\/wp\/v2\/types\/post"}],"author":[{"embeddable":true,"href":"https:\/\/lukabar.me\/en\/wp-json\/wp\/v2\/users\/1"}],"replies":[{"embeddable":true,"href":"https:\/\/lukabar.me\/en\/wp-json\/wp\/v2\/comments?post=15554"}],"version-history":[{"count":5,"href":"https:\/\/lukabar.me\/en\/wp-json\/wp\/v2\/posts\/15554\/revisions"}],"predecessor-version":[{"id":15561,"href":"https:\/\/lukabar.me\/en\/wp-json\/wp\/v2\/posts\/15554\/revisions\/15561"}],"wp:featuredmedia":[{"embeddable":true,"href":"https:\/\/lukabar.me\/en\/wp-json\/wp\/v2\/media\/15556"}],"wp:attachment":[{"href":"https:\/\/lukabar.me\/en\/wp-json\/wp\/v2\/media?parent=15554"}],"wp:term":[{"taxonomy":"category","embeddable":true,"href":"https:\/\/lukabar.me\/en\/wp-json\/wp\/v2\/categories?post=15554"},{"taxonomy":"post_tag","embeddable":true,"href":"https:\/\/lukabar.me\/en\/wp-json\/wp\/v2\/tags?post=15554"}],"curies":[{"name":"wp","href":"https:\/\/api.w.org\/{rel}","templated":true}]}}