{"id":15671,"date":"2022-12-07T13:40:00","date_gmt":"2022-12-07T11:40:00","guid":{"rendered":"https:\/\/lukabar.me\/?p=15671"},"modified":"2024-08-20T13:42:28","modified_gmt":"2024-08-20T11:42:28","slug":"radni-sastanak-predsjednika-vlade-i-izvrsnog-menadzmenta-luke-bar","status":"publish","type":"post","link":"https:\/\/lukabar.me\/en\/radni-sastanak-predsjednika-vlade-i-izvrsnog-menadzmenta-luke-bar\/","title":{"rendered":"Radni sastanak Predsjednika Vlade i Izvr\u0161nog menad\u017ementa Luke Bar"},"content":{"rendered":"<div data-elementor-type=\"wp-post\" data-elementor-id=\"15671\" class=\"elementor elementor-15671\">\n\t\t\t\t<div class=\"elementor-element elementor-element-6e08411 e-flex e-con-boxed wpr-particle-no wpr-jarallax-no wpr-parallax-no wpr-sticky-section-no wpr-equal-height-no e-con e-parent\" data-id=\"6e08411\" data-element_type=\"container\" data-e-type=\"container\">\n\t\t\t\t\t<div class=\"e-con-inner\">\n\t\t\t\t<div class=\"elementor-element elementor-element-1225f7a de_scroll_animation_no exad-sticky-section-no exad-glass-effect-no elementor-widget elementor-widget-text-editor\" data-id=\"1225f7a\" data-element_type=\"widget\" data-e-type=\"widget\" data-widget_type=\"text-editor.default\">\n\t\t\t\t<div class=\"elementor-widget-container\">\n\t\t\t\t\t\t\t\t\t<p>U Luci Bar ju\u010de je organizovan radni sastanak, nakon kojeg su predsjednik Vlade Crne Gore Dritan Abazovi\u0107 i ministri ekonomskog razvoja i turizma, Goran \u0110urovi\u0107 i finansija Aleksandar Damjanovi\u0107 sa predstavnicima menad\u017ementa najve\u0107eg barskog kolektiva obi\u0161li lu\u010dko podru\u010dje.<\/p><p>Foto: Rade Koprivica<\/p>\t\t\t\t\t\t\t\t<\/div>\n\t\t\t\t<\/div>\n\t\t\t\t<div class=\"elementor-element elementor-element-277262a de_scroll_animation_no exad-sticky-section-no exad-glass-effect-no elementor-widget elementor-widget-image\" data-id=\"277262a\" data-element_type=\"widget\" data-e-type=\"widget\" data-widget_type=\"image.default\">\n\t\t\t\t<div class=\"elementor-widget-container\">\n\t\t\t\t\t\t\t\t\t\t\t\t\t\t\t<img fetchpriority=\"high\" decoding=\"async\" width=\"1024\" height=\"683\" src=\"https:\/\/lukabar.me\/wp-content\/uploads\/2024\/08\/radni-sastanak-predsjednika-vlade-i-menadzmenta-luke-bar-2.jpg\" class=\"attachment-large size-large wp-image-15674\" alt=\"\" srcset=\"https:\/\/lukabar.me\/wp-content\/uploads\/2024\/08\/radni-sastanak-predsjednika-vlade-i-menadzmenta-luke-bar-2.jpg 1024w, https:\/\/lukabar.me\/wp-content\/uploads\/2024\/08\/radni-sastanak-predsjednika-vlade-i-menadzmenta-luke-bar-2-300x200.jpg 300w, https:\/\/lukabar.me\/wp-content\/uploads\/2024\/08\/radni-sastanak-predsjednika-vlade-i-menadzmenta-luke-bar-2-768x512.jpg 768w\" sizes=\"(max-width: 1024px) 100vw, 1024px\" \/>\t\t\t\t\t\t\t\t\t\t\t\t\t\t\t<\/div>\n\t\t\t\t<\/div>\n\t\t\t\t<div class=\"elementor-element elementor-element-3da6ee8 de_scroll_animation_no exad-sticky-section-no exad-glass-effect-no elementor-widget elementor-widget-image\" data-id=\"3da6ee8\" data-element_type=\"widget\" data-e-type=\"widget\" data-widget_type=\"image.default\">\n\t\t\t\t<div class=\"elementor-widget-container\">\n\t\t\t\t\t\t\t\t\t\t\t\t\t\t\t<img decoding=\"async\" width=\"1024\" height=\"683\" src=\"https:\/\/lukabar.me\/wp-content\/uploads\/2024\/08\/radni-sastanak-predsjednika-vlade-i-menadzmenta-luke-bar-3-1024x683.jpg\" class=\"attachment-large size-large wp-image-15675\" alt=\"\" srcset=\"https:\/\/lukabar.me\/wp-content\/uploads\/2024\/08\/radni-sastanak-predsjednika-vlade-i-menadzmenta-luke-bar-3-1024x683.jpg 1024w, https:\/\/lukabar.me\/wp-content\/uploads\/2024\/08\/radni-sastanak-predsjednika-vlade-i-menadzmenta-luke-bar-3-300x200.jpg 300w, https:\/\/lukabar.me\/wp-content\/uploads\/2024\/08\/radni-sastanak-predsjednika-vlade-i-menadzmenta-luke-bar-3-768x512.jpg 768w, https:\/\/lukabar.me\/wp-content\/uploads\/2024\/08\/radni-sastanak-predsjednika-vlade-i-menadzmenta-luke-bar-3-1536x1024.jpg 1536w, https:\/\/lukabar.me\/wp-content\/uploads\/2024\/08\/radni-sastanak-predsjednika-vlade-i-menadzmenta-luke-bar-3.jpg 1800w\" sizes=\"(max-width: 1024px) 100vw, 1024px\" \/>\t\t\t\t\t\t\t\t\t\t\t\t\t\t\t<\/div>\n\t\t\t\t<\/div>\n\t\t\t\t\t<\/div>\n\t\t\t\t<\/div>\n\t\t\t\t<\/div>","protected":false},"excerpt":{"rendered":"<p>U Luci Bar ju\u010de je organizovan radni sastanak, nakon kojeg su predsjednik Vlade Crne Gore Dritan Abazovi\u0107 i ministri ekonomskog razvoja i turizma, Goran \u0110urovi\u0107 i finansija Aleksandar Damjanovi\u0107 sa predstavnicima menad\u017ementa najve\u0107eg barskog kolektiva obi\u0161li lu\u010dko podru\u010dje. Foto: Rade Koprivica<\/p>","protected":false},"author":1,"featured_media":15673,"comment_status":"open","ping_status":"open","sticky":false,"template":"","format":"standard","meta":{"footnotes":""},"categories":[17],"tags":[],"class_list":["post-15671","post","type-post","status-publish","format-standard","has-post-thumbnail","hentry","category-novosti"],"blocksy_meta":[],"yoast_head":"<!-- This site is optimized with the Yoast SEO plugin v27.5 - https:\/\/yoast.com\/product\/yoast-seo-wordpress\/ -->\n<title>Radni sastanak Predsjednika Vlade i Izvr\u0161nog menad\u017ementa Luke Bar<\/title>\n<meta name=\"description\" content=\"U Luci Bar ju\u010de je organizovan radni sastanak, nakon kojeg su predsjednik Vlade Crne Gore Dritan Abazovi\u0107 i ministri ekonomskog razvoja i turizma, Goran\" \/>\n<meta name=\"robots\" content=\"index, follow, max-snippet:-1, max-image-preview:large, max-video-preview:-1\" \/>\n<link rel=\"canonical\" href=\"https:\/\/lukabar.me\/en\/radni-sastanak-predsjednika-vlade-i-izvrsnog-menadzmenta-luke-bar\/\" \/>\n<meta property=\"og:locale\" content=\"en_US\" \/>\n<meta property=\"og:type\" content=\"article\" \/>\n<meta property=\"og:title\" content=\"Radni sastanak Predsjednika Vlade i Izvr\u0161nog menad\u017ementa Luke Bar\" \/>\n<meta property=\"og:description\" content=\"U Luci Bar ju\u010de je organizovan radni sastanak, nakon kojeg su predsjednik Vlade Crne Gore Dritan Abazovi\u0107 i ministri ekonomskog razvoja i turizma, Goran\" \/>\n<meta property=\"og:url\" content=\"https:\/\/lukabar.me\/en\/radni-sastanak-predsjednika-vlade-i-izvrsnog-menadzmenta-luke-bar\/\" \/>\n<meta property=\"og:site_name\" content=\"Luka Bar | Port of Bar - Connecting Montenegro to Global Trade\" \/>\n<meta property=\"article:publisher\" content=\"https:\/\/www.facebook.com\/portofbar\" \/>\n<meta property=\"article:published_time\" content=\"2022-12-07T11:40:00+00:00\" \/>\n<meta property=\"article:modified_time\" content=\"2024-08-20T11:42:28+00:00\" \/>\n<meta property=\"og:image\" content=\"https:\/\/lukabar.me\/wp-content\/uploads\/2024\/08\/radni-sastanak-predsjednika-vlade-i-menadzmenta-luke-bar-1.jpg\" \/>\n\t<meta property=\"og:image:width\" content=\"1170\" \/>\n\t<meta property=\"og:image:height\" content=\"540\" \/>\n\t<meta property=\"og:image:type\" content=\"image\/jpeg\" \/>\n<meta name=\"author\" content=\"qyqzntmy\" \/>\n<meta name=\"twitter:card\" content=\"summary_large_image\" \/>\n<meta name=\"twitter:creator\" content=\"@portofbar\" \/>\n<meta name=\"twitter:site\" content=\"@portofbar\" \/>\n<meta name=\"twitter:label1\" content=\"Written by\" \/>\n\t<meta name=\"twitter:data1\" content=\"qyqzntmy\" \/>\n<script type=\"application\/ld+json\" class=\"yoast-schema-graph\">{\"@context\":\"https:\\\/\\\/schema.org\",\"@graph\":[{\"@type\":\"Article\",\"@id\":\"https:\\\/\\\/lukabar.me\\\/radni-sastanak-predsjednika-vlade-i-izvrsnog-menadzmenta-luke-bar\\\/#article\",\"isPartOf\":{\"@id\":\"https:\\\/\\\/lukabar.me\\\/radni-sastanak-predsjednika-vlade-i-izvrsnog-menadzmenta-luke-bar\\\/\"},\"author\":{\"name\":\"qyqzntmy\",\"@id\":\"https:\\\/\\\/lukabar.me\\\/#\\\/schema\\\/person\\\/84ccd15ea8529df078a6db7f01d0cf50\"},\"headline\":\"Radni sastanak Predsjednika Vlade i Izvr\u0161nog menad\u017ementa Luke Bar\",\"datePublished\":\"2022-12-07T11:40:00+00:00\",\"dateModified\":\"2024-08-20T11:42:28+00:00\",\"mainEntityOfPage\":{\"@id\":\"https:\\\/\\\/lukabar.me\\\/radni-sastanak-predsjednika-vlade-i-izvrsnog-menadzmenta-luke-bar\\\/\"},\"wordCount\":58,\"commentCount\":0,\"publisher\":{\"@id\":\"https:\\\/\\\/lukabar.me\\\/#organization\"},\"image\":{\"@id\":\"https:\\\/\\\/lukabar.me\\\/radni-sastanak-predsjednika-vlade-i-izvrsnog-menadzmenta-luke-bar\\\/#primaryimage\"},\"thumbnailUrl\":\"https:\\\/\\\/lukabar.me\\\/wp-content\\\/uploads\\\/2024\\\/08\\\/radni-sastanak-predsjednika-vlade-i-menadzmenta-luke-bar-1.jpg\",\"articleSection\":[\"Novosti\"],\"inLanguage\":\"en-US\",\"potentialAction\":[{\"@type\":\"CommentAction\",\"name\":\"Comment\",\"target\":[\"https:\\\/\\\/lukabar.me\\\/radni-sastanak-predsjednika-vlade-i-izvrsnog-menadzmenta-luke-bar\\\/#respond\"]}]},{\"@type\":\"WebPage\",\"@id\":\"https:\\\/\\\/lukabar.me\\\/radni-sastanak-predsjednika-vlade-i-izvrsnog-menadzmenta-luke-bar\\\/\",\"url\":\"https:\\\/\\\/lukabar.me\\\/radni-sastanak-predsjednika-vlade-i-izvrsnog-menadzmenta-luke-bar\\\/\",\"name\":\"Radni sastanak Predsjednika Vlade i Izvr\u0161nog menad\u017ementa Luke Bar\",\"isPartOf\":{\"@id\":\"https:\\\/\\\/lukabar.me\\\/#website\"},\"primaryImageOfPage\":{\"@id\":\"https:\\\/\\\/lukabar.me\\\/radni-sastanak-predsjednika-vlade-i-izvrsnog-menadzmenta-luke-bar\\\/#primaryimage\"},\"image\":{\"@id\":\"https:\\\/\\\/lukabar.me\\\/radni-sastanak-predsjednika-vlade-i-izvrsnog-menadzmenta-luke-bar\\\/#primaryimage\"},\"thumbnailUrl\":\"https:\\\/\\\/lukabar.me\\\/wp-content\\\/uploads\\\/2024\\\/08\\\/radni-sastanak-predsjednika-vlade-i-menadzmenta-luke-bar-1.jpg\",\"datePublished\":\"2022-12-07T11:40:00+00:00\",\"dateModified\":\"2024-08-20T11:42:28+00:00\",\"description\":\"U Luci Bar ju\u010de je organizovan radni sastanak, nakon kojeg su predsjednik Vlade Crne Gore Dritan Abazovi\u0107 i ministri ekonomskog razvoja i turizma, Goran\",\"breadcrumb\":{\"@id\":\"https:\\\/\\\/lukabar.me\\\/radni-sastanak-predsjednika-vlade-i-izvrsnog-menadzmenta-luke-bar\\\/#breadcrumb\"},\"inLanguage\":\"en-US\",\"potentialAction\":[{\"@type\":\"ReadAction\",\"target\":[\"https:\\\/\\\/lukabar.me\\\/radni-sastanak-predsjednika-vlade-i-izvrsnog-menadzmenta-luke-bar\\\/\"]}]},{\"@type\":\"ImageObject\",\"inLanguage\":\"en-US\",\"@id\":\"https:\\\/\\\/lukabar.me\\\/radni-sastanak-predsjednika-vlade-i-izvrsnog-menadzmenta-luke-bar\\\/#primaryimage\",\"url\":\"https:\\\/\\\/lukabar.me\\\/wp-content\\\/uploads\\\/2024\\\/08\\\/radni-sastanak-predsjednika-vlade-i-menadzmenta-luke-bar-1.jpg\",\"contentUrl\":\"https:\\\/\\\/lukabar.me\\\/wp-content\\\/uploads\\\/2024\\\/08\\\/radni-sastanak-predsjednika-vlade-i-menadzmenta-luke-bar-1.jpg\",\"width\":1170,\"height\":540},{\"@type\":\"BreadcrumbList\",\"@id\":\"https:\\\/\\\/lukabar.me\\\/radni-sastanak-predsjednika-vlade-i-izvrsnog-menadzmenta-luke-bar\\\/#breadcrumb\",\"itemListElement\":[{\"@type\":\"ListItem\",\"position\":1,\"name\":\"Home\",\"item\":\"https:\\\/\\\/lukabar.me\\\/\"},{\"@type\":\"ListItem\",\"position\":2,\"name\":\"Radni sastanak Predsjednika Vlade i Izvr\u0161nog menad\u017ementa Luke Bar\"}]},{\"@type\":\"WebSite\",\"@id\":\"https:\\\/\\\/lukabar.me\\\/#website\",\"url\":\"https:\\\/\\\/lukabar.me\\\/\",\"name\":\"Luka Bar | Port of Bar - Connecting Montenegro to Global Trade\",\"description\":\"Svijet na Dohvat Luke | World Within Port&#039;s Reach\",\"publisher\":{\"@id\":\"https:\\\/\\\/lukabar.me\\\/#organization\"},\"alternateName\":\"Luka Bar | Port of Bar\",\"potentialAction\":[{\"@type\":\"SearchAction\",\"target\":{\"@type\":\"EntryPoint\",\"urlTemplate\":\"https:\\\/\\\/lukabar.me\\\/?s={search_term_string}\"},\"query-input\":{\"@type\":\"PropertyValueSpecification\",\"valueRequired\":true,\"valueName\":\"search_term_string\"}}],\"inLanguage\":\"en-US\"},{\"@type\":\"Organization\",\"@id\":\"https:\\\/\\\/lukabar.me\\\/#organization\",\"name\":\"Luka Bar | Port of Bar - Connecting Montenegro to Global Trade\",\"alternateName\":\"Luka Bar | Port of Bar\",\"url\":\"https:\\\/\\\/lukabar.me\\\/\",\"logo\":{\"@type\":\"ImageObject\",\"inLanguage\":\"en-US\",\"@id\":\"https:\\\/\\\/lukabar.me\\\/#\\\/schema\\\/logo\\\/image\\\/\",\"url\":\"https:\\\/\\\/lukabar.me\\\/wp-content\\\/uploads\\\/2025\\\/01\\\/lukabar-logo-seo-01-scaled.jpg\",\"contentUrl\":\"https:\\\/\\\/lukabar.me\\\/wp-content\\\/uploads\\\/2025\\\/01\\\/lukabar-logo-seo-01-scaled.jpg\",\"width\":2560,\"height\":2560,\"caption\":\"Luka Bar | Port of Bar - Connecting Montenegro to Global Trade\"},\"image\":{\"@id\":\"https:\\\/\\\/lukabar.me\\\/#\\\/schema\\\/logo\\\/image\\\/\"},\"sameAs\":[\"https:\\\/\\\/www.facebook.com\\\/portofbar\",\"https:\\\/\\\/x.com\\\/portofbar\",\"https:\\\/\\\/instagram.com\\\/portofbar\",\"https:\\\/\\\/www.linkedin.com\\\/company\\\/port-of-bar\",\"https:\\\/\\\/www.youtube.com\\\/@portofbarmontenegro\"]},{\"@type\":\"Person\",\"@id\":\"https:\\\/\\\/lukabar.me\\\/#\\\/schema\\\/person\\\/84ccd15ea8529df078a6db7f01d0cf50\",\"name\":\"qyqzntmy\",\"image\":{\"@type\":\"ImageObject\",\"inLanguage\":\"en-US\",\"@id\":\"https:\\\/\\\/secure.gravatar.com\\\/avatar\\\/34512178c8047217f2f61ffdd71737957c3b33f2936e498c6153ae6dab2989ba?s=96&d=mm&r=g\",\"url\":\"https:\\\/\\\/secure.gravatar.com\\\/avatar\\\/34512178c8047217f2f61ffdd71737957c3b33f2936e498c6153ae6dab2989ba?s=96&d=mm&r=g\",\"contentUrl\":\"https:\\\/\\\/secure.gravatar.com\\\/avatar\\\/34512178c8047217f2f61ffdd71737957c3b33f2936e498c6153ae6dab2989ba?s=96&d=mm&r=g\",\"caption\":\"qyqzntmy\"},\"sameAs\":[\"https:\\\/\\\/lukabar.me\"],\"url\":\"https:\\\/\\\/lukabar.me\\\/en\\\/author\\\/qyqzntmy\\\/\"}]}<\/script>\n<!-- \/ Yoast SEO plugin. -->","yoast_head_json":{"title":"Radni sastanak Predsjednika Vlade i Izvr\u0161nog menad\u017ementa Luke Bar","description":"U Luci Bar ju\u010de je organizovan radni sastanak, nakon kojeg su predsjednik Vlade Crne Gore Dritan Abazovi\u0107 i ministri ekonomskog razvoja i turizma, Goran","robots":{"index":"index","follow":"follow","max-snippet":"max-snippet:-1","max-image-preview":"max-image-preview:large","max-video-preview":"max-video-preview:-1"},"canonical":"https:\/\/lukabar.me\/en\/radni-sastanak-predsjednika-vlade-i-izvrsnog-menadzmenta-luke-bar\/","og_locale":"en_US","og_type":"article","og_title":"Radni sastanak Predsjednika Vlade i Izvr\u0161nog menad\u017ementa Luke Bar","og_description":"U Luci Bar ju\u010de je organizovan radni sastanak, nakon kojeg su predsjednik Vlade Crne Gore Dritan Abazovi\u0107 i ministri ekonomskog razvoja i turizma, Goran","og_url":"https:\/\/lukabar.me\/en\/radni-sastanak-predsjednika-vlade-i-izvrsnog-menadzmenta-luke-bar\/","og_site_name":"Luka Bar | Port of Bar - Connecting Montenegro to Global Trade","article_publisher":"https:\/\/www.facebook.com\/portofbar","article_published_time":"2022-12-07T11:40:00+00:00","article_modified_time":"2024-08-20T11:42:28+00:00","og_image":[{"width":1170,"height":540,"url":"https:\/\/lukabar.me\/wp-content\/uploads\/2024\/08\/radni-sastanak-predsjednika-vlade-i-menadzmenta-luke-bar-1.jpg","type":"image\/jpeg"}],"author":"qyqzntmy","twitter_card":"summary_large_image","twitter_creator":"@portofbar","twitter_site":"@portofbar","twitter_misc":{"Written by":"qyqzntmy"},"schema":{"@context":"https:\/\/schema.org","@graph":[{"@type":"Article","@id":"https:\/\/lukabar.me\/radni-sastanak-predsjednika-vlade-i-izvrsnog-menadzmenta-luke-bar\/#article","isPartOf":{"@id":"https:\/\/lukabar.me\/radni-sastanak-predsjednika-vlade-i-izvrsnog-menadzmenta-luke-bar\/"},"author":{"name":"qyqzntmy","@id":"https:\/\/lukabar.me\/#\/schema\/person\/84ccd15ea8529df078a6db7f01d0cf50"},"headline":"Radni sastanak Predsjednika Vlade i Izvr\u0161nog menad\u017ementa Luke Bar","datePublished":"2022-12-07T11:40:00+00:00","dateModified":"2024-08-20T11:42:28+00:00","mainEntityOfPage":{"@id":"https:\/\/lukabar.me\/radni-sastanak-predsjednika-vlade-i-izvrsnog-menadzmenta-luke-bar\/"},"wordCount":58,"commentCount":0,"publisher":{"@id":"https:\/\/lukabar.me\/#organization"},"image":{"@id":"https:\/\/lukabar.me\/radni-sastanak-predsjednika-vlade-i-izvrsnog-menadzmenta-luke-bar\/#primaryimage"},"thumbnailUrl":"https:\/\/lukabar.me\/wp-content\/uploads\/2024\/08\/radni-sastanak-predsjednika-vlade-i-menadzmenta-luke-bar-1.jpg","articleSection":["Novosti"],"inLanguage":"en-US","potentialAction":[{"@type":"CommentAction","name":"Comment","target":["https:\/\/lukabar.me\/radni-sastanak-predsjednika-vlade-i-izvrsnog-menadzmenta-luke-bar\/#respond"]}]},{"@type":"WebPage","@id":"https:\/\/lukabar.me\/radni-sastanak-predsjednika-vlade-i-izvrsnog-menadzmenta-luke-bar\/","url":"https:\/\/lukabar.me\/radni-sastanak-predsjednika-vlade-i-izvrsnog-menadzmenta-luke-bar\/","name":"Radni sastanak Predsjednika Vlade i Izvr\u0161nog menad\u017ementa Luke Bar","isPartOf":{"@id":"https:\/\/lukabar.me\/#website"},"primaryImageOfPage":{"@id":"https:\/\/lukabar.me\/radni-sastanak-predsjednika-vlade-i-izvrsnog-menadzmenta-luke-bar\/#primaryimage"},"image":{"@id":"https:\/\/lukabar.me\/radni-sastanak-predsjednika-vlade-i-izvrsnog-menadzmenta-luke-bar\/#primaryimage"},"thumbnailUrl":"https:\/\/lukabar.me\/wp-content\/uploads\/2024\/08\/radni-sastanak-predsjednika-vlade-i-menadzmenta-luke-bar-1.jpg","datePublished":"2022-12-07T11:40:00+00:00","dateModified":"2024-08-20T11:42:28+00:00","description":"U Luci Bar ju\u010de je organizovan radni sastanak, nakon kojeg su predsjednik Vlade Crne Gore Dritan Abazovi\u0107 i ministri ekonomskog razvoja i turizma, Goran","breadcrumb":{"@id":"https:\/\/lukabar.me\/radni-sastanak-predsjednika-vlade-i-izvrsnog-menadzmenta-luke-bar\/#breadcrumb"},"inLanguage":"en-US","potentialAction":[{"@type":"ReadAction","target":["https:\/\/lukabar.me\/radni-sastanak-predsjednika-vlade-i-izvrsnog-menadzmenta-luke-bar\/"]}]},{"@type":"ImageObject","inLanguage":"en-US","@id":"https:\/\/lukabar.me\/radni-sastanak-predsjednika-vlade-i-izvrsnog-menadzmenta-luke-bar\/#primaryimage","url":"https:\/\/lukabar.me\/wp-content\/uploads\/2024\/08\/radni-sastanak-predsjednika-vlade-i-menadzmenta-luke-bar-1.jpg","contentUrl":"https:\/\/lukabar.me\/wp-content\/uploads\/2024\/08\/radni-sastanak-predsjednika-vlade-i-menadzmenta-luke-bar-1.jpg","width":1170,"height":540},{"@type":"BreadcrumbList","@id":"https:\/\/lukabar.me\/radni-sastanak-predsjednika-vlade-i-izvrsnog-menadzmenta-luke-bar\/#breadcrumb","itemListElement":[{"@type":"ListItem","position":1,"name":"Home","item":"https:\/\/lukabar.me\/"},{"@type":"ListItem","position":2,"name":"Radni sastanak Predsjednika Vlade i Izvr\u0161nog menad\u017ementa Luke Bar"}]},{"@type":"WebSite","@id":"https:\/\/lukabar.me\/#website","url":"https:\/\/lukabar.me\/","name":"Port of Bar | Port of Bar - Connecting Montenegro to Global Trade","description":"World at the Reach of Luke | World Within Port&#039;s Reach","publisher":{"@id":"https:\/\/lukabar.me\/#organization"},"alternateName":"Luka Bar | Port of Bar","potentialAction":[{"@type":"SearchAction","target":{"@type":"EntryPoint","urlTemplate":"https:\/\/lukabar.me\/?s={search_term_string}"},"query-input":{"@type":"PropertyValueSpecification","valueRequired":true,"valueName":"search_term_string"}}],"inLanguage":"en-US"},{"@type":"Organization","@id":"https:\/\/lukabar.me\/#organization","name":"Port of Bar | Port of Bar - Connecting Montenegro to Global Trade","alternateName":"Luka Bar | Port of Bar","url":"https:\/\/lukabar.me\/","logo":{"@type":"ImageObject","inLanguage":"en-US","@id":"https:\/\/lukabar.me\/#\/schema\/logo\/image\/","url":"https:\/\/lukabar.me\/wp-content\/uploads\/2025\/01\/lukabar-logo-seo-01-scaled.jpg","contentUrl":"https:\/\/lukabar.me\/wp-content\/uploads\/2025\/01\/lukabar-logo-seo-01-scaled.jpg","width":2560,"height":2560,"caption":"Luka Bar | Port of Bar - Connecting Montenegro to Global Trade"},"image":{"@id":"https:\/\/lukabar.me\/#\/schema\/logo\/image\/"},"sameAs":["https:\/\/www.facebook.com\/portofbar","https:\/\/x.com\/portofbar","https:\/\/instagram.com\/portofbar","https:\/\/www.linkedin.com\/company\/port-of-bar","https:\/\/www.youtube.com\/@portofbarmontenegro"]},{"@type":"Person","@id":"https:\/\/lukabar.me\/#\/schema\/person\/84ccd15ea8529df078a6db7f01d0cf50","name":"qyqzntmy","image":{"@type":"ImageObject","inLanguage":"en-US","@id":"https:\/\/secure.gravatar.com\/avatar\/34512178c8047217f2f61ffdd71737957c3b33f2936e498c6153ae6dab2989ba?s=96&d=mm&r=g","url":"https:\/\/secure.gravatar.com\/avatar\/34512178c8047217f2f61ffdd71737957c3b33f2936e498c6153ae6dab2989ba?s=96&d=mm&r=g","contentUrl":"https:\/\/secure.gravatar.com\/avatar\/34512178c8047217f2f61ffdd71737957c3b33f2936e498c6153ae6dab2989ba?s=96&d=mm&r=g","caption":"qyqzntmy"},"sameAs":["https:\/\/lukabar.me"],"url":"https:\/\/lukabar.me\/en\/author\/qyqzntmy\/"}]}},"_links":{"self":[{"href":"https:\/\/lukabar.me\/en\/wp-json\/wp\/v2\/posts\/15671","targetHints":{"allow":["GET"]}}],"collection":[{"href":"https:\/\/lukabar.me\/en\/wp-json\/wp\/v2\/posts"}],"about":[{"href":"https:\/\/lukabar.me\/en\/wp-json\/wp\/v2\/types\/post"}],"author":[{"embeddable":true,"href":"https:\/\/lukabar.me\/en\/wp-json\/wp\/v2\/users\/1"}],"replies":[{"embeddable":true,"href":"https:\/\/lukabar.me\/en\/wp-json\/wp\/v2\/comments?post=15671"}],"version-history":[{"count":4,"href":"https:\/\/lukabar.me\/en\/wp-json\/wp\/v2\/posts\/15671\/revisions"}],"predecessor-version":[{"id":15679,"href":"https:\/\/lukabar.me\/en\/wp-json\/wp\/v2\/posts\/15671\/revisions\/15679"}],"wp:featuredmedia":[{"embeddable":true,"href":"https:\/\/lukabar.me\/en\/wp-json\/wp\/v2\/media\/15673"}],"wp:attachment":[{"href":"https:\/\/lukabar.me\/en\/wp-json\/wp\/v2\/media?parent=15671"}],"wp:term":[{"taxonomy":"category","embeddable":true,"href":"https:\/\/lukabar.me\/en\/wp-json\/wp\/v2\/categories?post=15671"},{"taxonomy":"post_tag","embeddable":true,"href":"https:\/\/lukabar.me\/en\/wp-json\/wp\/v2\/tags?post=15671"}],"curies":[{"name":"wp","href":"https:\/\/api.w.org\/{rel}","templated":true}]}}