{"id":15767,"date":"2023-04-22T14:20:00","date_gmt":"2023-04-22T12:20:00","guid":{"rendered":"https:\/\/lukabar.me\/?p=15767"},"modified":"2024-08-20T14:21:58","modified_gmt":"2024-08-20T12:21:58","slug":"saopstenje-odbora-direktora-i-izvrsnog-menadzmenta-luka-bar-ad","status":"publish","type":"post","link":"https:\/\/lukabar.me\/en\/saopstenje-odbora-direktora-i-izvrsnog-menadzmenta-luka-bar-ad\/","title":{"rendered":"Saop\u0161tenje Odbora direktora i Izvr\u0161nog menad\u017ementa \u201cLuka Bar\u201d AD"},"content":{"rendered":"<div data-elementor-type=\"wp-post\" data-elementor-id=\"15767\" class=\"elementor elementor-15767\">\n\t\t\t\t<div class=\"elementor-element elementor-element-aebffe6 e-flex e-con-boxed wpr-particle-no wpr-jarallax-no wpr-parallax-no wpr-sticky-section-no wpr-equal-height-no e-con e-parent\" data-id=\"aebffe6\" data-element_type=\"container\" data-e-type=\"container\">\n\t\t\t\t\t<div class=\"e-con-inner\">\n\t\t\t\t<div class=\"elementor-element elementor-element-c0a3a03 de_scroll_animation_no exad-sticky-section-no exad-glass-effect-no elementor-widget elementor-widget-text-editor\" data-id=\"c0a3a03\" data-element_type=\"widget\" data-e-type=\"widget\" data-widget_type=\"text-editor.default\">\n\t\t\t\t<div class=\"elementor-widget-container\">\n\t\t\t\t\t\t\t\t\t<p>Povodom izjave Predsjednika Revizorskog odbora &#8222;Luka Bar&#8220; AD Milo\u0161a Ostoji\u0107a, koju je objavio na privatnom profilu na dru\u0161tvenoj mre\u017ei, a koja je prenesena na portalu &#8222;Analitika\u201d 21.04.2023.godine, Odbor direktora i Menad\u017ement \u201cLuka Bar\u201d AD ogra\u0111uju se sa indignacijom od ovakve izjave i obavje\u0161tavaju javnost da \u0107e odmah biti iniciran postupak smjene g-dina Ostoji\u0107a.<\/p><p>Ovom prilikom podvla\u010dimo da g-din Ostoji\u0107, nije Rukovodilac u \u201cLuka Bar\u201d AD, niti stalno zapo\u0161ljeni u kompaniji. Do sada je funkciju u Revizorskom odboru obavljao profesionalno korektno, a za predsjednika Revizorskog odbora imenovan je od strane \u010dlanova tog tijela.<\/p><p>Na\u0161a kompanija izgra\u0111ena je i funkcioni\u0161e na temeljima zajedni\u0161tva, jednakosti, multinacionalnosti i multikulturalnosti. Kao takva prepoznata je ne samo u doma\u0107im, ve\u0107 i u me\u0111unarodnim okvirima. U cilju dosljednog o\u010duvanja tako izgra\u0111enog, vi\u0161e od jednog vijeka bri\u017eljivo gra\u0111enog imid\u017ea, kao i eti\u010dkih i moralnih standarda kompanije, Odbor direktora i Menad\u017ement, o\u0161tro osu\u0111uju izjavu g-dina Ostoji\u0107a, koja se ne mo\u017ee, niti smije dovoditi u kontekst sa kompanijskom politikom i principima funkcionisanja i rukovo\u0111enja.<\/p><p>U luci, kao uostalom i u gradu Baru, danas se slavi Ramazanski Bajram, kao \u0161to su se slavili i katoli\u010dki Uskrs i pravoslavni Vaskrs. Sve praznike zajedno slavimo, po\u0161tujemo i uva\u017eavamo, stoga jedan subjektivni, privatni stav profesionalno anga\u017eovanog lica, sigurni smo ne\u0107e poremetiti, niti promjeniti funkcionisanje na\u0161e kompanije. Ali, isto tako apelujemo\u00a0 na sve u\u010desnike javnog i politi\u010dkog \u017eivota &#8211; da se ovaj slu\u010daj ne politizuje, ne instrumentalizuje u dnevno &#8211; politi\u010dke svrhe i da nikako ne slu\u017ei za bilo kakvo podizanje tenzija u ovim blagim danima.<\/p>\t\t\t\t\t\t\t\t<\/div>\n\t\t\t\t<\/div>\n\t\t\t\t\t<\/div>\n\t\t\t\t<\/div>\n\t\t\t\t<\/div>","protected":false},"excerpt":{"rendered":"<p>Povodom izjave Predsjednika Revizorskog odbora &#8222;Luka Bar&#8220; AD Milo\u0161a Ostoji\u0107a, koju je objavio na privatnom profilu na dru\u0161tvenoj mre\u017ei, a koja je prenesena na portalu &#8222;Analitika\u201d 21.04.2023.godine, Odbor direktora i Menad\u017ement \u201cLuka Bar\u201d AD ogra\u0111uju se sa indignacijom od ovakve izjave i obavje\u0161tavaju javnost da \u0107e odmah biti iniciran postupak smjene g-dina Ostoji\u0107a. Ovom prilikom podvla\u010dimo da g-din Ostoji\u0107, nije Rukovodilac u \u201cLuka Bar\u201d AD, niti stalno zapo\u0161ljeni u kompaniji. Do sada je funkciju u Revizorskom odboru obavljao profesionalno korektno, a za predsjednika Revizorskog odbora imenovan je od strane \u010dlanova tog tijela. Na\u0161a kompanija izgra\u0111ena je i funkcioni\u0161e na temeljima zajedni\u0161tva, jednakosti, multinacionalnosti i multikulturalnosti. Kao takva prepoznata je ne samo u doma\u0107im, ve\u0107 i u me\u0111unarodnim okvirima. U cilju dosljednog o\u010duvanja tako izgra\u0111enog, vi\u0161e od jednog vijeka bri\u017eljivo gra\u0111enog imid\u017ea, kao i eti\u010dkih i moralnih standarda kompanije, Odbor direktora i Menad\u017ement, o\u0161tro osu\u0111uju izjavu g-dina Ostoji\u0107a, koja se ne mo\u017ee, niti smije dovoditi u kontekst sa kompanijskom politikom i principima funkcionisanja i rukovo\u0111enja. U luci, kao uostalom i u gradu Baru, danas se slavi Ramazanski Bajram, kao \u0161to su se slavili i katoli\u010dki Uskrs i pravoslavni Vaskrs. Sve praznike zajedno slavimo, po\u0161tujemo i uva\u017eavamo, stoga jedan subjektivni, privatni stav profesionalno anga\u017eovanog lica, sigurni smo ne\u0107e poremetiti, niti promjeniti funkcionisanje na\u0161e kompanije. Ali, isto tako apelujemo\u00a0 na sve u\u010desnike javnog i politi\u010dkog \u017eivota &#8211; da se ovaj slu\u010daj ne politizuje, ne instrumentalizuje u dnevno &#8211; politi\u010dke svrhe i da nikako ne slu\u017ei za bilo kakvo podizanje tenzija u ovim blagim danima.<\/p>","protected":false},"author":1,"featured_media":15556,"comment_status":"open","ping_status":"open","sticky":false,"template":"","format":"standard","meta":{"footnotes":""},"categories":[17],"tags":[],"class_list":["post-15767","post","type-post","status-publish","format-standard","has-post-thumbnail","hentry","category-novosti"],"blocksy_meta":[],"yoast_head":"<!-- This site is optimized with the Yoast SEO plugin v27.5 - https:\/\/yoast.com\/product\/yoast-seo-wordpress\/ -->\n<title>Saop\u0161tenje Odbora direktora i Izvr\u0161nog menad\u017ementa \u201cLuka Bar\u201d AD<\/title>\n<meta name=\"description\" content=\"Povodom izjave Predsjednika Revizorskog odbora &quot;Luka Bar&quot; AD Milo\u0161a Ostoji\u0107a, koju je objavio na privatnom profilu na dru\u0161tvenoj mre\u017ei, a koja je\" \/>\n<meta name=\"robots\" content=\"index, follow, max-snippet:-1, max-image-preview:large, max-video-preview:-1\" \/>\n<link rel=\"canonical\" href=\"https:\/\/lukabar.me\/en\/saopstenje-odbora-direktora-i-izvrsnog-menadzmenta-luka-bar-ad\/\" \/>\n<meta property=\"og:locale\" content=\"en_US\" \/>\n<meta property=\"og:type\" content=\"article\" \/>\n<meta property=\"og:title\" content=\"Saop\u0161tenje Odbora direktora i Izvr\u0161nog menad\u017ementa \u201cLuka Bar\u201d AD\" \/>\n<meta property=\"og:description\" content=\"Povodom izjave Predsjednika Revizorskog odbora &quot;Luka Bar&quot; AD Milo\u0161a Ostoji\u0107a, koju je objavio na privatnom profilu na dru\u0161tvenoj mre\u017ei, a koja je\" \/>\n<meta property=\"og:url\" content=\"https:\/\/lukabar.me\/en\/saopstenje-odbora-direktora-i-izvrsnog-menadzmenta-luka-bar-ad\/\" \/>\n<meta property=\"og:site_name\" content=\"Luka Bar | Port of Bar - Connecting Montenegro to Global Trade\" \/>\n<meta property=\"article:publisher\" content=\"https:\/\/www.facebook.com\/portofbar\" \/>\n<meta property=\"article:published_time\" content=\"2023-04-22T12:20:00+00:00\" \/>\n<meta property=\"article:modified_time\" content=\"2024-08-20T12:21:58+00:00\" \/>\n<meta property=\"og:image\" content=\"https:\/\/lukabar.me\/wp-content\/uploads\/2024\/08\/7-scaled.jpg\" \/>\n\t<meta property=\"og:image:width\" content=\"2560\" \/>\n\t<meta property=\"og:image:height\" content=\"1532\" \/>\n\t<meta property=\"og:image:type\" content=\"image\/jpeg\" \/>\n<meta name=\"author\" content=\"qyqzntmy\" \/>\n<meta name=\"twitter:card\" content=\"summary_large_image\" \/>\n<meta name=\"twitter:creator\" content=\"@portofbar\" \/>\n<meta name=\"twitter:site\" content=\"@portofbar\" \/>\n<meta name=\"twitter:label1\" content=\"Written by\" \/>\n\t<meta name=\"twitter:data1\" content=\"qyqzntmy\" \/>\n\t<meta name=\"twitter:label2\" content=\"Est. reading time\" \/>\n\t<meta name=\"twitter:data2\" content=\"1 minute\" \/>\n<script type=\"application\/ld+json\" class=\"yoast-schema-graph\">{\"@context\":\"https:\\\/\\\/schema.org\",\"@graph\":[{\"@type\":\"Article\",\"@id\":\"https:\\\/\\\/lukabar.me\\\/saopstenje-odbora-direktora-i-izvrsnog-menadzmenta-luka-bar-ad\\\/#article\",\"isPartOf\":{\"@id\":\"https:\\\/\\\/lukabar.me\\\/saopstenje-odbora-direktora-i-izvrsnog-menadzmenta-luka-bar-ad\\\/\"},\"author\":{\"name\":\"qyqzntmy\",\"@id\":\"https:\\\/\\\/lukabar.me\\\/#\\\/schema\\\/person\\\/84ccd15ea8529df078a6db7f01d0cf50\"},\"headline\":\"Saop\u0161tenje Odbora direktora i Izvr\u0161nog menad\u017ementa \u201cLuka Bar\u201d AD\",\"datePublished\":\"2023-04-22T12:20:00+00:00\",\"dateModified\":\"2024-08-20T12:21:58+00:00\",\"mainEntityOfPage\":{\"@id\":\"https:\\\/\\\/lukabar.me\\\/saopstenje-odbora-direktora-i-izvrsnog-menadzmenta-luka-bar-ad\\\/\"},\"wordCount\":303,\"commentCount\":0,\"publisher\":{\"@id\":\"https:\\\/\\\/lukabar.me\\\/#organization\"},\"image\":{\"@id\":\"https:\\\/\\\/lukabar.me\\\/saopstenje-odbora-direktora-i-izvrsnog-menadzmenta-luka-bar-ad\\\/#primaryimage\"},\"thumbnailUrl\":\"https:\\\/\\\/lukabar.me\\\/wp-content\\\/uploads\\\/2024\\\/08\\\/7-scaled.jpg\",\"articleSection\":[\"Novosti\"],\"inLanguage\":\"en-US\",\"potentialAction\":[{\"@type\":\"CommentAction\",\"name\":\"Comment\",\"target\":[\"https:\\\/\\\/lukabar.me\\\/saopstenje-odbora-direktora-i-izvrsnog-menadzmenta-luka-bar-ad\\\/#respond\"]}]},{\"@type\":\"WebPage\",\"@id\":\"https:\\\/\\\/lukabar.me\\\/saopstenje-odbora-direktora-i-izvrsnog-menadzmenta-luka-bar-ad\\\/\",\"url\":\"https:\\\/\\\/lukabar.me\\\/saopstenje-odbora-direktora-i-izvrsnog-menadzmenta-luka-bar-ad\\\/\",\"name\":\"Saop\u0161tenje Odbora direktora i Izvr\u0161nog menad\u017ementa \u201cLuka Bar\u201d AD\",\"isPartOf\":{\"@id\":\"https:\\\/\\\/lukabar.me\\\/#website\"},\"primaryImageOfPage\":{\"@id\":\"https:\\\/\\\/lukabar.me\\\/saopstenje-odbora-direktora-i-izvrsnog-menadzmenta-luka-bar-ad\\\/#primaryimage\"},\"image\":{\"@id\":\"https:\\\/\\\/lukabar.me\\\/saopstenje-odbora-direktora-i-izvrsnog-menadzmenta-luka-bar-ad\\\/#primaryimage\"},\"thumbnailUrl\":\"https:\\\/\\\/lukabar.me\\\/wp-content\\\/uploads\\\/2024\\\/08\\\/7-scaled.jpg\",\"datePublished\":\"2023-04-22T12:20:00+00:00\",\"dateModified\":\"2024-08-20T12:21:58+00:00\",\"description\":\"Povodom izjave Predsjednika Revizorskog odbora \\\"Luka Bar\\\" AD Milo\u0161a Ostoji\u0107a, koju je objavio na privatnom profilu na dru\u0161tvenoj mre\u017ei, a koja je\",\"breadcrumb\":{\"@id\":\"https:\\\/\\\/lukabar.me\\\/saopstenje-odbora-direktora-i-izvrsnog-menadzmenta-luka-bar-ad\\\/#breadcrumb\"},\"inLanguage\":\"en-US\",\"potentialAction\":[{\"@type\":\"ReadAction\",\"target\":[\"https:\\\/\\\/lukabar.me\\\/saopstenje-odbora-direktora-i-izvrsnog-menadzmenta-luka-bar-ad\\\/\"]}]},{\"@type\":\"ImageObject\",\"inLanguage\":\"en-US\",\"@id\":\"https:\\\/\\\/lukabar.me\\\/saopstenje-odbora-direktora-i-izvrsnog-menadzmenta-luka-bar-ad\\\/#primaryimage\",\"url\":\"https:\\\/\\\/lukabar.me\\\/wp-content\\\/uploads\\\/2024\\\/08\\\/7-scaled.jpg\",\"contentUrl\":\"https:\\\/\\\/lukabar.me\\\/wp-content\\\/uploads\\\/2024\\\/08\\\/7-scaled.jpg\",\"width\":2560,\"height\":1532},{\"@type\":\"BreadcrumbList\",\"@id\":\"https:\\\/\\\/lukabar.me\\\/saopstenje-odbora-direktora-i-izvrsnog-menadzmenta-luka-bar-ad\\\/#breadcrumb\",\"itemListElement\":[{\"@type\":\"ListItem\",\"position\":1,\"name\":\"Home\",\"item\":\"https:\\\/\\\/lukabar.me\\\/\"},{\"@type\":\"ListItem\",\"position\":2,\"name\":\"Saop\u0161tenje Odbora direktora i Izvr\u0161nog menad\u017ementa \u201cLuka Bar\u201d AD\"}]},{\"@type\":\"WebSite\",\"@id\":\"https:\\\/\\\/lukabar.me\\\/#website\",\"url\":\"https:\\\/\\\/lukabar.me\\\/\",\"name\":\"Luka Bar | Port of Bar - Connecting Montenegro to Global Trade\",\"description\":\"Svijet na Dohvat Luke | World Within Port&#039;s Reach\",\"publisher\":{\"@id\":\"https:\\\/\\\/lukabar.me\\\/#organization\"},\"alternateName\":\"Luka Bar | Port of Bar\",\"potentialAction\":[{\"@type\":\"SearchAction\",\"target\":{\"@type\":\"EntryPoint\",\"urlTemplate\":\"https:\\\/\\\/lukabar.me\\\/?s={search_term_string}\"},\"query-input\":{\"@type\":\"PropertyValueSpecification\",\"valueRequired\":true,\"valueName\":\"search_term_string\"}}],\"inLanguage\":\"en-US\"},{\"@type\":\"Organization\",\"@id\":\"https:\\\/\\\/lukabar.me\\\/#organization\",\"name\":\"Luka Bar | Port of Bar - Connecting Montenegro to Global Trade\",\"alternateName\":\"Luka Bar | Port of Bar\",\"url\":\"https:\\\/\\\/lukabar.me\\\/\",\"logo\":{\"@type\":\"ImageObject\",\"inLanguage\":\"en-US\",\"@id\":\"https:\\\/\\\/lukabar.me\\\/#\\\/schema\\\/logo\\\/image\\\/\",\"url\":\"https:\\\/\\\/lukabar.me\\\/wp-content\\\/uploads\\\/2025\\\/01\\\/lukabar-logo-seo-01-scaled.jpg\",\"contentUrl\":\"https:\\\/\\\/lukabar.me\\\/wp-content\\\/uploads\\\/2025\\\/01\\\/lukabar-logo-seo-01-scaled.jpg\",\"width\":2560,\"height\":2560,\"caption\":\"Luka Bar | Port of Bar - Connecting Montenegro to Global Trade\"},\"image\":{\"@id\":\"https:\\\/\\\/lukabar.me\\\/#\\\/schema\\\/logo\\\/image\\\/\"},\"sameAs\":[\"https:\\\/\\\/www.facebook.com\\\/portofbar\",\"https:\\\/\\\/x.com\\\/portofbar\",\"https:\\\/\\\/instagram.com\\\/portofbar\",\"https:\\\/\\\/www.linkedin.com\\\/company\\\/port-of-bar\",\"https:\\\/\\\/www.youtube.com\\\/@portofbarmontenegro\"]},{\"@type\":\"Person\",\"@id\":\"https:\\\/\\\/lukabar.me\\\/#\\\/schema\\\/person\\\/84ccd15ea8529df078a6db7f01d0cf50\",\"name\":\"qyqzntmy\",\"image\":{\"@type\":\"ImageObject\",\"inLanguage\":\"en-US\",\"@id\":\"https:\\\/\\\/secure.gravatar.com\\\/avatar\\\/34512178c8047217f2f61ffdd71737957c3b33f2936e498c6153ae6dab2989ba?s=96&d=mm&r=g\",\"url\":\"https:\\\/\\\/secure.gravatar.com\\\/avatar\\\/34512178c8047217f2f61ffdd71737957c3b33f2936e498c6153ae6dab2989ba?s=96&d=mm&r=g\",\"contentUrl\":\"https:\\\/\\\/secure.gravatar.com\\\/avatar\\\/34512178c8047217f2f61ffdd71737957c3b33f2936e498c6153ae6dab2989ba?s=96&d=mm&r=g\",\"caption\":\"qyqzntmy\"},\"sameAs\":[\"https:\\\/\\\/lukabar.me\"],\"url\":\"https:\\\/\\\/lukabar.me\\\/en\\\/author\\\/qyqzntmy\\\/\"}]}<\/script>\n<!-- \/ Yoast SEO plugin. -->","yoast_head_json":{"title":"Saop\u0161tenje Odbora direktora i Izvr\u0161nog menad\u017ementa \u201cLuka Bar\u201d AD","description":"Povodom izjave Predsjednika Revizorskog odbora \"Luka Bar\" AD Milo\u0161a Ostoji\u0107a, koju je objavio na privatnom profilu na dru\u0161tvenoj mre\u017ei, a koja je","robots":{"index":"index","follow":"follow","max-snippet":"max-snippet:-1","max-image-preview":"max-image-preview:large","max-video-preview":"max-video-preview:-1"},"canonical":"https:\/\/lukabar.me\/en\/saopstenje-odbora-direktora-i-izvrsnog-menadzmenta-luka-bar-ad\/","og_locale":"en_US","og_type":"article","og_title":"Saop\u0161tenje Odbora direktora i Izvr\u0161nog menad\u017ementa \u201cLuka Bar\u201d AD","og_description":"Povodom izjave Predsjednika Revizorskog odbora \"Luka Bar\" AD Milo\u0161a Ostoji\u0107a, koju je objavio na privatnom profilu na dru\u0161tvenoj mre\u017ei, a koja je","og_url":"https:\/\/lukabar.me\/en\/saopstenje-odbora-direktora-i-izvrsnog-menadzmenta-luka-bar-ad\/","og_site_name":"Luka Bar | Port of Bar - Connecting Montenegro to Global Trade","article_publisher":"https:\/\/www.facebook.com\/portofbar","article_published_time":"2023-04-22T12:20:00+00:00","article_modified_time":"2024-08-20T12:21:58+00:00","og_image":[{"width":2560,"height":1532,"url":"https:\/\/lukabar.me\/wp-content\/uploads\/2024\/08\/7-scaled.jpg","type":"image\/jpeg"}],"author":"qyqzntmy","twitter_card":"summary_large_image","twitter_creator":"@portofbar","twitter_site":"@portofbar","twitter_misc":{"Written by":"qyqzntmy","Est. reading time":"1 minute"},"schema":{"@context":"https:\/\/schema.org","@graph":[{"@type":"Article","@id":"https:\/\/lukabar.me\/saopstenje-odbora-direktora-i-izvrsnog-menadzmenta-luka-bar-ad\/#article","isPartOf":{"@id":"https:\/\/lukabar.me\/saopstenje-odbora-direktora-i-izvrsnog-menadzmenta-luka-bar-ad\/"},"author":{"name":"qyqzntmy","@id":"https:\/\/lukabar.me\/#\/schema\/person\/84ccd15ea8529df078a6db7f01d0cf50"},"headline":"Saop\u0161tenje Odbora direktora i Izvr\u0161nog menad\u017ementa \u201cLuka Bar\u201d AD","datePublished":"2023-04-22T12:20:00+00:00","dateModified":"2024-08-20T12:21:58+00:00","mainEntityOfPage":{"@id":"https:\/\/lukabar.me\/saopstenje-odbora-direktora-i-izvrsnog-menadzmenta-luka-bar-ad\/"},"wordCount":303,"commentCount":0,"publisher":{"@id":"https:\/\/lukabar.me\/#organization"},"image":{"@id":"https:\/\/lukabar.me\/saopstenje-odbora-direktora-i-izvrsnog-menadzmenta-luka-bar-ad\/#primaryimage"},"thumbnailUrl":"https:\/\/lukabar.me\/wp-content\/uploads\/2024\/08\/7-scaled.jpg","articleSection":["Novosti"],"inLanguage":"en-US","potentialAction":[{"@type":"CommentAction","name":"Comment","target":["https:\/\/lukabar.me\/saopstenje-odbora-direktora-i-izvrsnog-menadzmenta-luka-bar-ad\/#respond"]}]},{"@type":"WebPage","@id":"https:\/\/lukabar.me\/saopstenje-odbora-direktora-i-izvrsnog-menadzmenta-luka-bar-ad\/","url":"https:\/\/lukabar.me\/saopstenje-odbora-direktora-i-izvrsnog-menadzmenta-luka-bar-ad\/","name":"Saop\u0161tenje Odbora direktora i Izvr\u0161nog menad\u017ementa \u201cLuka Bar\u201d AD","isPartOf":{"@id":"https:\/\/lukabar.me\/#website"},"primaryImageOfPage":{"@id":"https:\/\/lukabar.me\/saopstenje-odbora-direktora-i-izvrsnog-menadzmenta-luka-bar-ad\/#primaryimage"},"image":{"@id":"https:\/\/lukabar.me\/saopstenje-odbora-direktora-i-izvrsnog-menadzmenta-luka-bar-ad\/#primaryimage"},"thumbnailUrl":"https:\/\/lukabar.me\/wp-content\/uploads\/2024\/08\/7-scaled.jpg","datePublished":"2023-04-22T12:20:00+00:00","dateModified":"2024-08-20T12:21:58+00:00","description":"Povodom izjave Predsjednika Revizorskog odbora \"Luka Bar\" AD Milo\u0161a Ostoji\u0107a, koju je objavio na privatnom profilu na dru\u0161tvenoj mre\u017ei, a koja je","breadcrumb":{"@id":"https:\/\/lukabar.me\/saopstenje-odbora-direktora-i-izvrsnog-menadzmenta-luka-bar-ad\/#breadcrumb"},"inLanguage":"en-US","potentialAction":[{"@type":"ReadAction","target":["https:\/\/lukabar.me\/saopstenje-odbora-direktora-i-izvrsnog-menadzmenta-luka-bar-ad\/"]}]},{"@type":"ImageObject","inLanguage":"en-US","@id":"https:\/\/lukabar.me\/saopstenje-odbora-direktora-i-izvrsnog-menadzmenta-luka-bar-ad\/#primaryimage","url":"https:\/\/lukabar.me\/wp-content\/uploads\/2024\/08\/7-scaled.jpg","contentUrl":"https:\/\/lukabar.me\/wp-content\/uploads\/2024\/08\/7-scaled.jpg","width":2560,"height":1532},{"@type":"BreadcrumbList","@id":"https:\/\/lukabar.me\/saopstenje-odbora-direktora-i-izvrsnog-menadzmenta-luka-bar-ad\/#breadcrumb","itemListElement":[{"@type":"ListItem","position":1,"name":"Home","item":"https:\/\/lukabar.me\/"},{"@type":"ListItem","position":2,"name":"Saop\u0161tenje Odbora direktora i Izvr\u0161nog menad\u017ementa \u201cLuka Bar\u201d AD"}]},{"@type":"WebSite","@id":"https:\/\/lukabar.me\/#website","url":"https:\/\/lukabar.me\/","name":"Port of Bar | Port of Bar - Connecting Montenegro to Global Trade","description":"World at the Reach of Luke | World Within Port&#039;s Reach","publisher":{"@id":"https:\/\/lukabar.me\/#organization"},"alternateName":"Luka Bar | Port of Bar","potentialAction":[{"@type":"SearchAction","target":{"@type":"EntryPoint","urlTemplate":"https:\/\/lukabar.me\/?s={search_term_string}"},"query-input":{"@type":"PropertyValueSpecification","valueRequired":true,"valueName":"search_term_string"}}],"inLanguage":"en-US"},{"@type":"Organization","@id":"https:\/\/lukabar.me\/#organization","name":"Port of Bar | Port of Bar - Connecting Montenegro to Global Trade","alternateName":"Luka Bar | Port of Bar","url":"https:\/\/lukabar.me\/","logo":{"@type":"ImageObject","inLanguage":"en-US","@id":"https:\/\/lukabar.me\/#\/schema\/logo\/image\/","url":"https:\/\/lukabar.me\/wp-content\/uploads\/2025\/01\/lukabar-logo-seo-01-scaled.jpg","contentUrl":"https:\/\/lukabar.me\/wp-content\/uploads\/2025\/01\/lukabar-logo-seo-01-scaled.jpg","width":2560,"height":2560,"caption":"Luka Bar | Port of Bar - Connecting Montenegro to Global Trade"},"image":{"@id":"https:\/\/lukabar.me\/#\/schema\/logo\/image\/"},"sameAs":["https:\/\/www.facebook.com\/portofbar","https:\/\/x.com\/portofbar","https:\/\/instagram.com\/portofbar","https:\/\/www.linkedin.com\/company\/port-of-bar","https:\/\/www.youtube.com\/@portofbarmontenegro"]},{"@type":"Person","@id":"https:\/\/lukabar.me\/#\/schema\/person\/84ccd15ea8529df078a6db7f01d0cf50","name":"qyqzntmy","image":{"@type":"ImageObject","inLanguage":"en-US","@id":"https:\/\/secure.gravatar.com\/avatar\/34512178c8047217f2f61ffdd71737957c3b33f2936e498c6153ae6dab2989ba?s=96&d=mm&r=g","url":"https:\/\/secure.gravatar.com\/avatar\/34512178c8047217f2f61ffdd71737957c3b33f2936e498c6153ae6dab2989ba?s=96&d=mm&r=g","contentUrl":"https:\/\/secure.gravatar.com\/avatar\/34512178c8047217f2f61ffdd71737957c3b33f2936e498c6153ae6dab2989ba?s=96&d=mm&r=g","caption":"qyqzntmy"},"sameAs":["https:\/\/lukabar.me"],"url":"https:\/\/lukabar.me\/en\/author\/qyqzntmy\/"}]}},"_links":{"self":[{"href":"https:\/\/lukabar.me\/en\/wp-json\/wp\/v2\/posts\/15767","targetHints":{"allow":["GET"]}}],"collection":[{"href":"https:\/\/lukabar.me\/en\/wp-json\/wp\/v2\/posts"}],"about":[{"href":"https:\/\/lukabar.me\/en\/wp-json\/wp\/v2\/types\/post"}],"author":[{"embeddable":true,"href":"https:\/\/lukabar.me\/en\/wp-json\/wp\/v2\/users\/1"}],"replies":[{"embeddable":true,"href":"https:\/\/lukabar.me\/en\/wp-json\/wp\/v2\/comments?post=15767"}],"version-history":[{"count":4,"href":"https:\/\/lukabar.me\/en\/wp-json\/wp\/v2\/posts\/15767\/revisions"}],"predecessor-version":[{"id":15772,"href":"https:\/\/lukabar.me\/en\/wp-json\/wp\/v2\/posts\/15767\/revisions\/15772"}],"wp:featuredmedia":[{"embeddable":true,"href":"https:\/\/lukabar.me\/en\/wp-json\/wp\/v2\/media\/15556"}],"wp:attachment":[{"href":"https:\/\/lukabar.me\/en\/wp-json\/wp\/v2\/media?parent=15767"}],"wp:term":[{"taxonomy":"category","embeddable":true,"href":"https:\/\/lukabar.me\/en\/wp-json\/wp\/v2\/categories?post=15767"},{"taxonomy":"post_tag","embeddable":true,"href":"https:\/\/lukabar.me\/en\/wp-json\/wp\/v2\/tags?post=15767"}],"curies":[{"name":"wp","href":"https:\/\/api.w.org\/{rel}","templated":true}]}}