{"id":15780,"date":"2023-04-24T14:25:00","date_gmt":"2023-04-24T12:25:00","guid":{"rendered":"https:\/\/lukabar.me\/?p=15780"},"modified":"2024-08-20T14:27:28","modified_gmt":"2024-08-20T12:27:28","slug":"saopstenje-odbora-direktora-i-izvrsnog-menadzmenta-luka-bar-ad-2","status":"publish","type":"post","link":"https:\/\/lukabar.me\/en\/saopstenje-odbora-direktora-i-izvrsnog-menadzmenta-luka-bar-ad-2\/","title":{"rendered":"Saop\u0161tenje Odbora direktora i Izvr\u0161nog menad\u017ementa \u201cLuka Bar\u201d AD"},"content":{"rendered":"<div data-elementor-type=\"wp-post\" data-elementor-id=\"15780\" class=\"elementor elementor-15780\">\n\t\t\t\t<div class=\"elementor-element elementor-element-52cb1ce e-flex e-con-boxed wpr-particle-no wpr-jarallax-no wpr-parallax-no wpr-sticky-section-no wpr-equal-height-no e-con e-parent\" data-id=\"52cb1ce\" data-element_type=\"container\" data-e-type=\"container\">\n\t\t\t\t\t<div class=\"e-con-inner\">\n\t\t\t\t<div class=\"elementor-element elementor-element-a4c9d26 de_scroll_animation_no exad-sticky-section-no exad-glass-effect-no elementor-widget elementor-widget-text-editor\" data-id=\"a4c9d26\" data-element_type=\"widget\" data-e-type=\"widget\" data-widget_type=\"text-editor.default\">\n\t\t\t\t<div class=\"elementor-widget-container\">\n\t\t\t\t\t\t\t\t\t<p>Danas je odr\u017eana sjednica Odbora direktora \u201eLuka Bar\u201c AD, na kojoj je razrije\u0161en Milo\u0161 Ostoji\u0107 sa funkcije Predsjednika Revizorskog odbora i \u010dlanstva u RO, zbog izjave koju je objavio na privatnom profilu na dru\u0161tvenoj mre\u017ei, a koja je prenesena u medijima.<\/p><p>Odbor direktora \u201eLuka Bar\u201c AD, za smjenu g-dina Ostoji\u0107a, isklju\u010divo se vodio poslovnom politikom kompanije koju afirmi\u0161e, zajedno sa Izvr\u0161nim menad\u017ementom, a koja prvenstveno ima za cilj o\u010duvanje uspostavljenih eti\u010dkih na\u010dela i podsticanje profesionalizma u radu. Predsjednik, Zamjenik i \u010dlanovi Odbora direktora, zahvaili su se g-dinu Ostoji\u0107u na korektnom radu u Revizorskom odboru kompanije.<\/p><p>Jedinstvenim stavom, Odbor direktora \u201eLuka Bar\u201c AD\u00a0 istakao je, da svaki\u00a0 pojedinac koji svojom izjavom i li\u010dnim stavom, pona\u0161anjem, izlazi iz okvira poslovne politike koja ima za cilj trajne zajedni\u010dke vrijednosti, profesionalne standarde u radu i eti\u010dke norme, mora biti razrije\u0161en sa du\u017enosti, bez obzira na koju je funkciju lice anga\u017eovano ili\u00a0 zaposleni raspore\u0111en u \u201eLuka Bar\u201c AD i isti ne mo\u017ee biti dio sistema ubudu\u0107e.<\/p><p>U skladu sa Eti\u010dkim kodeksom u \u201cLuka Bar\u201d AD, nulta je tolerancija na kr\u0161enje odredbi, kojima se jasno defini\u0161e da Luka svoje poslovanje gradi na trajnim vrijednostima, eti\u010dkim normama, standardima i uzusima kojima se profili\u0161e i afirmi\u0161e profesionalizam, efikasnost, izvrsnost kao bitni elementi svog korporativnog identiteta i integriteta.<\/p>\t\t\t\t\t\t\t\t<\/div>\n\t\t\t\t<\/div>\n\t\t\t\t\t<\/div>\n\t\t\t\t<\/div>\n\t\t\t\t<\/div>","protected":false},"excerpt":{"rendered":"<p>Danas je odr\u017eana sjednica Odbora direktora \u201eLuka Bar\u201c AD, na kojoj je razrije\u0161en Milo\u0161 Ostoji\u0107 sa funkcije Predsjednika Revizorskog odbora i \u010dlanstva u RO, zbog izjave koju je objavio na privatnom profilu na dru\u0161tvenoj mre\u017ei, a koja je prenesena u medijima. Odbor direktora \u201eLuka Bar\u201c AD, za smjenu g-dina Ostoji\u0107a, isklju\u010divo se vodio poslovnom politikom kompanije koju afirmi\u0161e, zajedno sa Izvr\u0161nim menad\u017ementom, a koja prvenstveno ima za cilj o\u010duvanje uspostavljenih eti\u010dkih na\u010dela i podsticanje profesionalizma u radu. Predsjednik, Zamjenik i \u010dlanovi Odbora direktora, zahvaili su se g-dinu Ostoji\u0107u na korektnom radu u Revizorskom odboru kompanije. Jedinstvenim stavom, Odbor direktora \u201eLuka Bar\u201c AD\u00a0 istakao je, da svaki\u00a0 pojedinac koji svojom izjavom i li\u010dnim stavom, pona\u0161anjem, izlazi iz okvira poslovne politike koja ima za cilj trajne zajedni\u010dke vrijednosti, profesionalne standarde u radu i eti\u010dke norme, mora biti razrije\u0161en sa du\u017enosti, bez obzira na koju je funkciju lice anga\u017eovano ili\u00a0 zaposleni raspore\u0111en u \u201eLuka Bar\u201c AD i isti ne mo\u017ee biti dio sistema ubudu\u0107e. U skladu sa Eti\u010dkim kodeksom u \u201cLuka Bar\u201d AD, nulta je tolerancija na kr\u0161enje odredbi, kojima se jasno defini\u0161e da Luka svoje poslovanje gradi na trajnim vrijednostima, eti\u010dkim normama, standardima i uzusima kojima se profili\u0161e i afirmi\u0161e profesionalizam, efikasnost, izvrsnost kao bitni elementi svog korporativnog identiteta i integriteta.<\/p>","protected":false},"author":1,"featured_media":15556,"comment_status":"open","ping_status":"open","sticky":false,"template":"","format":"standard","meta":{"footnotes":""},"categories":[17],"tags":[],"class_list":["post-15780","post","type-post","status-publish","format-standard","has-post-thumbnail","hentry","category-novosti"],"blocksy_meta":[],"yoast_head":"<!-- This site is optimized with the Yoast SEO plugin v27.5 - https:\/\/yoast.com\/product\/yoast-seo-wordpress\/ -->\n<title>Saop\u0161tenje Odbora direktora i Izvr\u0161nog menad\u017ementa \u201cLuka Bar\u201d AD<\/title>\n<meta name=\"description\" content=\"Danas je odr\u017eana sjednica Odbora direktora \u201eLuka Bar\u201c AD, na kojoj je razrije\u0161en Milo\u0161 Ostoji\u0107 sa funkcije Predsjednika Revizorskog odbora i \u010dlanstva u\" \/>\n<meta name=\"robots\" content=\"index, follow, max-snippet:-1, max-image-preview:large, max-video-preview:-1\" \/>\n<link rel=\"canonical\" href=\"https:\/\/lukabar.me\/en\/saopstenje-odbora-direktora-i-izvrsnog-menadzmenta-luka-bar-ad-2\/\" \/>\n<meta property=\"og:locale\" content=\"en_US\" \/>\n<meta property=\"og:type\" content=\"article\" \/>\n<meta property=\"og:title\" content=\"Saop\u0161tenje Odbora direktora i Izvr\u0161nog menad\u017ementa \u201cLuka Bar\u201d AD\" \/>\n<meta property=\"og:description\" content=\"Danas je odr\u017eana sjednica Odbora direktora \u201eLuka Bar\u201c AD, na kojoj je razrije\u0161en Milo\u0161 Ostoji\u0107 sa funkcije Predsjednika Revizorskog odbora i \u010dlanstva u\" \/>\n<meta property=\"og:url\" content=\"https:\/\/lukabar.me\/en\/saopstenje-odbora-direktora-i-izvrsnog-menadzmenta-luka-bar-ad-2\/\" \/>\n<meta property=\"og:site_name\" content=\"Luka Bar | Port of Bar - Connecting Montenegro to Global Trade\" \/>\n<meta property=\"article:publisher\" content=\"https:\/\/www.facebook.com\/portofbar\" \/>\n<meta property=\"article:published_time\" content=\"2023-04-24T12:25:00+00:00\" \/>\n<meta property=\"article:modified_time\" content=\"2024-08-20T12:27:28+00:00\" \/>\n<meta property=\"og:image\" content=\"https:\/\/lukabar.me\/wp-content\/uploads\/2024\/08\/7-scaled.jpg\" \/>\n\t<meta property=\"og:image:width\" content=\"2560\" \/>\n\t<meta property=\"og:image:height\" content=\"1532\" \/>\n\t<meta property=\"og:image:type\" content=\"image\/jpeg\" \/>\n<meta name=\"author\" content=\"qyqzntmy\" \/>\n<meta name=\"twitter:card\" content=\"summary_large_image\" \/>\n<meta name=\"twitter:creator\" content=\"@portofbar\" \/>\n<meta name=\"twitter:site\" content=\"@portofbar\" \/>\n<meta name=\"twitter:label1\" content=\"Written by\" \/>\n\t<meta name=\"twitter:data1\" content=\"qyqzntmy\" \/>\n\t<meta name=\"twitter:label2\" content=\"Est. reading time\" \/>\n\t<meta name=\"twitter:data2\" content=\"1 minute\" \/>\n<script type=\"application\/ld+json\" class=\"yoast-schema-graph\">{\"@context\":\"https:\\\/\\\/schema.org\",\"@graph\":[{\"@type\":\"Article\",\"@id\":\"https:\\\/\\\/lukabar.me\\\/saopstenje-odbora-direktora-i-izvrsnog-menadzmenta-luka-bar-ad-2\\\/#article\",\"isPartOf\":{\"@id\":\"https:\\\/\\\/lukabar.me\\\/saopstenje-odbora-direktora-i-izvrsnog-menadzmenta-luka-bar-ad-2\\\/\"},\"author\":{\"name\":\"qyqzntmy\",\"@id\":\"https:\\\/\\\/lukabar.me\\\/#\\\/schema\\\/person\\\/84ccd15ea8529df078a6db7f01d0cf50\"},\"headline\":\"Saop\u0161tenje Odbora direktora i Izvr\u0161nog menad\u017ementa \u201cLuka Bar\u201d AD\",\"datePublished\":\"2023-04-24T12:25:00+00:00\",\"dateModified\":\"2024-08-20T12:27:28+00:00\",\"mainEntityOfPage\":{\"@id\":\"https:\\\/\\\/lukabar.me\\\/saopstenje-odbora-direktora-i-izvrsnog-menadzmenta-luka-bar-ad-2\\\/\"},\"wordCount\":250,\"commentCount\":0,\"publisher\":{\"@id\":\"https:\\\/\\\/lukabar.me\\\/#organization\"},\"image\":{\"@id\":\"https:\\\/\\\/lukabar.me\\\/saopstenje-odbora-direktora-i-izvrsnog-menadzmenta-luka-bar-ad-2\\\/#primaryimage\"},\"thumbnailUrl\":\"https:\\\/\\\/lukabar.me\\\/wp-content\\\/uploads\\\/2024\\\/08\\\/7-scaled.jpg\",\"articleSection\":[\"Novosti\"],\"inLanguage\":\"en-US\",\"potentialAction\":[{\"@type\":\"CommentAction\",\"name\":\"Comment\",\"target\":[\"https:\\\/\\\/lukabar.me\\\/saopstenje-odbora-direktora-i-izvrsnog-menadzmenta-luka-bar-ad-2\\\/#respond\"]}]},{\"@type\":\"WebPage\",\"@id\":\"https:\\\/\\\/lukabar.me\\\/saopstenje-odbora-direktora-i-izvrsnog-menadzmenta-luka-bar-ad-2\\\/\",\"url\":\"https:\\\/\\\/lukabar.me\\\/saopstenje-odbora-direktora-i-izvrsnog-menadzmenta-luka-bar-ad-2\\\/\",\"name\":\"Saop\u0161tenje Odbora direktora i Izvr\u0161nog menad\u017ementa \u201cLuka Bar\u201d AD\",\"isPartOf\":{\"@id\":\"https:\\\/\\\/lukabar.me\\\/#website\"},\"primaryImageOfPage\":{\"@id\":\"https:\\\/\\\/lukabar.me\\\/saopstenje-odbora-direktora-i-izvrsnog-menadzmenta-luka-bar-ad-2\\\/#primaryimage\"},\"image\":{\"@id\":\"https:\\\/\\\/lukabar.me\\\/saopstenje-odbora-direktora-i-izvrsnog-menadzmenta-luka-bar-ad-2\\\/#primaryimage\"},\"thumbnailUrl\":\"https:\\\/\\\/lukabar.me\\\/wp-content\\\/uploads\\\/2024\\\/08\\\/7-scaled.jpg\",\"datePublished\":\"2023-04-24T12:25:00+00:00\",\"dateModified\":\"2024-08-20T12:27:28+00:00\",\"description\":\"Danas je odr\u017eana sjednica Odbora direktora \u201eLuka Bar\u201c AD, na kojoj je razrije\u0161en Milo\u0161 Ostoji\u0107 sa funkcije Predsjednika Revizorskog odbora i \u010dlanstva u\",\"breadcrumb\":{\"@id\":\"https:\\\/\\\/lukabar.me\\\/saopstenje-odbora-direktora-i-izvrsnog-menadzmenta-luka-bar-ad-2\\\/#breadcrumb\"},\"inLanguage\":\"en-US\",\"potentialAction\":[{\"@type\":\"ReadAction\",\"target\":[\"https:\\\/\\\/lukabar.me\\\/saopstenje-odbora-direktora-i-izvrsnog-menadzmenta-luka-bar-ad-2\\\/\"]}]},{\"@type\":\"ImageObject\",\"inLanguage\":\"en-US\",\"@id\":\"https:\\\/\\\/lukabar.me\\\/saopstenje-odbora-direktora-i-izvrsnog-menadzmenta-luka-bar-ad-2\\\/#primaryimage\",\"url\":\"https:\\\/\\\/lukabar.me\\\/wp-content\\\/uploads\\\/2024\\\/08\\\/7-scaled.jpg\",\"contentUrl\":\"https:\\\/\\\/lukabar.me\\\/wp-content\\\/uploads\\\/2024\\\/08\\\/7-scaled.jpg\",\"width\":2560,\"height\":1532},{\"@type\":\"BreadcrumbList\",\"@id\":\"https:\\\/\\\/lukabar.me\\\/saopstenje-odbora-direktora-i-izvrsnog-menadzmenta-luka-bar-ad-2\\\/#breadcrumb\",\"itemListElement\":[{\"@type\":\"ListItem\",\"position\":1,\"name\":\"Home\",\"item\":\"https:\\\/\\\/lukabar.me\\\/\"},{\"@type\":\"ListItem\",\"position\":2,\"name\":\"Saop\u0161tenje Odbora direktora i Izvr\u0161nog menad\u017ementa \u201cLuka Bar\u201d AD\"}]},{\"@type\":\"WebSite\",\"@id\":\"https:\\\/\\\/lukabar.me\\\/#website\",\"url\":\"https:\\\/\\\/lukabar.me\\\/\",\"name\":\"Luka Bar | Port of Bar - Connecting Montenegro to Global Trade\",\"description\":\"Svijet na Dohvat Luke | World Within Port&#039;s Reach\",\"publisher\":{\"@id\":\"https:\\\/\\\/lukabar.me\\\/#organization\"},\"alternateName\":\"Luka Bar | Port of Bar\",\"potentialAction\":[{\"@type\":\"SearchAction\",\"target\":{\"@type\":\"EntryPoint\",\"urlTemplate\":\"https:\\\/\\\/lukabar.me\\\/?s={search_term_string}\"},\"query-input\":{\"@type\":\"PropertyValueSpecification\",\"valueRequired\":true,\"valueName\":\"search_term_string\"}}],\"inLanguage\":\"en-US\"},{\"@type\":\"Organization\",\"@id\":\"https:\\\/\\\/lukabar.me\\\/#organization\",\"name\":\"Luka Bar | Port of Bar - Connecting Montenegro to Global Trade\",\"alternateName\":\"Luka Bar | Port of Bar\",\"url\":\"https:\\\/\\\/lukabar.me\\\/\",\"logo\":{\"@type\":\"ImageObject\",\"inLanguage\":\"en-US\",\"@id\":\"https:\\\/\\\/lukabar.me\\\/#\\\/schema\\\/logo\\\/image\\\/\",\"url\":\"https:\\\/\\\/lukabar.me\\\/wp-content\\\/uploads\\\/2025\\\/01\\\/lukabar-logo-seo-01-scaled.jpg\",\"contentUrl\":\"https:\\\/\\\/lukabar.me\\\/wp-content\\\/uploads\\\/2025\\\/01\\\/lukabar-logo-seo-01-scaled.jpg\",\"width\":2560,\"height\":2560,\"caption\":\"Luka Bar | Port of Bar - Connecting Montenegro to Global Trade\"},\"image\":{\"@id\":\"https:\\\/\\\/lukabar.me\\\/#\\\/schema\\\/logo\\\/image\\\/\"},\"sameAs\":[\"https:\\\/\\\/www.facebook.com\\\/portofbar\",\"https:\\\/\\\/x.com\\\/portofbar\",\"https:\\\/\\\/instagram.com\\\/portofbar\",\"https:\\\/\\\/www.linkedin.com\\\/company\\\/port-of-bar\",\"https:\\\/\\\/www.youtube.com\\\/@portofbarmontenegro\"]},{\"@type\":\"Person\",\"@id\":\"https:\\\/\\\/lukabar.me\\\/#\\\/schema\\\/person\\\/84ccd15ea8529df078a6db7f01d0cf50\",\"name\":\"qyqzntmy\",\"image\":{\"@type\":\"ImageObject\",\"inLanguage\":\"en-US\",\"@id\":\"https:\\\/\\\/secure.gravatar.com\\\/avatar\\\/34512178c8047217f2f61ffdd71737957c3b33f2936e498c6153ae6dab2989ba?s=96&d=mm&r=g\",\"url\":\"https:\\\/\\\/secure.gravatar.com\\\/avatar\\\/34512178c8047217f2f61ffdd71737957c3b33f2936e498c6153ae6dab2989ba?s=96&d=mm&r=g\",\"contentUrl\":\"https:\\\/\\\/secure.gravatar.com\\\/avatar\\\/34512178c8047217f2f61ffdd71737957c3b33f2936e498c6153ae6dab2989ba?s=96&d=mm&r=g\",\"caption\":\"qyqzntmy\"},\"sameAs\":[\"https:\\\/\\\/lukabar.me\"],\"url\":\"https:\\\/\\\/lukabar.me\\\/en\\\/author\\\/qyqzntmy\\\/\"}]}<\/script>\n<!-- \/ Yoast SEO plugin. -->","yoast_head_json":{"title":"Saop\u0161tenje Odbora direktora i Izvr\u0161nog menad\u017ementa \u201cLuka Bar\u201d AD","description":"Danas je odr\u017eana sjednica Odbora direktora \u201eLuka Bar\u201c AD, na kojoj je razrije\u0161en Milo\u0161 Ostoji\u0107 sa funkcije Predsjednika Revizorskog odbora i \u010dlanstva u","robots":{"index":"index","follow":"follow","max-snippet":"max-snippet:-1","max-image-preview":"max-image-preview:large","max-video-preview":"max-video-preview:-1"},"canonical":"https:\/\/lukabar.me\/en\/saopstenje-odbora-direktora-i-izvrsnog-menadzmenta-luka-bar-ad-2\/","og_locale":"en_US","og_type":"article","og_title":"Saop\u0161tenje Odbora direktora i Izvr\u0161nog menad\u017ementa \u201cLuka Bar\u201d AD","og_description":"Danas je odr\u017eana sjednica Odbora direktora \u201eLuka Bar\u201c AD, na kojoj je razrije\u0161en Milo\u0161 Ostoji\u0107 sa funkcije Predsjednika Revizorskog odbora i \u010dlanstva u","og_url":"https:\/\/lukabar.me\/en\/saopstenje-odbora-direktora-i-izvrsnog-menadzmenta-luka-bar-ad-2\/","og_site_name":"Luka Bar | Port of Bar - Connecting Montenegro to Global Trade","article_publisher":"https:\/\/www.facebook.com\/portofbar","article_published_time":"2023-04-24T12:25:00+00:00","article_modified_time":"2024-08-20T12:27:28+00:00","og_image":[{"width":2560,"height":1532,"url":"https:\/\/lukabar.me\/wp-content\/uploads\/2024\/08\/7-scaled.jpg","type":"image\/jpeg"}],"author":"qyqzntmy","twitter_card":"summary_large_image","twitter_creator":"@portofbar","twitter_site":"@portofbar","twitter_misc":{"Written by":"qyqzntmy","Est. reading time":"1 minute"},"schema":{"@context":"https:\/\/schema.org","@graph":[{"@type":"Article","@id":"https:\/\/lukabar.me\/saopstenje-odbora-direktora-i-izvrsnog-menadzmenta-luka-bar-ad-2\/#article","isPartOf":{"@id":"https:\/\/lukabar.me\/saopstenje-odbora-direktora-i-izvrsnog-menadzmenta-luka-bar-ad-2\/"},"author":{"name":"qyqzntmy","@id":"https:\/\/lukabar.me\/#\/schema\/person\/84ccd15ea8529df078a6db7f01d0cf50"},"headline":"Saop\u0161tenje Odbora direktora i Izvr\u0161nog menad\u017ementa \u201cLuka Bar\u201d AD","datePublished":"2023-04-24T12:25:00+00:00","dateModified":"2024-08-20T12:27:28+00:00","mainEntityOfPage":{"@id":"https:\/\/lukabar.me\/saopstenje-odbora-direktora-i-izvrsnog-menadzmenta-luka-bar-ad-2\/"},"wordCount":250,"commentCount":0,"publisher":{"@id":"https:\/\/lukabar.me\/#organization"},"image":{"@id":"https:\/\/lukabar.me\/saopstenje-odbora-direktora-i-izvrsnog-menadzmenta-luka-bar-ad-2\/#primaryimage"},"thumbnailUrl":"https:\/\/lukabar.me\/wp-content\/uploads\/2024\/08\/7-scaled.jpg","articleSection":["Novosti"],"inLanguage":"en-US","potentialAction":[{"@type":"CommentAction","name":"Comment","target":["https:\/\/lukabar.me\/saopstenje-odbora-direktora-i-izvrsnog-menadzmenta-luka-bar-ad-2\/#respond"]}]},{"@type":"WebPage","@id":"https:\/\/lukabar.me\/saopstenje-odbora-direktora-i-izvrsnog-menadzmenta-luka-bar-ad-2\/","url":"https:\/\/lukabar.me\/saopstenje-odbora-direktora-i-izvrsnog-menadzmenta-luka-bar-ad-2\/","name":"Saop\u0161tenje Odbora direktora i Izvr\u0161nog menad\u017ementa \u201cLuka Bar\u201d AD","isPartOf":{"@id":"https:\/\/lukabar.me\/#website"},"primaryImageOfPage":{"@id":"https:\/\/lukabar.me\/saopstenje-odbora-direktora-i-izvrsnog-menadzmenta-luka-bar-ad-2\/#primaryimage"},"image":{"@id":"https:\/\/lukabar.me\/saopstenje-odbora-direktora-i-izvrsnog-menadzmenta-luka-bar-ad-2\/#primaryimage"},"thumbnailUrl":"https:\/\/lukabar.me\/wp-content\/uploads\/2024\/08\/7-scaled.jpg","datePublished":"2023-04-24T12:25:00+00:00","dateModified":"2024-08-20T12:27:28+00:00","description":"Danas je odr\u017eana sjednica Odbora direktora \u201eLuka Bar\u201c AD, na kojoj je razrije\u0161en Milo\u0161 Ostoji\u0107 sa funkcije Predsjednika Revizorskog odbora i \u010dlanstva u","breadcrumb":{"@id":"https:\/\/lukabar.me\/saopstenje-odbora-direktora-i-izvrsnog-menadzmenta-luka-bar-ad-2\/#breadcrumb"},"inLanguage":"en-US","potentialAction":[{"@type":"ReadAction","target":["https:\/\/lukabar.me\/saopstenje-odbora-direktora-i-izvrsnog-menadzmenta-luka-bar-ad-2\/"]}]},{"@type":"ImageObject","inLanguage":"en-US","@id":"https:\/\/lukabar.me\/saopstenje-odbora-direktora-i-izvrsnog-menadzmenta-luka-bar-ad-2\/#primaryimage","url":"https:\/\/lukabar.me\/wp-content\/uploads\/2024\/08\/7-scaled.jpg","contentUrl":"https:\/\/lukabar.me\/wp-content\/uploads\/2024\/08\/7-scaled.jpg","width":2560,"height":1532},{"@type":"BreadcrumbList","@id":"https:\/\/lukabar.me\/saopstenje-odbora-direktora-i-izvrsnog-menadzmenta-luka-bar-ad-2\/#breadcrumb","itemListElement":[{"@type":"ListItem","position":1,"name":"Home","item":"https:\/\/lukabar.me\/"},{"@type":"ListItem","position":2,"name":"Saop\u0161tenje Odbora direktora i Izvr\u0161nog menad\u017ementa \u201cLuka Bar\u201d AD"}]},{"@type":"WebSite","@id":"https:\/\/lukabar.me\/#website","url":"https:\/\/lukabar.me\/","name":"Port of Bar | Port of Bar - Connecting Montenegro to Global Trade","description":"World at the Reach of Luke | World Within Port&#039;s Reach","publisher":{"@id":"https:\/\/lukabar.me\/#organization"},"alternateName":"Luka Bar | Port of Bar","potentialAction":[{"@type":"SearchAction","target":{"@type":"EntryPoint","urlTemplate":"https:\/\/lukabar.me\/?s={search_term_string}"},"query-input":{"@type":"PropertyValueSpecification","valueRequired":true,"valueName":"search_term_string"}}],"inLanguage":"en-US"},{"@type":"Organization","@id":"https:\/\/lukabar.me\/#organization","name":"Port of Bar | Port of Bar - Connecting Montenegro to Global Trade","alternateName":"Luka Bar | Port of Bar","url":"https:\/\/lukabar.me\/","logo":{"@type":"ImageObject","inLanguage":"en-US","@id":"https:\/\/lukabar.me\/#\/schema\/logo\/image\/","url":"https:\/\/lukabar.me\/wp-content\/uploads\/2025\/01\/lukabar-logo-seo-01-scaled.jpg","contentUrl":"https:\/\/lukabar.me\/wp-content\/uploads\/2025\/01\/lukabar-logo-seo-01-scaled.jpg","width":2560,"height":2560,"caption":"Luka Bar | Port of Bar - Connecting Montenegro to Global Trade"},"image":{"@id":"https:\/\/lukabar.me\/#\/schema\/logo\/image\/"},"sameAs":["https:\/\/www.facebook.com\/portofbar","https:\/\/x.com\/portofbar","https:\/\/instagram.com\/portofbar","https:\/\/www.linkedin.com\/company\/port-of-bar","https:\/\/www.youtube.com\/@portofbarmontenegro"]},{"@type":"Person","@id":"https:\/\/lukabar.me\/#\/schema\/person\/84ccd15ea8529df078a6db7f01d0cf50","name":"qyqzntmy","image":{"@type":"ImageObject","inLanguage":"en-US","@id":"https:\/\/secure.gravatar.com\/avatar\/34512178c8047217f2f61ffdd71737957c3b33f2936e498c6153ae6dab2989ba?s=96&d=mm&r=g","url":"https:\/\/secure.gravatar.com\/avatar\/34512178c8047217f2f61ffdd71737957c3b33f2936e498c6153ae6dab2989ba?s=96&d=mm&r=g","contentUrl":"https:\/\/secure.gravatar.com\/avatar\/34512178c8047217f2f61ffdd71737957c3b33f2936e498c6153ae6dab2989ba?s=96&d=mm&r=g","caption":"qyqzntmy"},"sameAs":["https:\/\/lukabar.me"],"url":"https:\/\/lukabar.me\/en\/author\/qyqzntmy\/"}]}},"_links":{"self":[{"href":"https:\/\/lukabar.me\/en\/wp-json\/wp\/v2\/posts\/15780","targetHints":{"allow":["GET"]}}],"collection":[{"href":"https:\/\/lukabar.me\/en\/wp-json\/wp\/v2\/posts"}],"about":[{"href":"https:\/\/lukabar.me\/en\/wp-json\/wp\/v2\/types\/post"}],"author":[{"embeddable":true,"href":"https:\/\/lukabar.me\/en\/wp-json\/wp\/v2\/users\/1"}],"replies":[{"embeddable":true,"href":"https:\/\/lukabar.me\/en\/wp-json\/wp\/v2\/comments?post=15780"}],"version-history":[{"count":4,"href":"https:\/\/lukabar.me\/en\/wp-json\/wp\/v2\/posts\/15780\/revisions"}],"predecessor-version":[{"id":15785,"href":"https:\/\/lukabar.me\/en\/wp-json\/wp\/v2\/posts\/15780\/revisions\/15785"}],"wp:featuredmedia":[{"embeddable":true,"href":"https:\/\/lukabar.me\/en\/wp-json\/wp\/v2\/media\/15556"}],"wp:attachment":[{"href":"https:\/\/lukabar.me\/en\/wp-json\/wp\/v2\/media?parent=15780"}],"wp:term":[{"taxonomy":"category","embeddable":true,"href":"https:\/\/lukabar.me\/en\/wp-json\/wp\/v2\/categories?post=15780"},{"taxonomy":"post_tag","embeddable":true,"href":"https:\/\/lukabar.me\/en\/wp-json\/wp\/v2\/tags?post=15780"}],"curies":[{"name":"wp","href":"https:\/\/api.w.org\/{rel}","templated":true}]}}