{"id":15794,"date":"2023-05-12T14:31:00","date_gmt":"2023-05-12T12:31:00","guid":{"rendered":"https:\/\/lukabar.me\/?p=15794"},"modified":"2024-08-20T14:32:24","modified_gmt":"2024-08-20T12:32:24","slug":"prisustvo-predstavnika-luka-bar-ad-potpisivanju-memoranduma-o-razumjevanju-u-vili-gorica-u-podgorici","status":"publish","type":"post","link":"https:\/\/lukabar.me\/en\/prisustvo-predstavnika-luka-bar-ad-potpisivanju-memoranduma-o-razumjevanju-u-vili-gorica-u-podgorici\/","title":{"rendered":"Prisustvo predstavnika \u201eLuka Bar\u201c AD potpisivanju Memoranduma o razumjevanju u Vili Gorica u Podgorici"},"content":{"rendered":"<div data-elementor-type=\"wp-post\" data-elementor-id=\"15794\" class=\"elementor elementor-15794\">\n\t\t\t\t<div class=\"elementor-element elementor-element-888f6c1 e-flex e-con-boxed wpr-particle-no wpr-jarallax-no wpr-parallax-no wpr-sticky-section-no wpr-equal-height-no e-con e-parent\" data-id=\"888f6c1\" data-element_type=\"container\" data-e-type=\"container\">\n\t\t\t\t\t<div class=\"e-con-inner\">\n\t\t\t\t<div class=\"elementor-element elementor-element-1a2ec1f de_scroll_animation_no exad-sticky-section-no exad-glass-effect-no elementor-widget elementor-widget-text-editor\" data-id=\"1a2ec1f\" data-element_type=\"widget\" data-e-type=\"widget\" data-widget_type=\"text-editor.default\">\n\t\t\t\t<div class=\"elementor-widget-container\">\n\t\t\t\t\t\t\t\t\t<p>Predsjednik Odbora direktora Darko Peki\u0107 i Izvr\u0161ni direktor Ilija Pje\u0161\u010di\u0107 u ime \u201eLuka Bar\u201c AD, prisustvovali su danas doga\u0111aju u Vili Gorica u Podgorici, povodom potpisivanja Memoranduma o razumijevanju izme\u0111u Vlade Crne Gore, firme Enerflex energy systems i Wethington energy innovation u pogledu pru\u017eanja podr\u0161ke unapre\u0111enju energetske infrastrukture u Crnoj Gori.<\/p><p>\u201cLuka Bar\u201d AD je u \u010dvrstoj korelaciji sa svim u\u010desnicima integracionog procesa i strate\u0161kih projekata Crne Gore. U cilju zajedni\u010dkih interesa na polju razvoja, ispuni\u0107e obavezu prema ja\u010danju energetske sigurnosti i diverzifikaciji izvora elekri\u010dne energije, uklju\u010denju u razvoj novih tehnologija i opreme u energetskom sektoru, ali i obavezu po\u0161tovanja principa odgovorne prakse prema dr\u017eavi, potpisanom Memorandumu o razumjevanju i svim budu\u0107im projektima.<\/p><p>\u00a0Na marginama sastanka u razgovoru sa Predsjednikom Vlade razmatrani su modaliteti objedinjavanja luke.<\/p>\t\t\t\t\t\t\t\t<\/div>\n\t\t\t\t<\/div>\n\t\t\t\t\t<\/div>\n\t\t\t\t<\/div>\n\t\t\t\t<\/div>","protected":false},"excerpt":{"rendered":"<p>Predsjednik Odbora direktora Darko Peki\u0107 i Izvr\u0161ni direktor Ilija Pje\u0161\u010di\u0107 u ime \u201eLuka Bar\u201c AD, prisustvovali su danas doga\u0111aju u Vili Gorica u Podgorici, povodom potpisivanja Memoranduma o razumijevanju izme\u0111u Vlade Crne Gore, firme Enerflex energy systems i Wethington energy innovation u pogledu pru\u017eanja podr\u0161ke unapre\u0111enju energetske infrastrukture u Crnoj Gori. \u201cLuka Bar\u201d AD je u \u010dvrstoj korelaciji sa svim u\u010desnicima integracionog procesa i strate\u0161kih projekata Crne Gore. U cilju zajedni\u010dkih interesa na polju razvoja, ispuni\u0107e obavezu prema ja\u010danju energetske sigurnosti i diverzifikaciji izvora elekri\u010dne energije, uklju\u010denju u razvoj novih tehnologija i opreme u energetskom sektoru, ali i obavezu po\u0161tovanja principa odgovorne prakse prema dr\u017eavi, potpisanom Memorandumu o razumjevanju i svim budu\u0107im projektima. \u00a0Na marginama sastanka u razgovoru sa Predsjednikom Vlade razmatrani su modaliteti objedinjavanja luke.<\/p>","protected":false},"author":1,"featured_media":15796,"comment_status":"open","ping_status":"open","sticky":false,"template":"","format":"standard","meta":{"footnotes":""},"categories":[17],"tags":[],"class_list":["post-15794","post","type-post","status-publish","format-standard","has-post-thumbnail","hentry","category-novosti"],"blocksy_meta":[],"yoast_head":"<!-- This site is optimized with the Yoast SEO plugin v27.5 - https:\/\/yoast.com\/product\/yoast-seo-wordpress\/ -->\n<title>Prisustvo predstavnika \u201eLuka Bar\u201c AD potpisivanju Memoranduma o razumjevanju u Vili Gorica u Podgorici<\/title>\n<meta name=\"description\" content=\"Predsjednik Odbora direktora Darko Peki\u0107 i Izvr\u0161ni direktor Ilija Pje\u0161\u010di\u0107 u ime \u201eLuka Bar\u201c AD, prisustvovali su danas doga\u0111aju u Vili Gorica u Podgorici,\" \/>\n<meta name=\"robots\" content=\"index, follow, max-snippet:-1, max-image-preview:large, max-video-preview:-1\" \/>\n<link rel=\"canonical\" href=\"https:\/\/lukabar.me\/en\/prisustvo-predstavnika-luka-bar-ad-potpisivanju-memoranduma-o-razumjevanju-u-vili-gorica-u-podgorici\/\" \/>\n<meta property=\"og:locale\" content=\"en_US\" \/>\n<meta property=\"og:type\" content=\"article\" \/>\n<meta property=\"og:title\" content=\"Prisustvo predstavnika \u201eLuka Bar\u201c AD potpisivanju Memoranduma o razumjevanju u Vili Gorica u Podgorici\" \/>\n<meta property=\"og:description\" content=\"Predsjednik Odbora direktora Darko Peki\u0107 i Izvr\u0161ni direktor Ilija Pje\u0161\u010di\u0107 u ime \u201eLuka Bar\u201c AD, prisustvovali su danas doga\u0111aju u Vili Gorica u Podgorici,\" \/>\n<meta property=\"og:url\" content=\"https:\/\/lukabar.me\/en\/prisustvo-predstavnika-luka-bar-ad-potpisivanju-memoranduma-o-razumjevanju-u-vili-gorica-u-podgorici\/\" \/>\n<meta property=\"og:site_name\" content=\"Luka Bar | Port of Bar - Connecting Montenegro to Global Trade\" \/>\n<meta property=\"article:publisher\" content=\"https:\/\/www.facebook.com\/portofbar\" \/>\n<meta property=\"article:published_time\" content=\"2023-05-12T12:31:00+00:00\" \/>\n<meta property=\"article:modified_time\" content=\"2024-08-20T12:32:24+00:00\" \/>\n<meta property=\"og:image\" content=\"https:\/\/lukabar.me\/wp-content\/uploads\/2024\/08\/Prisustvo-predstavnika-\u201eLuka-Bar-AD-potpisivanju-Memoranduma-o-razumjevanju-u-Vili-Gorica-u-Podgorici.jpg\" \/>\n\t<meta property=\"og:image:width\" content=\"1170\" \/>\n\t<meta property=\"og:image:height\" content=\"540\" \/>\n\t<meta property=\"og:image:type\" content=\"image\/jpeg\" \/>\n<meta name=\"author\" content=\"qyqzntmy\" \/>\n<meta name=\"twitter:card\" content=\"summary_large_image\" \/>\n<meta name=\"twitter:creator\" content=\"@portofbar\" \/>\n<meta name=\"twitter:site\" content=\"@portofbar\" \/>\n<meta name=\"twitter:label1\" content=\"Written by\" \/>\n\t<meta name=\"twitter:data1\" content=\"qyqzntmy\" \/>\n\t<meta name=\"twitter:label2\" content=\"Est. reading time\" \/>\n\t<meta name=\"twitter:data2\" content=\"1 minute\" \/>\n<script type=\"application\/ld+json\" class=\"yoast-schema-graph\">{\"@context\":\"https:\\\/\\\/schema.org\",\"@graph\":[{\"@type\":\"Article\",\"@id\":\"https:\\\/\\\/lukabar.me\\\/prisustvo-predstavnika-luka-bar-ad-potpisivanju-memoranduma-o-razumjevanju-u-vili-gorica-u-podgorici\\\/#article\",\"isPartOf\":{\"@id\":\"https:\\\/\\\/lukabar.me\\\/prisustvo-predstavnika-luka-bar-ad-potpisivanju-memoranduma-o-razumjevanju-u-vili-gorica-u-podgorici\\\/\"},\"author\":{\"name\":\"qyqzntmy\",\"@id\":\"https:\\\/\\\/lukabar.me\\\/#\\\/schema\\\/person\\\/84ccd15ea8529df078a6db7f01d0cf50\"},\"headline\":\"Prisustvo predstavnika \u201eLuka Bar\u201c AD potpisivanju Memoranduma o razumjevanju u Vili Gorica u Podgorici\",\"datePublished\":\"2023-05-12T12:31:00+00:00\",\"dateModified\":\"2024-08-20T12:32:24+00:00\",\"mainEntityOfPage\":{\"@id\":\"https:\\\/\\\/lukabar.me\\\/prisustvo-predstavnika-luka-bar-ad-potpisivanju-memoranduma-o-razumjevanju-u-vili-gorica-u-podgorici\\\/\"},\"wordCount\":157,\"commentCount\":0,\"publisher\":{\"@id\":\"https:\\\/\\\/lukabar.me\\\/#organization\"},\"image\":{\"@id\":\"https:\\\/\\\/lukabar.me\\\/prisustvo-predstavnika-luka-bar-ad-potpisivanju-memoranduma-o-razumjevanju-u-vili-gorica-u-podgorici\\\/#primaryimage\"},\"thumbnailUrl\":\"https:\\\/\\\/lukabar.me\\\/wp-content\\\/uploads\\\/2024\\\/08\\\/Prisustvo-predstavnika-\u201eLuka-Bar-AD-potpisivanju-Memoranduma-o-razumjevanju-u-Vili-Gorica-u-Podgorici.jpg\",\"articleSection\":[\"Novosti\"],\"inLanguage\":\"en-US\",\"potentialAction\":[{\"@type\":\"CommentAction\",\"name\":\"Comment\",\"target\":[\"https:\\\/\\\/lukabar.me\\\/prisustvo-predstavnika-luka-bar-ad-potpisivanju-memoranduma-o-razumjevanju-u-vili-gorica-u-podgorici\\\/#respond\"]}]},{\"@type\":\"WebPage\",\"@id\":\"https:\\\/\\\/lukabar.me\\\/prisustvo-predstavnika-luka-bar-ad-potpisivanju-memoranduma-o-razumjevanju-u-vili-gorica-u-podgorici\\\/\",\"url\":\"https:\\\/\\\/lukabar.me\\\/prisustvo-predstavnika-luka-bar-ad-potpisivanju-memoranduma-o-razumjevanju-u-vili-gorica-u-podgorici\\\/\",\"name\":\"Prisustvo predstavnika \u201eLuka Bar\u201c AD potpisivanju Memoranduma o razumjevanju u Vili Gorica u Podgorici\",\"isPartOf\":{\"@id\":\"https:\\\/\\\/lukabar.me\\\/#website\"},\"primaryImageOfPage\":{\"@id\":\"https:\\\/\\\/lukabar.me\\\/prisustvo-predstavnika-luka-bar-ad-potpisivanju-memoranduma-o-razumjevanju-u-vili-gorica-u-podgorici\\\/#primaryimage\"},\"image\":{\"@id\":\"https:\\\/\\\/lukabar.me\\\/prisustvo-predstavnika-luka-bar-ad-potpisivanju-memoranduma-o-razumjevanju-u-vili-gorica-u-podgorici\\\/#primaryimage\"},\"thumbnailUrl\":\"https:\\\/\\\/lukabar.me\\\/wp-content\\\/uploads\\\/2024\\\/08\\\/Prisustvo-predstavnika-\u201eLuka-Bar-AD-potpisivanju-Memoranduma-o-razumjevanju-u-Vili-Gorica-u-Podgorici.jpg\",\"datePublished\":\"2023-05-12T12:31:00+00:00\",\"dateModified\":\"2024-08-20T12:32:24+00:00\",\"description\":\"Predsjednik Odbora direktora Darko Peki\u0107 i Izvr\u0161ni direktor Ilija Pje\u0161\u010di\u0107 u ime \u201eLuka Bar\u201c AD, prisustvovali su danas doga\u0111aju u Vili Gorica u Podgorici,\",\"breadcrumb\":{\"@id\":\"https:\\\/\\\/lukabar.me\\\/prisustvo-predstavnika-luka-bar-ad-potpisivanju-memoranduma-o-razumjevanju-u-vili-gorica-u-podgorici\\\/#breadcrumb\"},\"inLanguage\":\"en-US\",\"potentialAction\":[{\"@type\":\"ReadAction\",\"target\":[\"https:\\\/\\\/lukabar.me\\\/prisustvo-predstavnika-luka-bar-ad-potpisivanju-memoranduma-o-razumjevanju-u-vili-gorica-u-podgorici\\\/\"]}]},{\"@type\":\"ImageObject\",\"inLanguage\":\"en-US\",\"@id\":\"https:\\\/\\\/lukabar.me\\\/prisustvo-predstavnika-luka-bar-ad-potpisivanju-memoranduma-o-razumjevanju-u-vili-gorica-u-podgorici\\\/#primaryimage\",\"url\":\"https:\\\/\\\/lukabar.me\\\/wp-content\\\/uploads\\\/2024\\\/08\\\/Prisustvo-predstavnika-\u201eLuka-Bar-AD-potpisivanju-Memoranduma-o-razumjevanju-u-Vili-Gorica-u-Podgorici.jpg\",\"contentUrl\":\"https:\\\/\\\/lukabar.me\\\/wp-content\\\/uploads\\\/2024\\\/08\\\/Prisustvo-predstavnika-\u201eLuka-Bar-AD-potpisivanju-Memoranduma-o-razumjevanju-u-Vili-Gorica-u-Podgorici.jpg\",\"width\":1170,\"height\":540},{\"@type\":\"BreadcrumbList\",\"@id\":\"https:\\\/\\\/lukabar.me\\\/prisustvo-predstavnika-luka-bar-ad-potpisivanju-memoranduma-o-razumjevanju-u-vili-gorica-u-podgorici\\\/#breadcrumb\",\"itemListElement\":[{\"@type\":\"ListItem\",\"position\":1,\"name\":\"Home\",\"item\":\"https:\\\/\\\/lukabar.me\\\/\"},{\"@type\":\"ListItem\",\"position\":2,\"name\":\"Prisustvo predstavnika \u201eLuka Bar\u201c AD potpisivanju Memoranduma o razumjevanju u Vili Gorica u Podgorici\"}]},{\"@type\":\"WebSite\",\"@id\":\"https:\\\/\\\/lukabar.me\\\/#website\",\"url\":\"https:\\\/\\\/lukabar.me\\\/\",\"name\":\"Luka Bar | Port of Bar - Connecting Montenegro to Global Trade\",\"description\":\"Svijet na Dohvat Luke | World Within Port&#039;s Reach\",\"publisher\":{\"@id\":\"https:\\\/\\\/lukabar.me\\\/#organization\"},\"alternateName\":\"Luka Bar | Port of Bar\",\"potentialAction\":[{\"@type\":\"SearchAction\",\"target\":{\"@type\":\"EntryPoint\",\"urlTemplate\":\"https:\\\/\\\/lukabar.me\\\/?s={search_term_string}\"},\"query-input\":{\"@type\":\"PropertyValueSpecification\",\"valueRequired\":true,\"valueName\":\"search_term_string\"}}],\"inLanguage\":\"en-US\"},{\"@type\":\"Organization\",\"@id\":\"https:\\\/\\\/lukabar.me\\\/#organization\",\"name\":\"Luka Bar | Port of Bar - Connecting Montenegro to Global Trade\",\"alternateName\":\"Luka Bar | Port of Bar\",\"url\":\"https:\\\/\\\/lukabar.me\\\/\",\"logo\":{\"@type\":\"ImageObject\",\"inLanguage\":\"en-US\",\"@id\":\"https:\\\/\\\/lukabar.me\\\/#\\\/schema\\\/logo\\\/image\\\/\",\"url\":\"https:\\\/\\\/lukabar.me\\\/wp-content\\\/uploads\\\/2025\\\/01\\\/lukabar-logo-seo-01-scaled.jpg\",\"contentUrl\":\"https:\\\/\\\/lukabar.me\\\/wp-content\\\/uploads\\\/2025\\\/01\\\/lukabar-logo-seo-01-scaled.jpg\",\"width\":2560,\"height\":2560,\"caption\":\"Luka Bar | Port of Bar - Connecting Montenegro to Global Trade\"},\"image\":{\"@id\":\"https:\\\/\\\/lukabar.me\\\/#\\\/schema\\\/logo\\\/image\\\/\"},\"sameAs\":[\"https:\\\/\\\/www.facebook.com\\\/portofbar\",\"https:\\\/\\\/x.com\\\/portofbar\",\"https:\\\/\\\/instagram.com\\\/portofbar\",\"https:\\\/\\\/www.linkedin.com\\\/company\\\/port-of-bar\",\"https:\\\/\\\/www.youtube.com\\\/@portofbarmontenegro\"]},{\"@type\":\"Person\",\"@id\":\"https:\\\/\\\/lukabar.me\\\/#\\\/schema\\\/person\\\/84ccd15ea8529df078a6db7f01d0cf50\",\"name\":\"qyqzntmy\",\"image\":{\"@type\":\"ImageObject\",\"inLanguage\":\"en-US\",\"@id\":\"https:\\\/\\\/secure.gravatar.com\\\/avatar\\\/34512178c8047217f2f61ffdd71737957c3b33f2936e498c6153ae6dab2989ba?s=96&d=mm&r=g\",\"url\":\"https:\\\/\\\/secure.gravatar.com\\\/avatar\\\/34512178c8047217f2f61ffdd71737957c3b33f2936e498c6153ae6dab2989ba?s=96&d=mm&r=g\",\"contentUrl\":\"https:\\\/\\\/secure.gravatar.com\\\/avatar\\\/34512178c8047217f2f61ffdd71737957c3b33f2936e498c6153ae6dab2989ba?s=96&d=mm&r=g\",\"caption\":\"qyqzntmy\"},\"sameAs\":[\"https:\\\/\\\/lukabar.me\"],\"url\":\"https:\\\/\\\/lukabar.me\\\/en\\\/author\\\/qyqzntmy\\\/\"}]}<\/script>\n<!-- \/ Yoast SEO plugin. -->","yoast_head_json":{"title":"Prisustvo predstavnika \u201eLuka Bar\u201c AD potpisivanju Memoranduma o razumjevanju u Vili Gorica u Podgorici","description":"Predsjednik Odbora direktora Darko Peki\u0107 i Izvr\u0161ni direktor Ilija Pje\u0161\u010di\u0107 u ime \u201eLuka Bar\u201c AD, prisustvovali su danas doga\u0111aju u Vili Gorica u Podgorici,","robots":{"index":"index","follow":"follow","max-snippet":"max-snippet:-1","max-image-preview":"max-image-preview:large","max-video-preview":"max-video-preview:-1"},"canonical":"https:\/\/lukabar.me\/en\/prisustvo-predstavnika-luka-bar-ad-potpisivanju-memoranduma-o-razumjevanju-u-vili-gorica-u-podgorici\/","og_locale":"en_US","og_type":"article","og_title":"Prisustvo predstavnika \u201eLuka Bar\u201c AD potpisivanju Memoranduma o razumjevanju u Vili Gorica u Podgorici","og_description":"Predsjednik Odbora direktora Darko Peki\u0107 i Izvr\u0161ni direktor Ilija Pje\u0161\u010di\u0107 u ime \u201eLuka Bar\u201c AD, prisustvovali su danas doga\u0111aju u Vili Gorica u Podgorici,","og_url":"https:\/\/lukabar.me\/en\/prisustvo-predstavnika-luka-bar-ad-potpisivanju-memoranduma-o-razumjevanju-u-vili-gorica-u-podgorici\/","og_site_name":"Luka Bar | Port of Bar - Connecting Montenegro to Global Trade","article_publisher":"https:\/\/www.facebook.com\/portofbar","article_published_time":"2023-05-12T12:31:00+00:00","article_modified_time":"2024-08-20T12:32:24+00:00","og_image":[{"width":1170,"height":540,"url":"https:\/\/lukabar.me\/wp-content\/uploads\/2024\/08\/Prisustvo-predstavnika-\u201eLuka-Bar-AD-potpisivanju-Memoranduma-o-razumjevanju-u-Vili-Gorica-u-Podgorici.jpg","type":"image\/jpeg"}],"author":"qyqzntmy","twitter_card":"summary_large_image","twitter_creator":"@portofbar","twitter_site":"@portofbar","twitter_misc":{"Written by":"qyqzntmy","Est. reading time":"1 minute"},"schema":{"@context":"https:\/\/schema.org","@graph":[{"@type":"Article","@id":"https:\/\/lukabar.me\/prisustvo-predstavnika-luka-bar-ad-potpisivanju-memoranduma-o-razumjevanju-u-vili-gorica-u-podgorici\/#article","isPartOf":{"@id":"https:\/\/lukabar.me\/prisustvo-predstavnika-luka-bar-ad-potpisivanju-memoranduma-o-razumjevanju-u-vili-gorica-u-podgorici\/"},"author":{"name":"qyqzntmy","@id":"https:\/\/lukabar.me\/#\/schema\/person\/84ccd15ea8529df078a6db7f01d0cf50"},"headline":"Prisustvo predstavnika \u201eLuka Bar\u201c AD potpisivanju Memoranduma o razumjevanju u Vili Gorica u Podgorici","datePublished":"2023-05-12T12:31:00+00:00","dateModified":"2024-08-20T12:32:24+00:00","mainEntityOfPage":{"@id":"https:\/\/lukabar.me\/prisustvo-predstavnika-luka-bar-ad-potpisivanju-memoranduma-o-razumjevanju-u-vili-gorica-u-podgorici\/"},"wordCount":157,"commentCount":0,"publisher":{"@id":"https:\/\/lukabar.me\/#organization"},"image":{"@id":"https:\/\/lukabar.me\/prisustvo-predstavnika-luka-bar-ad-potpisivanju-memoranduma-o-razumjevanju-u-vili-gorica-u-podgorici\/#primaryimage"},"thumbnailUrl":"https:\/\/lukabar.me\/wp-content\/uploads\/2024\/08\/Prisustvo-predstavnika-\u201eLuka-Bar-AD-potpisivanju-Memoranduma-o-razumjevanju-u-Vili-Gorica-u-Podgorici.jpg","articleSection":["Novosti"],"inLanguage":"en-US","potentialAction":[{"@type":"CommentAction","name":"Comment","target":["https:\/\/lukabar.me\/prisustvo-predstavnika-luka-bar-ad-potpisivanju-memoranduma-o-razumjevanju-u-vili-gorica-u-podgorici\/#respond"]}]},{"@type":"WebPage","@id":"https:\/\/lukabar.me\/prisustvo-predstavnika-luka-bar-ad-potpisivanju-memoranduma-o-razumjevanju-u-vili-gorica-u-podgorici\/","url":"https:\/\/lukabar.me\/prisustvo-predstavnika-luka-bar-ad-potpisivanju-memoranduma-o-razumjevanju-u-vili-gorica-u-podgorici\/","name":"Prisustvo predstavnika \u201eLuka Bar\u201c AD potpisivanju Memoranduma o razumjevanju u Vili Gorica u Podgorici","isPartOf":{"@id":"https:\/\/lukabar.me\/#website"},"primaryImageOfPage":{"@id":"https:\/\/lukabar.me\/prisustvo-predstavnika-luka-bar-ad-potpisivanju-memoranduma-o-razumjevanju-u-vili-gorica-u-podgorici\/#primaryimage"},"image":{"@id":"https:\/\/lukabar.me\/prisustvo-predstavnika-luka-bar-ad-potpisivanju-memoranduma-o-razumjevanju-u-vili-gorica-u-podgorici\/#primaryimage"},"thumbnailUrl":"https:\/\/lukabar.me\/wp-content\/uploads\/2024\/08\/Prisustvo-predstavnika-\u201eLuka-Bar-AD-potpisivanju-Memoranduma-o-razumjevanju-u-Vili-Gorica-u-Podgorici.jpg","datePublished":"2023-05-12T12:31:00+00:00","dateModified":"2024-08-20T12:32:24+00:00","description":"Predsjednik Odbora direktora Darko Peki\u0107 i Izvr\u0161ni direktor Ilija Pje\u0161\u010di\u0107 u ime \u201eLuka Bar\u201c AD, prisustvovali su danas doga\u0111aju u Vili Gorica u Podgorici,","breadcrumb":{"@id":"https:\/\/lukabar.me\/prisustvo-predstavnika-luka-bar-ad-potpisivanju-memoranduma-o-razumjevanju-u-vili-gorica-u-podgorici\/#breadcrumb"},"inLanguage":"en-US","potentialAction":[{"@type":"ReadAction","target":["https:\/\/lukabar.me\/prisustvo-predstavnika-luka-bar-ad-potpisivanju-memoranduma-o-razumjevanju-u-vili-gorica-u-podgorici\/"]}]},{"@type":"ImageObject","inLanguage":"en-US","@id":"https:\/\/lukabar.me\/prisustvo-predstavnika-luka-bar-ad-potpisivanju-memoranduma-o-razumjevanju-u-vili-gorica-u-podgorici\/#primaryimage","url":"https:\/\/lukabar.me\/wp-content\/uploads\/2024\/08\/Prisustvo-predstavnika-\u201eLuka-Bar-AD-potpisivanju-Memoranduma-o-razumjevanju-u-Vili-Gorica-u-Podgorici.jpg","contentUrl":"https:\/\/lukabar.me\/wp-content\/uploads\/2024\/08\/Prisustvo-predstavnika-\u201eLuka-Bar-AD-potpisivanju-Memoranduma-o-razumjevanju-u-Vili-Gorica-u-Podgorici.jpg","width":1170,"height":540},{"@type":"BreadcrumbList","@id":"https:\/\/lukabar.me\/prisustvo-predstavnika-luka-bar-ad-potpisivanju-memoranduma-o-razumjevanju-u-vili-gorica-u-podgorici\/#breadcrumb","itemListElement":[{"@type":"ListItem","position":1,"name":"Home","item":"https:\/\/lukabar.me\/"},{"@type":"ListItem","position":2,"name":"Prisustvo predstavnika \u201eLuka Bar\u201c AD potpisivanju Memoranduma o razumjevanju u Vili Gorica u Podgorici"}]},{"@type":"WebSite","@id":"https:\/\/lukabar.me\/#website","url":"https:\/\/lukabar.me\/","name":"Port of Bar | Port of Bar - Connecting Montenegro to Global Trade","description":"World at the Reach of Luke | World Within Port&#039;s Reach","publisher":{"@id":"https:\/\/lukabar.me\/#organization"},"alternateName":"Luka Bar | Port of Bar","potentialAction":[{"@type":"SearchAction","target":{"@type":"EntryPoint","urlTemplate":"https:\/\/lukabar.me\/?s={search_term_string}"},"query-input":{"@type":"PropertyValueSpecification","valueRequired":true,"valueName":"search_term_string"}}],"inLanguage":"en-US"},{"@type":"Organization","@id":"https:\/\/lukabar.me\/#organization","name":"Port of Bar | Port of Bar - Connecting Montenegro to Global Trade","alternateName":"Luka Bar | Port of Bar","url":"https:\/\/lukabar.me\/","logo":{"@type":"ImageObject","inLanguage":"en-US","@id":"https:\/\/lukabar.me\/#\/schema\/logo\/image\/","url":"https:\/\/lukabar.me\/wp-content\/uploads\/2025\/01\/lukabar-logo-seo-01-scaled.jpg","contentUrl":"https:\/\/lukabar.me\/wp-content\/uploads\/2025\/01\/lukabar-logo-seo-01-scaled.jpg","width":2560,"height":2560,"caption":"Luka Bar | Port of Bar - Connecting Montenegro to Global Trade"},"image":{"@id":"https:\/\/lukabar.me\/#\/schema\/logo\/image\/"},"sameAs":["https:\/\/www.facebook.com\/portofbar","https:\/\/x.com\/portofbar","https:\/\/instagram.com\/portofbar","https:\/\/www.linkedin.com\/company\/port-of-bar","https:\/\/www.youtube.com\/@portofbarmontenegro"]},{"@type":"Person","@id":"https:\/\/lukabar.me\/#\/schema\/person\/84ccd15ea8529df078a6db7f01d0cf50","name":"qyqzntmy","image":{"@type":"ImageObject","inLanguage":"en-US","@id":"https:\/\/secure.gravatar.com\/avatar\/34512178c8047217f2f61ffdd71737957c3b33f2936e498c6153ae6dab2989ba?s=96&d=mm&r=g","url":"https:\/\/secure.gravatar.com\/avatar\/34512178c8047217f2f61ffdd71737957c3b33f2936e498c6153ae6dab2989ba?s=96&d=mm&r=g","contentUrl":"https:\/\/secure.gravatar.com\/avatar\/34512178c8047217f2f61ffdd71737957c3b33f2936e498c6153ae6dab2989ba?s=96&d=mm&r=g","caption":"qyqzntmy"},"sameAs":["https:\/\/lukabar.me"],"url":"https:\/\/lukabar.me\/en\/author\/qyqzntmy\/"}]}},"_links":{"self":[{"href":"https:\/\/lukabar.me\/en\/wp-json\/wp\/v2\/posts\/15794","targetHints":{"allow":["GET"]}}],"collection":[{"href":"https:\/\/lukabar.me\/en\/wp-json\/wp\/v2\/posts"}],"about":[{"href":"https:\/\/lukabar.me\/en\/wp-json\/wp\/v2\/types\/post"}],"author":[{"embeddable":true,"href":"https:\/\/lukabar.me\/en\/wp-json\/wp\/v2\/users\/1"}],"replies":[{"embeddable":true,"href":"https:\/\/lukabar.me\/en\/wp-json\/wp\/v2\/comments?post=15794"}],"version-history":[{"count":7,"href":"https:\/\/lukabar.me\/en\/wp-json\/wp\/v2\/posts\/15794\/revisions"}],"predecessor-version":[{"id":15803,"href":"https:\/\/lukabar.me\/en\/wp-json\/wp\/v2\/posts\/15794\/revisions\/15803"}],"wp:featuredmedia":[{"embeddable":true,"href":"https:\/\/lukabar.me\/en\/wp-json\/wp\/v2\/media\/15796"}],"wp:attachment":[{"href":"https:\/\/lukabar.me\/en\/wp-json\/wp\/v2\/media?parent=15794"}],"wp:term":[{"taxonomy":"category","embeddable":true,"href":"https:\/\/lukabar.me\/en\/wp-json\/wp\/v2\/categories?post=15794"},{"taxonomy":"post_tag","embeddable":true,"href":"https:\/\/lukabar.me\/en\/wp-json\/wp\/v2\/tags?post=15794"}],"curies":[{"name":"wp","href":"https:\/\/api.w.org\/{rel}","templated":true}]}}