{"id":15823,"date":"2023-06-07T14:39:00","date_gmt":"2023-06-07T12:39:00","guid":{"rendered":"https:\/\/lukabar.me\/?p=15823"},"modified":"2024-08-20T14:42:48","modified_gmt":"2024-08-20T12:42:48","slug":"delegacija-opstine-i-skupstine-opstine-bar-posjetila-luku-bar","status":"publish","type":"post","link":"https:\/\/lukabar.me\/en\/delegacija-opstine-i-skupstine-opstine-bar-posjetila-luku-bar\/","title":{"rendered":"Delegacija Op\u0161tine i Skup\u0161tine Op\u0161tine Bar posjetila luku bar"},"content":{"rendered":"<div data-elementor-type=\"wp-post\" data-elementor-id=\"15823\" class=\"elementor elementor-15823\">\n\t\t\t\t<div class=\"elementor-element elementor-element-db29318 e-flex e-con-boxed wpr-particle-no wpr-jarallax-no wpr-parallax-no wpr-sticky-section-no wpr-equal-height-no e-con e-parent\" data-id=\"db29318\" data-element_type=\"container\" data-e-type=\"container\">\n\t\t\t\t\t<div class=\"e-con-inner\">\n\t\t\t\t<div class=\"elementor-element elementor-element-f45e785 de_scroll_animation_no exad-sticky-section-no exad-glass-effect-no elementor-widget elementor-widget-text-editor\" data-id=\"f45e785\" data-element_type=\"widget\" data-e-type=\"widget\" data-widget_type=\"text-editor.default\">\n\t\t\t\t<div class=\"elementor-widget-container\">\n\t\t\t\t\t\t\t\t\t<p>Delegacija Op\u0161tine i Skup\u0161tine Op\u0161tine Bar posjetila je danas, na poziv rukovodstva ove kompanije, Luku Bar. Predsjednik Op\u0161tine Du\u0161an Rai\u010devi\u0107 sa saradnicima, Skup\u0161tine Op\u0161tine Branislav Nenezi\u0107 kao i odbornici lokalnog parlamenta, do\u010dekani su od strane Predsjednika Odbora direktora Darka Peki\u0107a sa \u010dlanovima Odbora i Izvr\u0161nog direktora Ilije Pje\u0161\u010di\u0107a sa saradnicima.<\/p><p>Oni su razgovarali o klju\u010dnim izazovima u poslovanju barske Luke, ali i perspektivama daljeg razvoja ovoga, za grad Bar veoma va\u017enog preduze\u0107a. Iskazana je obostrana volja za ja\u010danjem saradnje Op\u0161tine Bar i Luke Bar kako bi zajedni\u010dki doprinijeli ubrzanom ekonomskom razvoju u najboljem interesu grada i gra\u0111ana.<\/p>\t\t\t\t\t\t\t\t<\/div>\n\t\t\t\t<\/div>\n\t\t\t\t<div class=\"elementor-element elementor-element-ab45a2f de_scroll_animation_no exad-sticky-section-no exad-glass-effect-no elementor-widget elementor-widget-image\" data-id=\"ab45a2f\" data-element_type=\"widget\" data-e-type=\"widget\" data-widget_type=\"image.default\">\n\t\t\t\t<div class=\"elementor-widget-container\">\n\t\t\t\t\t\t\t\t\t\t\t\t\t\t\t<img fetchpriority=\"high\" decoding=\"async\" width=\"1024\" height=\"683\" src=\"https:\/\/lukabar.me\/wp-content\/uploads\/2023\/06\/Delegacija-Opstine-i-Skupstine-Opstine-Bar-posjetila-luku-bar-2.jpg\" class=\"attachment-large size-large wp-image-15827 wp-post-image\" alt=\"\" srcset=\"https:\/\/lukabar.me\/wp-content\/uploads\/2023\/06\/Delegacija-Opstine-i-Skupstine-Opstine-Bar-posjetila-luku-bar-2.jpg 1024w, https:\/\/lukabar.me\/wp-content\/uploads\/2023\/06\/Delegacija-Opstine-i-Skupstine-Opstine-Bar-posjetila-luku-bar-2-300x200.jpg 300w, https:\/\/lukabar.me\/wp-content\/uploads\/2023\/06\/Delegacija-Opstine-i-Skupstine-Opstine-Bar-posjetila-luku-bar-2-768x512.jpg 768w\" sizes=\"(max-width: 1024px) 100vw, 1024px\" \/>\t\t\t\t\t\t\t\t\t\t\t\t\t\t\t<\/div>\n\t\t\t\t<\/div>\n\t\t\t\t<div class=\"elementor-element elementor-element-449e92b de_scroll_animation_no exad-sticky-section-no exad-glass-effect-no elementor-widget elementor-widget-text-editor\" data-id=\"449e92b\" data-element_type=\"widget\" data-e-type=\"widget\" data-widget_type=\"text-editor.default\">\n\t\t\t\t<div class=\"elementor-widget-container\">\n\t\t\t\t\t\t\t\t\t<p>Pozdraviv\u0161i prisutne, Peki\u0107 je podvukao koliki je zna\u010daj Luke za grad Bar i samim tim koliko stabilna i koordinisana mora da bude saradnja rukovodstva kompanije i rukovodstva grada. Peki\u0107 je istakao dru\u0161tveno odgovorni aspekt poslovanja za lokalnu zajednicu, upoznao prisutne sa budu\u0107im planovima, istakav\u0161i planirano stipendiranje najboljih studenata grada u formi memorijalne nagrade koja \u0107e nositi ime Petra\u0161ina Kasalice, biv\u0161eg Generalnog direktora Luke. Tako\u0111e je predstavio namjeru rukovodstva Luke, da kroz stambeni fond, odnosno izgradnjom stambenih jedinica, zapo\u010dne rje\u0161avanje stambenog pitanja za svoje zapo\u0161ljene, a za \u0161ta \u0107e biti potrebna podr\u0161ka i tijesna saradnja sa Op\u0161tinom Bar i njenim organima.<\/p><p>Izvr\u0161ni direktor Ilija Pje\u0161\u010di\u0107 izrazio je zadovoljstvo organizacijom posjete i kazao da osim \u0161to se rukovodstvo Luke predstavnicima gra\u0111ana mo\u017ee pohvaliti izuzetnim rezultatima koje je kompanija ostvarila u 2022.godini, isto tako ovaj sastanak do\u017eivljava i kao priliku da se detaljnije iznesu sve pote\u0161ko\u0107e u lu\u010dkom poslovanju i mnogobrojni ograni\u010davaju\u0107i faktori koji nijesu u nadle\u017enosti Luke, niti ona ima mehanizme za njihovo rje\u0161avanje. U tom smislu istakao je prije svega nedovoljnu razvijenost infrastrukture u zale\u0111u Luke, skromne skladi\u0161ne kapacitete, koji su nastali kao posljedica neprirodne podjele jedinstvene Luke i nedovoljno precizirane i uskla\u0111ene podsticaje za privla\u010denje korisnika Slobodne zone.<\/p>\t\t\t\t\t\t\t\t<\/div>\n\t\t\t\t<\/div>\n\t\t\t\t<div class=\"elementor-element elementor-element-45d8d8d de_scroll_animation_no exad-sticky-section-no exad-glass-effect-no elementor-widget elementor-widget-image\" data-id=\"45d8d8d\" data-element_type=\"widget\" data-e-type=\"widget\" data-widget_type=\"image.default\">\n\t\t\t\t<div class=\"elementor-widget-container\">\n\t\t\t\t\t\t\t\t\t\t\t\t\t\t\t<img decoding=\"async\" width=\"1024\" height=\"683\" src=\"https:\/\/lukabar.me\/wp-content\/uploads\/2023\/06\/Delegacija-Opstine-i-Skupstine-Opstine-Bar-posjetila-luku-bar-3.jpg\" class=\"attachment-large size-large wp-image-15828 wp-post-image\" alt=\"\" srcset=\"https:\/\/lukabar.me\/wp-content\/uploads\/2023\/06\/Delegacija-Opstine-i-Skupstine-Opstine-Bar-posjetila-luku-bar-3.jpg 1024w, https:\/\/lukabar.me\/wp-content\/uploads\/2023\/06\/Delegacija-Opstine-i-Skupstine-Opstine-Bar-posjetila-luku-bar-3-300x200.jpg 300w, https:\/\/lukabar.me\/wp-content\/uploads\/2023\/06\/Delegacija-Opstine-i-Skupstine-Opstine-Bar-posjetila-luku-bar-3-768x512.jpg 768w\" sizes=\"(max-width: 1024px) 100vw, 1024px\" \/>\t\t\t\t\t\t\t\t\t\t\t\t\t\t\t<\/div>\n\t\t\t\t<\/div>\n\t\t\t\t<div class=\"elementor-element elementor-element-8af415e de_scroll_animation_no exad-sticky-section-no exad-glass-effect-no elementor-widget elementor-widget-text-editor\" data-id=\"8af415e\" data-element_type=\"widget\" data-e-type=\"widget\" data-widget_type=\"text-editor.default\">\n\t\t\t\t<div class=\"elementor-widget-container\">\n\t\t\t\t\t\t\t\t\t<p>Rai\u010devi\u0107 i Pje\u0161\u010di\u0107 su se saglasili da je neophodno objedinjavanje svih kapaciteta barske luke koji su ranije segmentirani. Poru\u010deno je da u tom procesu o\u010dekuju podr\u0161ku i lokalne uprave, dok je predsjednik Op\u0161tine ocijenio da je vrijeme pokazalo da segmentacija nije bila najbolja odluka za Luku i podr\u017eao takav korak. Predsjednik Rai\u010devi\u0107 je podvukao da se o Luci Bar mora odlu\u010divati u Baru i da se sve strate\u0161ke odluke koje se ti\u010du njene budu\u0107nosti, dokapitalizacije i objedinjavanja, moraju donositi u dogovoru sa rukovodstvom Luke, ali predstavnicima gra\u0111ana Bara a ne iza zatvorenih vrata.<\/p>\t\t\t\t\t\t\t\t<\/div>\n\t\t\t\t<\/div>\n\t\t\t\t<div class=\"elementor-element elementor-element-21484fe de_scroll_animation_no exad-sticky-section-no exad-glass-effect-no elementor-widget elementor-widget-image\" data-id=\"21484fe\" data-element_type=\"widget\" data-e-type=\"widget\" data-widget_type=\"image.default\">\n\t\t\t\t<div class=\"elementor-widget-container\">\n\t\t\t\t\t\t\t\t\t\t\t\t\t\t\t<img decoding=\"async\" width=\"1024\" height=\"683\" src=\"https:\/\/lukabar.me\/wp-content\/uploads\/2023\/06\/Delegacija-Opstine-i-Skupstine-Opstine-Bar-posjetila-luku-bar-5.jpg\" class=\"attachment-large size-large wp-image-15830 wp-post-image\" alt=\"\" srcset=\"https:\/\/lukabar.me\/wp-content\/uploads\/2023\/06\/Delegacija-Opstine-i-Skupstine-Opstine-Bar-posjetila-luku-bar-5.jpg 1024w, https:\/\/lukabar.me\/wp-content\/uploads\/2023\/06\/Delegacija-Opstine-i-Skupstine-Opstine-Bar-posjetila-luku-bar-5-300x200.jpg 300w, https:\/\/lukabar.me\/wp-content\/uploads\/2023\/06\/Delegacija-Opstine-i-Skupstine-Opstine-Bar-posjetila-luku-bar-5-768x512.jpg 768w\" sizes=\"(max-width: 1024px) 100vw, 1024px\" \/>\t\t\t\t\t\t\t\t\t\t\t\t\t\t\t<\/div>\n\t\t\t\t<\/div>\n\t\t\t\t<div class=\"elementor-element elementor-element-2730283 de_scroll_animation_no exad-sticky-section-no exad-glass-effect-no elementor-widget elementor-widget-text-editor\" data-id=\"2730283\" data-element_type=\"widget\" data-e-type=\"widget\" data-widget_type=\"text-editor.default\">\n\t\t\t\t<div class=\"elementor-widget-container\">\n\t\t\t\t\t\t\t\t\t<p>Predsjednik SO Bar Nenezi\u0107 zahvalio se rukovodstvu kompanije i prisutnim odbornicima te poru\u010dio da je Bar imao, ima i ima\u0107e ljude koji \u0107e kvalitetno voditi Luku Bar. Nenezi\u0107 je kazao da Luka i Op\u0161tina treba da rade na sprovo\u0111enju zajedni\u010dkih projekata, te da \u0107e lokalna Skup\u0161tina biti podr\u0161ka takvom radu.On je, kao i prisutni odbornici imao niz pitanja koja su se ticala funkcionisanja lu\u010dkog sistema.<\/p><p>Rai\u010devi\u0107 je podsjetio da je u kontinuitetu sa nivoa Skup\u0161tine Op\u0161tine pru\u017ean doprinos radu Luke Bar te da je i ranije zajedni\u010dki poru\u010deno da se Luka ne predaje u vlasni\u0161tvo stranom partneru.<\/p><p>Kako bi se najbolje na licu mjesta upoznali sa su\u0161tinom lu\u010dkog poslovanja, svi u\u010desnici sastanka su hibridnim lu\u010dkim autobusom obi\u0161li lu\u010dku Operativu i Slobodnu zonu.<\/p>\t\t\t\t\t\t\t\t<\/div>\n\t\t\t\t<\/div>\n\t\t\t\t<div class=\"elementor-element elementor-element-62b3ead de_scroll_animation_no exad-sticky-section-no exad-glass-effect-no elementor-widget elementor-widget-image\" data-id=\"62b3ead\" data-element_type=\"widget\" data-e-type=\"widget\" data-widget_type=\"image.default\">\n\t\t\t\t<div class=\"elementor-widget-container\">\n\t\t\t\t\t\t\t\t\t\t\t\t\t\t\t<img loading=\"lazy\" decoding=\"async\" width=\"1024\" height=\"683\" src=\"https:\/\/lukabar.me\/wp-content\/uploads\/2023\/06\/Delegacija-Opstine-i-Skupstine-Opstine-Bar-posjetila-luku-bar-4.jpg\" class=\"attachment-large size-large wp-image-15829 wp-post-image\" alt=\"\" srcset=\"https:\/\/lukabar.me\/wp-content\/uploads\/2023\/06\/Delegacija-Opstine-i-Skupstine-Opstine-Bar-posjetila-luku-bar-4.jpg 1024w, https:\/\/lukabar.me\/wp-content\/uploads\/2023\/06\/Delegacija-Opstine-i-Skupstine-Opstine-Bar-posjetila-luku-bar-4-300x200.jpg 300w, https:\/\/lukabar.me\/wp-content\/uploads\/2023\/06\/Delegacija-Opstine-i-Skupstine-Opstine-Bar-posjetila-luku-bar-4-768x512.jpg 768w\" sizes=\"(max-width: 1024px) 100vw, 1024px\" \/>\t\t\t\t\t\t\t\t\t\t\t\t\t\t\t<\/div>\n\t\t\t\t<\/div>\n\t\t\t\t\t<\/div>\n\t\t\t\t<\/div>\n\t\t\t\t<\/div>","protected":false},"excerpt":{"rendered":"<p>Delegacija Op\u0161tine i Skup\u0161tine Op\u0161tine Bar posjetila je danas, na poziv rukovodstva ove kompanije, Luku Bar. Predsjednik Op\u0161tine Du\u0161an Rai\u010devi\u0107 sa saradnicima, Skup\u0161tine Op\u0161tine Branislav Nenezi\u0107 kao i odbornici lokalnog parlamenta, do\u010dekani su od strane Predsjednika Odbora direktora Darka Peki\u0107a sa \u010dlanovima Odbora i Izvr\u0161nog direktora Ilije Pje\u0161\u010di\u0107a sa saradnicima. Oni su razgovarali o klju\u010dnim izazovima u poslovanju barske Luke, ali i perspektivama daljeg razvoja ovoga, za grad Bar veoma va\u017enog preduze\u0107a. Iskazana je obostrana volja za ja\u010danjem saradnje Op\u0161tine Bar i Luke Bar kako bi zajedni\u010dki doprinijeli ubrzanom ekonomskom razvoju u najboljem interesu grada i gra\u0111ana. Pozdraviv\u0161i prisutne, Peki\u0107 je podvukao koliki je zna\u010daj Luke za grad Bar i samim tim koliko stabilna i koordinisana mora da bude saradnja rukovodstva kompanije i rukovodstva grada. Peki\u0107 je istakao dru\u0161tveno odgovorni aspekt poslovanja za lokalnu zajednicu, upoznao prisutne sa budu\u0107im planovima, istakav\u0161i planirano stipendiranje najboljih studenata grada u formi memorijalne nagrade koja \u0107e nositi ime Petra\u0161ina Kasalice, biv\u0161eg Generalnog direktora Luke. Tako\u0111e je predstavio namjeru rukovodstva Luke, da kroz stambeni fond, odnosno izgradnjom stambenih jedinica, zapo\u010dne rje\u0161avanje stambenog pitanja za svoje zapo\u0161ljene, a za \u0161ta \u0107e biti potrebna podr\u0161ka i tijesna saradnja sa Op\u0161tinom Bar i njenim organima. Izvr\u0161ni direktor Ilija Pje\u0161\u010di\u0107 izrazio je zadovoljstvo organizacijom posjete i kazao da osim \u0161to se rukovodstvo Luke predstavnicima gra\u0111ana mo\u017ee pohvaliti izuzetnim rezultatima koje je kompanija ostvarila u 2022.godini, isto tako ovaj sastanak do\u017eivljava i kao priliku da se detaljnije iznesu sve pote\u0161ko\u0107e u lu\u010dkom poslovanju i mnogobrojni ograni\u010davaju\u0107i faktori koji nijesu u nadle\u017enosti Luke, niti ona ima mehanizme za njihovo rje\u0161avanje. U tom smislu istakao je prije svega nedovoljnu razvijenost infrastrukture u zale\u0111u Luke, skromne skladi\u0161ne kapacitete, koji su nastali kao posljedica neprirodne podjele jedinstvene Luke i nedovoljno precizirane i uskla\u0111ene podsticaje za privla\u010denje korisnika Slobodne zone. Rai\u010devi\u0107 i Pje\u0161\u010di\u0107 su se saglasili da je neophodno objedinjavanje svih kapaciteta barske luke koji su ranije segmentirani. Poru\u010deno je da u tom procesu o\u010dekuju podr\u0161ku i lokalne uprave, dok je predsjednik Op\u0161tine ocijenio da je vrijeme pokazalo da segmentacija nije bila najbolja odluka za Luku i podr\u017eao takav korak. Predsjednik Rai\u010devi\u0107 je podvukao da se o Luci Bar mora odlu\u010divati u Baru i da se sve strate\u0161ke odluke koje se ti\u010du njene budu\u0107nosti, dokapitalizacije i objedinjavanja, moraju donositi u dogovoru sa rukovodstvom Luke, ali predstavnicima gra\u0111ana Bara a ne iza zatvorenih vrata. Predsjednik SO Bar Nenezi\u0107 zahvalio se rukovodstvu kompanije i prisutnim odbornicima te poru\u010dio da je Bar imao, ima i ima\u0107e ljude koji \u0107e kvalitetno voditi Luku Bar. Nenezi\u0107 je kazao da Luka i Op\u0161tina treba da rade na sprovo\u0111enju zajedni\u010dkih projekata, te da \u0107e lokalna Skup\u0161tina biti podr\u0161ka takvom radu.On je, kao i prisutni odbornici imao niz pitanja koja su se ticala funkcionisanja lu\u010dkog sistema. Rai\u010devi\u0107 je podsjetio da je u kontinuitetu sa nivoa Skup\u0161tine Op\u0161tine pru\u017ean doprinos radu Luke Bar te da je i ranije zajedni\u010dki poru\u010deno da se Luka ne predaje u vlasni\u0161tvo stranom partneru. Kako bi se najbolje na licu mjesta upoznali sa su\u0161tinom lu\u010dkog poslovanja, svi u\u010desnici sastanka su hibridnim lu\u010dkim autobusom obi\u0161li lu\u010dku Operativu i Slobodnu zonu.<\/p>","protected":false},"author":1,"featured_media":15825,"comment_status":"open","ping_status":"open","sticky":false,"template":"","format":"standard","meta":{"footnotes":""},"categories":[17],"tags":[],"class_list":["post-15823","post","type-post","status-publish","format-standard","has-post-thumbnail","hentry","category-novosti"],"blocksy_meta":[],"yoast_head":"<!-- This site is optimized with the Yoast SEO plugin v27.5 - https:\/\/yoast.com\/product\/yoast-seo-wordpress\/ -->\n<title>Delegacija Op\u0161tine i Skup\u0161tine Op\u0161tine Bar posjetila luku bar<\/title>\n<meta name=\"description\" content=\"Delegacija Op\u0161tine i Skup\u0161tine Op\u0161tine Bar posjetila je danas, na poziv rukovodstva ove kompanije, Luku Bar. Predsjednik Op\u0161tine Du\u0161an Rai\u010devi\u0107 sa\" \/>\n<meta name=\"robots\" content=\"index, follow, max-snippet:-1, max-image-preview:large, max-video-preview:-1\" \/>\n<link rel=\"canonical\" href=\"https:\/\/lukabar.me\/en\/delegacija-opstine-i-skupstine-opstine-bar-posjetila-luku-bar\/\" \/>\n<meta property=\"og:locale\" content=\"en_US\" \/>\n<meta property=\"og:type\" content=\"article\" \/>\n<meta property=\"og:title\" content=\"Delegacija Op\u0161tine i Skup\u0161tine Op\u0161tine Bar posjetila luku bar\" \/>\n<meta property=\"og:description\" content=\"Delegacija Op\u0161tine i Skup\u0161tine Op\u0161tine Bar posjetila je danas, na poziv rukovodstva ove kompanije, Luku Bar. Predsjednik Op\u0161tine Du\u0161an Rai\u010devi\u0107 sa\" \/>\n<meta property=\"og:url\" content=\"https:\/\/lukabar.me\/en\/delegacija-opstine-i-skupstine-opstine-bar-posjetila-luku-bar\/\" \/>\n<meta property=\"og:site_name\" content=\"Luka Bar | Port of Bar - Connecting Montenegro to Global Trade\" \/>\n<meta property=\"article:publisher\" content=\"https:\/\/www.facebook.com\/portofbar\" \/>\n<meta property=\"article:published_time\" content=\"2023-06-07T12:39:00+00:00\" \/>\n<meta property=\"article:modified_time\" content=\"2024-08-20T12:42:48+00:00\" \/>\n<meta property=\"og:image\" content=\"https:\/\/lukabar.me\/wp-content\/uploads\/2024\/08\/Delegacija-Opstine-i-Skupstine-Opstine-Bar-posjetila-luku-bar-1.jpg\" \/>\n\t<meta property=\"og:image:width\" content=\"1170\" \/>\n\t<meta property=\"og:image:height\" content=\"540\" \/>\n\t<meta property=\"og:image:type\" content=\"image\/jpeg\" \/>\n<meta name=\"author\" content=\"qyqzntmy\" \/>\n<meta name=\"twitter:card\" content=\"summary_large_image\" \/>\n<meta name=\"twitter:creator\" content=\"@portofbar\" \/>\n<meta name=\"twitter:site\" content=\"@portofbar\" \/>\n<meta name=\"twitter:label1\" content=\"Written by\" \/>\n\t<meta name=\"twitter:data1\" content=\"qyqzntmy\" \/>\n\t<meta name=\"twitter:label2\" content=\"Est. reading time\" \/>\n\t<meta name=\"twitter:data2\" content=\"3 minutes\" \/>\n<script type=\"application\/ld+json\" class=\"yoast-schema-graph\">{\"@context\":\"https:\\\/\\\/schema.org\",\"@graph\":[{\"@type\":\"Article\",\"@id\":\"https:\\\/\\\/lukabar.me\\\/delegacija-opstine-i-skupstine-opstine-bar-posjetila-luku-bar\\\/#article\",\"isPartOf\":{\"@id\":\"https:\\\/\\\/lukabar.me\\\/delegacija-opstine-i-skupstine-opstine-bar-posjetila-luku-bar\\\/\"},\"author\":{\"name\":\"qyqzntmy\",\"@id\":\"https:\\\/\\\/lukabar.me\\\/#\\\/schema\\\/person\\\/84ccd15ea8529df078a6db7f01d0cf50\"},\"headline\":\"Delegacija Op\u0161tine i Skup\u0161tine Op\u0161tine Bar posjetila luku bar\",\"datePublished\":\"2023-06-07T12:39:00+00:00\",\"dateModified\":\"2024-08-20T12:42:48+00:00\",\"mainEntityOfPage\":{\"@id\":\"https:\\\/\\\/lukabar.me\\\/delegacija-opstine-i-skupstine-opstine-bar-posjetila-luku-bar\\\/\"},\"wordCount\":606,\"commentCount\":0,\"publisher\":{\"@id\":\"https:\\\/\\\/lukabar.me\\\/#organization\"},\"image\":{\"@id\":\"https:\\\/\\\/lukabar.me\\\/delegacija-opstine-i-skupstine-opstine-bar-posjetila-luku-bar\\\/#primaryimage\"},\"thumbnailUrl\":\"https:\\\/\\\/lukabar.me\\\/wp-content\\\/uploads\\\/2024\\\/08\\\/Delegacija-Opstine-i-Skupstine-Opstine-Bar-posjetila-luku-bar-1.jpg\",\"articleSection\":[\"Novosti\"],\"inLanguage\":\"en-US\",\"potentialAction\":[{\"@type\":\"CommentAction\",\"name\":\"Comment\",\"target\":[\"https:\\\/\\\/lukabar.me\\\/delegacija-opstine-i-skupstine-opstine-bar-posjetila-luku-bar\\\/#respond\"]}]},{\"@type\":\"WebPage\",\"@id\":\"https:\\\/\\\/lukabar.me\\\/delegacija-opstine-i-skupstine-opstine-bar-posjetila-luku-bar\\\/\",\"url\":\"https:\\\/\\\/lukabar.me\\\/delegacija-opstine-i-skupstine-opstine-bar-posjetila-luku-bar\\\/\",\"name\":\"Delegacija Op\u0161tine i Skup\u0161tine Op\u0161tine Bar posjetila luku bar\",\"isPartOf\":{\"@id\":\"https:\\\/\\\/lukabar.me\\\/#website\"},\"primaryImageOfPage\":{\"@id\":\"https:\\\/\\\/lukabar.me\\\/delegacija-opstine-i-skupstine-opstine-bar-posjetila-luku-bar\\\/#primaryimage\"},\"image\":{\"@id\":\"https:\\\/\\\/lukabar.me\\\/delegacija-opstine-i-skupstine-opstine-bar-posjetila-luku-bar\\\/#primaryimage\"},\"thumbnailUrl\":\"https:\\\/\\\/lukabar.me\\\/wp-content\\\/uploads\\\/2024\\\/08\\\/Delegacija-Opstine-i-Skupstine-Opstine-Bar-posjetila-luku-bar-1.jpg\",\"datePublished\":\"2023-06-07T12:39:00+00:00\",\"dateModified\":\"2024-08-20T12:42:48+00:00\",\"description\":\"Delegacija Op\u0161tine i Skup\u0161tine Op\u0161tine Bar posjetila je danas, na poziv rukovodstva ove kompanije, Luku Bar. Predsjednik Op\u0161tine Du\u0161an Rai\u010devi\u0107 sa\",\"breadcrumb\":{\"@id\":\"https:\\\/\\\/lukabar.me\\\/delegacija-opstine-i-skupstine-opstine-bar-posjetila-luku-bar\\\/#breadcrumb\"},\"inLanguage\":\"en-US\",\"potentialAction\":[{\"@type\":\"ReadAction\",\"target\":[\"https:\\\/\\\/lukabar.me\\\/delegacija-opstine-i-skupstine-opstine-bar-posjetila-luku-bar\\\/\"]}]},{\"@type\":\"ImageObject\",\"inLanguage\":\"en-US\",\"@id\":\"https:\\\/\\\/lukabar.me\\\/delegacija-opstine-i-skupstine-opstine-bar-posjetila-luku-bar\\\/#primaryimage\",\"url\":\"https:\\\/\\\/lukabar.me\\\/wp-content\\\/uploads\\\/2024\\\/08\\\/Delegacija-Opstine-i-Skupstine-Opstine-Bar-posjetila-luku-bar-1.jpg\",\"contentUrl\":\"https:\\\/\\\/lukabar.me\\\/wp-content\\\/uploads\\\/2024\\\/08\\\/Delegacija-Opstine-i-Skupstine-Opstine-Bar-posjetila-luku-bar-1.jpg\",\"width\":1170,\"height\":540},{\"@type\":\"BreadcrumbList\",\"@id\":\"https:\\\/\\\/lukabar.me\\\/delegacija-opstine-i-skupstine-opstine-bar-posjetila-luku-bar\\\/#breadcrumb\",\"itemListElement\":[{\"@type\":\"ListItem\",\"position\":1,\"name\":\"Home\",\"item\":\"https:\\\/\\\/lukabar.me\\\/\"},{\"@type\":\"ListItem\",\"position\":2,\"name\":\"Delegacija Op\u0161tine i Skup\u0161tine Op\u0161tine Bar posjetila luku bar\"}]},{\"@type\":\"WebSite\",\"@id\":\"https:\\\/\\\/lukabar.me\\\/#website\",\"url\":\"https:\\\/\\\/lukabar.me\\\/\",\"name\":\"Luka Bar | Port of Bar - Connecting Montenegro to Global Trade\",\"description\":\"Svijet na Dohvat Luke | World Within Port&#039;s Reach\",\"publisher\":{\"@id\":\"https:\\\/\\\/lukabar.me\\\/#organization\"},\"alternateName\":\"Luka Bar | Port of Bar\",\"potentialAction\":[{\"@type\":\"SearchAction\",\"target\":{\"@type\":\"EntryPoint\",\"urlTemplate\":\"https:\\\/\\\/lukabar.me\\\/?s={search_term_string}\"},\"query-input\":{\"@type\":\"PropertyValueSpecification\",\"valueRequired\":true,\"valueName\":\"search_term_string\"}}],\"inLanguage\":\"en-US\"},{\"@type\":\"Organization\",\"@id\":\"https:\\\/\\\/lukabar.me\\\/#organization\",\"name\":\"Luka Bar | Port of Bar - Connecting Montenegro to Global Trade\",\"alternateName\":\"Luka Bar | Port of Bar\",\"url\":\"https:\\\/\\\/lukabar.me\\\/\",\"logo\":{\"@type\":\"ImageObject\",\"inLanguage\":\"en-US\",\"@id\":\"https:\\\/\\\/lukabar.me\\\/#\\\/schema\\\/logo\\\/image\\\/\",\"url\":\"https:\\\/\\\/lukabar.me\\\/wp-content\\\/uploads\\\/2025\\\/01\\\/lukabar-logo-seo-01-scaled.jpg\",\"contentUrl\":\"https:\\\/\\\/lukabar.me\\\/wp-content\\\/uploads\\\/2025\\\/01\\\/lukabar-logo-seo-01-scaled.jpg\",\"width\":2560,\"height\":2560,\"caption\":\"Luka Bar | Port of Bar - Connecting Montenegro to Global Trade\"},\"image\":{\"@id\":\"https:\\\/\\\/lukabar.me\\\/#\\\/schema\\\/logo\\\/image\\\/\"},\"sameAs\":[\"https:\\\/\\\/www.facebook.com\\\/portofbar\",\"https:\\\/\\\/x.com\\\/portofbar\",\"https:\\\/\\\/instagram.com\\\/portofbar\",\"https:\\\/\\\/www.linkedin.com\\\/company\\\/port-of-bar\",\"https:\\\/\\\/www.youtube.com\\\/@portofbarmontenegro\"]},{\"@type\":\"Person\",\"@id\":\"https:\\\/\\\/lukabar.me\\\/#\\\/schema\\\/person\\\/84ccd15ea8529df078a6db7f01d0cf50\",\"name\":\"qyqzntmy\",\"image\":{\"@type\":\"ImageObject\",\"inLanguage\":\"en-US\",\"@id\":\"https:\\\/\\\/secure.gravatar.com\\\/avatar\\\/34512178c8047217f2f61ffdd71737957c3b33f2936e498c6153ae6dab2989ba?s=96&d=mm&r=g\",\"url\":\"https:\\\/\\\/secure.gravatar.com\\\/avatar\\\/34512178c8047217f2f61ffdd71737957c3b33f2936e498c6153ae6dab2989ba?s=96&d=mm&r=g\",\"contentUrl\":\"https:\\\/\\\/secure.gravatar.com\\\/avatar\\\/34512178c8047217f2f61ffdd71737957c3b33f2936e498c6153ae6dab2989ba?s=96&d=mm&r=g\",\"caption\":\"qyqzntmy\"},\"sameAs\":[\"https:\\\/\\\/lukabar.me\"],\"url\":\"https:\\\/\\\/lukabar.me\\\/en\\\/author\\\/qyqzntmy\\\/\"}]}<\/script>\n<!-- \/ Yoast SEO plugin. -->","yoast_head_json":{"title":"Delegacija Op\u0161tine i Skup\u0161tine Op\u0161tine Bar posjetila luku bar","description":"Delegacija Op\u0161tine i Skup\u0161tine Op\u0161tine Bar posjetila je danas, na poziv rukovodstva ove kompanije, Luku Bar. Predsjednik Op\u0161tine Du\u0161an Rai\u010devi\u0107 sa","robots":{"index":"index","follow":"follow","max-snippet":"max-snippet:-1","max-image-preview":"max-image-preview:large","max-video-preview":"max-video-preview:-1"},"canonical":"https:\/\/lukabar.me\/en\/delegacija-opstine-i-skupstine-opstine-bar-posjetila-luku-bar\/","og_locale":"en_US","og_type":"article","og_title":"Delegacija Op\u0161tine i Skup\u0161tine Op\u0161tine Bar posjetila luku bar","og_description":"Delegacija Op\u0161tine i Skup\u0161tine Op\u0161tine Bar posjetila je danas, na poziv rukovodstva ove kompanije, Luku Bar. Predsjednik Op\u0161tine Du\u0161an Rai\u010devi\u0107 sa","og_url":"https:\/\/lukabar.me\/en\/delegacija-opstine-i-skupstine-opstine-bar-posjetila-luku-bar\/","og_site_name":"Luka Bar | Port of Bar - Connecting Montenegro to Global Trade","article_publisher":"https:\/\/www.facebook.com\/portofbar","article_published_time":"2023-06-07T12:39:00+00:00","article_modified_time":"2024-08-20T12:42:48+00:00","og_image":[{"width":1170,"height":540,"url":"https:\/\/lukabar.me\/wp-content\/uploads\/2024\/08\/Delegacija-Opstine-i-Skupstine-Opstine-Bar-posjetila-luku-bar-1.jpg","type":"image\/jpeg"}],"author":"qyqzntmy","twitter_card":"summary_large_image","twitter_creator":"@portofbar","twitter_site":"@portofbar","twitter_misc":{"Written by":"qyqzntmy","Est. reading time":"3 minutes"},"schema":{"@context":"https:\/\/schema.org","@graph":[{"@type":"Article","@id":"https:\/\/lukabar.me\/delegacija-opstine-i-skupstine-opstine-bar-posjetila-luku-bar\/#article","isPartOf":{"@id":"https:\/\/lukabar.me\/delegacija-opstine-i-skupstine-opstine-bar-posjetila-luku-bar\/"},"author":{"name":"qyqzntmy","@id":"https:\/\/lukabar.me\/#\/schema\/person\/84ccd15ea8529df078a6db7f01d0cf50"},"headline":"Delegacija Op\u0161tine i Skup\u0161tine Op\u0161tine Bar posjetila luku bar","datePublished":"2023-06-07T12:39:00+00:00","dateModified":"2024-08-20T12:42:48+00:00","mainEntityOfPage":{"@id":"https:\/\/lukabar.me\/delegacija-opstine-i-skupstine-opstine-bar-posjetila-luku-bar\/"},"wordCount":606,"commentCount":0,"publisher":{"@id":"https:\/\/lukabar.me\/#organization"},"image":{"@id":"https:\/\/lukabar.me\/delegacija-opstine-i-skupstine-opstine-bar-posjetila-luku-bar\/#primaryimage"},"thumbnailUrl":"https:\/\/lukabar.me\/wp-content\/uploads\/2024\/08\/Delegacija-Opstine-i-Skupstine-Opstine-Bar-posjetila-luku-bar-1.jpg","articleSection":["Novosti"],"inLanguage":"en-US","potentialAction":[{"@type":"CommentAction","name":"Comment","target":["https:\/\/lukabar.me\/delegacija-opstine-i-skupstine-opstine-bar-posjetila-luku-bar\/#respond"]}]},{"@type":"WebPage","@id":"https:\/\/lukabar.me\/delegacija-opstine-i-skupstine-opstine-bar-posjetila-luku-bar\/","url":"https:\/\/lukabar.me\/delegacija-opstine-i-skupstine-opstine-bar-posjetila-luku-bar\/","name":"Delegacija Op\u0161tine i Skup\u0161tine Op\u0161tine Bar posjetila luku bar","isPartOf":{"@id":"https:\/\/lukabar.me\/#website"},"primaryImageOfPage":{"@id":"https:\/\/lukabar.me\/delegacija-opstine-i-skupstine-opstine-bar-posjetila-luku-bar\/#primaryimage"},"image":{"@id":"https:\/\/lukabar.me\/delegacija-opstine-i-skupstine-opstine-bar-posjetila-luku-bar\/#primaryimage"},"thumbnailUrl":"https:\/\/lukabar.me\/wp-content\/uploads\/2024\/08\/Delegacija-Opstine-i-Skupstine-Opstine-Bar-posjetila-luku-bar-1.jpg","datePublished":"2023-06-07T12:39:00+00:00","dateModified":"2024-08-20T12:42:48+00:00","description":"Delegacija Op\u0161tine i Skup\u0161tine Op\u0161tine Bar posjetila je danas, na poziv rukovodstva ove kompanije, Luku Bar. Predsjednik Op\u0161tine Du\u0161an Rai\u010devi\u0107 sa","breadcrumb":{"@id":"https:\/\/lukabar.me\/delegacija-opstine-i-skupstine-opstine-bar-posjetila-luku-bar\/#breadcrumb"},"inLanguage":"en-US","potentialAction":[{"@type":"ReadAction","target":["https:\/\/lukabar.me\/delegacija-opstine-i-skupstine-opstine-bar-posjetila-luku-bar\/"]}]},{"@type":"ImageObject","inLanguage":"en-US","@id":"https:\/\/lukabar.me\/delegacija-opstine-i-skupstine-opstine-bar-posjetila-luku-bar\/#primaryimage","url":"https:\/\/lukabar.me\/wp-content\/uploads\/2024\/08\/Delegacija-Opstine-i-Skupstine-Opstine-Bar-posjetila-luku-bar-1.jpg","contentUrl":"https:\/\/lukabar.me\/wp-content\/uploads\/2024\/08\/Delegacija-Opstine-i-Skupstine-Opstine-Bar-posjetila-luku-bar-1.jpg","width":1170,"height":540},{"@type":"BreadcrumbList","@id":"https:\/\/lukabar.me\/delegacija-opstine-i-skupstine-opstine-bar-posjetila-luku-bar\/#breadcrumb","itemListElement":[{"@type":"ListItem","position":1,"name":"Home","item":"https:\/\/lukabar.me\/"},{"@type":"ListItem","position":2,"name":"Delegacija Op\u0161tine i Skup\u0161tine Op\u0161tine Bar posjetila luku bar"}]},{"@type":"WebSite","@id":"https:\/\/lukabar.me\/#website","url":"https:\/\/lukabar.me\/","name":"Port of Bar | Port of Bar - Connecting Montenegro to Global Trade","description":"World at the Reach of Luke | World Within Port&#039;s Reach","publisher":{"@id":"https:\/\/lukabar.me\/#organization"},"alternateName":"Luka Bar | Port of Bar","potentialAction":[{"@type":"SearchAction","target":{"@type":"EntryPoint","urlTemplate":"https:\/\/lukabar.me\/?s={search_term_string}"},"query-input":{"@type":"PropertyValueSpecification","valueRequired":true,"valueName":"search_term_string"}}],"inLanguage":"en-US"},{"@type":"Organization","@id":"https:\/\/lukabar.me\/#organization","name":"Port of Bar | Port of Bar - Connecting Montenegro to Global Trade","alternateName":"Luka Bar | Port of Bar","url":"https:\/\/lukabar.me\/","logo":{"@type":"ImageObject","inLanguage":"en-US","@id":"https:\/\/lukabar.me\/#\/schema\/logo\/image\/","url":"https:\/\/lukabar.me\/wp-content\/uploads\/2025\/01\/lukabar-logo-seo-01-scaled.jpg","contentUrl":"https:\/\/lukabar.me\/wp-content\/uploads\/2025\/01\/lukabar-logo-seo-01-scaled.jpg","width":2560,"height":2560,"caption":"Luka Bar | Port of Bar - Connecting Montenegro to Global Trade"},"image":{"@id":"https:\/\/lukabar.me\/#\/schema\/logo\/image\/"},"sameAs":["https:\/\/www.facebook.com\/portofbar","https:\/\/x.com\/portofbar","https:\/\/instagram.com\/portofbar","https:\/\/www.linkedin.com\/company\/port-of-bar","https:\/\/www.youtube.com\/@portofbarmontenegro"]},{"@type":"Person","@id":"https:\/\/lukabar.me\/#\/schema\/person\/84ccd15ea8529df078a6db7f01d0cf50","name":"qyqzntmy","image":{"@type":"ImageObject","inLanguage":"en-US","@id":"https:\/\/secure.gravatar.com\/avatar\/34512178c8047217f2f61ffdd71737957c3b33f2936e498c6153ae6dab2989ba?s=96&d=mm&r=g","url":"https:\/\/secure.gravatar.com\/avatar\/34512178c8047217f2f61ffdd71737957c3b33f2936e498c6153ae6dab2989ba?s=96&d=mm&r=g","contentUrl":"https:\/\/secure.gravatar.com\/avatar\/34512178c8047217f2f61ffdd71737957c3b33f2936e498c6153ae6dab2989ba?s=96&d=mm&r=g","caption":"qyqzntmy"},"sameAs":["https:\/\/lukabar.me"],"url":"https:\/\/lukabar.me\/en\/author\/qyqzntmy\/"}]}},"_links":{"self":[{"href":"https:\/\/lukabar.me\/en\/wp-json\/wp\/v2\/posts\/15823","targetHints":{"allow":["GET"]}}],"collection":[{"href":"https:\/\/lukabar.me\/en\/wp-json\/wp\/v2\/posts"}],"about":[{"href":"https:\/\/lukabar.me\/en\/wp-json\/wp\/v2\/types\/post"}],"author":[{"embeddable":true,"href":"https:\/\/lukabar.me\/en\/wp-json\/wp\/v2\/users\/1"}],"replies":[{"embeddable":true,"href":"https:\/\/lukabar.me\/en\/wp-json\/wp\/v2\/comments?post=15823"}],"version-history":[{"count":4,"href":"https:\/\/lukabar.me\/en\/wp-json\/wp\/v2\/posts\/15823\/revisions"}],"predecessor-version":[{"id":15833,"href":"https:\/\/lukabar.me\/en\/wp-json\/wp\/v2\/posts\/15823\/revisions\/15833"}],"wp:featuredmedia":[{"embeddable":true,"href":"https:\/\/lukabar.me\/en\/wp-json\/wp\/v2\/media\/15825"}],"wp:attachment":[{"href":"https:\/\/lukabar.me\/en\/wp-json\/wp\/v2\/media?parent=15823"}],"wp:term":[{"taxonomy":"category","embeddable":true,"href":"https:\/\/lukabar.me\/en\/wp-json\/wp\/v2\/categories?post=15823"},{"taxonomy":"post_tag","embeddable":true,"href":"https:\/\/lukabar.me\/en\/wp-json\/wp\/v2\/tags?post=15823"}],"curies":[{"name":"wp","href":"https:\/\/api.w.org\/{rel}","templated":true}]}}