{"id":15860,"date":"2023-06-21T08:05:00","date_gmt":"2023-06-21T06:05:00","guid":{"rendered":"https:\/\/lukabar.me\/?p=15860"},"modified":"2024-08-21T08:07:43","modified_gmt":"2024-08-21T06:07:43","slug":"sastanak-sa-medunarodnim-nacionalnim-i-lokalnim-stejkholderima","status":"publish","type":"post","link":"https:\/\/lukabar.me\/en\/sastanak-sa-medunarodnim-nacionalnim-i-lokalnim-stejkholderima\/","title":{"rendered":"Sastanak sa Me\u0111unarodnim, nacionalnim i lokalnim stejkholderima"},"content":{"rendered":"<div data-elementor-type=\"wp-post\" data-elementor-id=\"15860\" class=\"elementor elementor-15860\">\n\t\t\t\t<div class=\"elementor-element elementor-element-77d634e e-flex e-con-boxed wpr-particle-no wpr-jarallax-no wpr-parallax-no wpr-sticky-section-no wpr-equal-height-no e-con e-parent\" data-id=\"77d634e\" data-element_type=\"container\" data-e-type=\"container\">\n\t\t\t\t\t<div class=\"e-con-inner\">\n\t\t\t\t<div class=\"elementor-element elementor-element-88ea133 de_scroll_animation_no exad-sticky-section-no exad-glass-effect-no elementor-widget elementor-widget-text-editor\" data-id=\"88ea133\" data-element_type=\"widget\" data-e-type=\"widget\" data-widget_type=\"text-editor.default\">\n\t\t\t\t<div class=\"elementor-widget-container\">\n\t\t\t\t\t\t\t\t\t<p>Luka Bar je 20. juna bila domac\u0301in institucionalnog sastanka sa okruglim stolom sa zainteresovanim stranama na nacionalnom nivou. Gosti na ovom skupu bili su iz sledec\u0301ih institucija: Transportna Zajednica, Ministarstvo za kapitalne investicije, Eko fond i Op\u0161tina Bar. Ova aktivnost je bila usmjerena na planiranje i stvaranje buduc\u0301ih strategija za planiranje iz oblasti \u017eivotne sredine, u\u0161tede i energetske efikasnosti u Crnoj Gori. Iz tog razloga na sastanku su bile prisutne konkretne zainteresovane strane, kako od nacionalnog tako i od lokalnog zna\u010daja. Tema okruglog stola bila je u vezi sa novim tehnologijama i politikama za u\u0161tedu energije, moguc\u0301nostima za inovacije i razmjenom dobrih praksi osmi\u0161ljenih za ja\u010danje energetskih performansi i za postizanje visokog nivoa energetske efikasnosti.\u00a0<\/p>\t\t\t\t\t\t\t\t<\/div>\n\t\t\t\t<\/div>\n\t\t\t\t<div class=\"elementor-element elementor-element-1d583be de_scroll_animation_no exad-sticky-section-no exad-glass-effect-no elementor-widget elementor-widget-image\" data-id=\"1d583be\" data-element_type=\"widget\" data-e-type=\"widget\" data-widget_type=\"image.default\">\n\t\t\t\t<div class=\"elementor-widget-container\">\n\t\t\t\t\t\t\t\t\t\t\t\t\t\t\t<img fetchpriority=\"high\" decoding=\"async\" width=\"1024\" height=\"768\" src=\"https:\/\/lukabar.me\/wp-content\/uploads\/2024\/08\/Sastanak-sa-Medunarodnim-nacionalnim-i-lokalnim-stejkholderima-2.jpg\" class=\"attachment-large size-large wp-image-15863 wp-post-image\" alt=\"\" srcset=\"https:\/\/lukabar.me\/wp-content\/uploads\/2024\/08\/Sastanak-sa-Medunarodnim-nacionalnim-i-lokalnim-stejkholderima-2.jpg 1024w, https:\/\/lukabar.me\/wp-content\/uploads\/2024\/08\/Sastanak-sa-Medunarodnim-nacionalnim-i-lokalnim-stejkholderima-2-300x225.jpg 300w, https:\/\/lukabar.me\/wp-content\/uploads\/2024\/08\/Sastanak-sa-Medunarodnim-nacionalnim-i-lokalnim-stejkholderima-2-768x576.jpg 768w\" sizes=\"(max-width: 1024px) 100vw, 1024px\" \/>\t\t\t\t\t\t\t\t\t\t\t\t\t\t\t<\/div>\n\t\t\t\t<\/div>\n\t\t\t\t<div class=\"elementor-element elementor-element-ea25a38 de_scroll_animation_no exad-sticky-section-no exad-glass-effect-no elementor-widget elementor-widget-text-editor\" data-id=\"ea25a38\" data-element_type=\"widget\" data-e-type=\"widget\" data-widget_type=\"text-editor.default\">\n\t\t\t\t<div class=\"elementor-widget-container\">\n\t\t\t\t\t\t\t\t\t<p>Predstavnik Transportne zajednice je doprinio ovom sastanku prezentuju\u0107i temu: Odr\u017eivost Saobra\u0107aja na regionalnom nivou koja je sadr\u017eala je veoma va\u017ene informacije o novim propisima, trenutnom statusu klimatskih uticaja na Zapadnom Balkanu u pore\u0111enju sa zemljama \u010dlanicama EU, sa generalnim zaklju\u010dkom da je potrebno unaprijediti infrastrukturu za alternativna goriva (punjenje elektri\u010dnih vozila, potencijalno punjenje vodonikom itd.), podsta\u0107i prelazak sa motora sa unutra\u0161njim sagorevanjem na vozila sa nultim emisijama i\/ili odr\u017eiva goriva, prebaciti modalni udio na ekolo\u0161ki prihvatljive na\u010dine rada itd. Eko fond je tako\u0111e podelio nove informacije u vezi sa sprovo\u0111enjem politike obnovljive energije, upravljanje mre\u017eom za implementaciju projekata javno-privatnog partnerstva, kao i novim sporazumima, zakonima i propisima. Sastanak je zaklju\u010den uz mnogo korisnih razmjena praksi i obec\u0301anja buduc\u0301e saradnje.<\/p>\t\t\t\t\t\t\t\t<\/div>\n\t\t\t\t<\/div>\n\t\t\t\t<div class=\"elementor-element elementor-element-efc52ff de_scroll_animation_no exad-sticky-section-no exad-glass-effect-no elementor-widget elementor-widget-image\" data-id=\"efc52ff\" data-element_type=\"widget\" data-e-type=\"widget\" data-widget_type=\"image.default\">\n\t\t\t\t<div class=\"elementor-widget-container\">\n\t\t\t\t\t\t\t\t\t\t\t\t\t\t\t<img decoding=\"async\" width=\"768\" height=\"1024\" src=\"https:\/\/lukabar.me\/wp-content\/uploads\/2024\/08\/Sastanak-sa-Medunarodnim-nacionalnim-i-lokalnim-stejkholderima-3.jpg\" class=\"attachment-large size-large wp-image-15864 wp-post-image\" alt=\"\" srcset=\"https:\/\/lukabar.me\/wp-content\/uploads\/2024\/08\/Sastanak-sa-Medunarodnim-nacionalnim-i-lokalnim-stejkholderima-3.jpg 768w, https:\/\/lukabar.me\/wp-content\/uploads\/2024\/08\/Sastanak-sa-Medunarodnim-nacionalnim-i-lokalnim-stejkholderima-3-225x300.jpg 225w\" sizes=\"(max-width: 768px) 100vw, 768px\" \/>\t\t\t\t\t\t\t\t\t\t\t\t\t\t\t<\/div>\n\t\t\t\t<\/div>\n\t\t\t\t<div class=\"elementor-element elementor-element-c1a83f4 de_scroll_animation_no exad-sticky-section-no exad-glass-effect-no elementor-widget elementor-widget-image\" data-id=\"c1a83f4\" data-element_type=\"widget\" data-e-type=\"widget\" data-widget_type=\"image.default\">\n\t\t\t\t<div class=\"elementor-widget-container\">\n\t\t\t\t\t\t\t\t\t\t\t\t\t\t\t<img decoding=\"async\" width=\"1024\" height=\"319\" src=\"https:\/\/lukabar.me\/wp-content\/uploads\/2024\/08\/Sastanak-sa-Medunarodnim-nacionalnim-i-lokalnim-stejkholderima-4.jpg\" class=\"attachment-large size-large wp-image-15865 wp-post-image\" alt=\"\" srcset=\"https:\/\/lukabar.me\/wp-content\/uploads\/2024\/08\/Sastanak-sa-Medunarodnim-nacionalnim-i-lokalnim-stejkholderima-4.jpg 1024w, https:\/\/lukabar.me\/wp-content\/uploads\/2024\/08\/Sastanak-sa-Medunarodnim-nacionalnim-i-lokalnim-stejkholderima-4-300x93.jpg 300w, https:\/\/lukabar.me\/wp-content\/uploads\/2024\/08\/Sastanak-sa-Medunarodnim-nacionalnim-i-lokalnim-stejkholderima-4-768x239.jpg 768w\" sizes=\"(max-width: 1024px) 100vw, 1024px\" \/>\t\t\t\t\t\t\t\t\t\t\t\t\t\t\t<\/div>\n\t\t\t\t<\/div>\n\t\t\t\t\t<\/div>\n\t\t\t\t<\/div>\n\t\t\t\t<\/div>","protected":false},"excerpt":{"rendered":"<p>Luka Bar je 20. juna bila domac\u0301in institucionalnog sastanka sa okruglim stolom sa zainteresovanim stranama na nacionalnom nivou. Gosti na ovom skupu bili su iz sledec\u0301ih institucija: Transportna Zajednica, Ministarstvo za kapitalne investicije, Eko fond i Op\u0161tina Bar. Ova aktivnost je bila usmjerena na planiranje i stvaranje buduc\u0301ih strategija za planiranje iz oblasti \u017eivotne sredine, u\u0161tede i energetske efikasnosti u Crnoj Gori. Iz tog razloga na sastanku su bile prisutne konkretne zainteresovane strane, kako od nacionalnog tako i od lokalnog zna\u010daja. Tema okruglog stola bila je u vezi sa novim tehnologijama i politikama za u\u0161tedu energije, moguc\u0301nostima za inovacije i razmjenom dobrih praksi osmi\u0161ljenih za ja\u010danje energetskih performansi i za postizanje visokog nivoa energetske efikasnosti.\u00a0 Predstavnik Transportne zajednice je doprinio ovom sastanku prezentuju\u0107i temu: Odr\u017eivost Saobra\u0107aja na regionalnom nivou koja je sadr\u017eala je veoma va\u017ene informacije o novim propisima, trenutnom statusu klimatskih uticaja na Zapadnom Balkanu u pore\u0111enju sa zemljama \u010dlanicama EU, sa generalnim zaklju\u010dkom da je potrebno unaprijediti infrastrukturu za alternativna goriva (punjenje elektri\u010dnih vozila, potencijalno punjenje vodonikom itd.), podsta\u0107i prelazak sa motora sa unutra\u0161njim sagorevanjem na vozila sa nultim emisijama i\/ili odr\u017eiva goriva, prebaciti modalni udio na ekolo\u0161ki prihvatljive na\u010dine rada itd. Eko fond je tako\u0111e podelio nove informacije u vezi sa sprovo\u0111enjem politike obnovljive energije, upravljanje mre\u017eom za implementaciju projekata javno-privatnog partnerstva, kao i novim sporazumima, zakonima i propisima. Sastanak je zaklju\u010den uz mnogo korisnih razmjena praksi i obec\u0301anja buduc\u0301e saradnje.<\/p>","protected":false},"author":1,"featured_media":15862,"comment_status":"open","ping_status":"open","sticky":false,"template":"","format":"standard","meta":{"footnotes":""},"categories":[17],"tags":[],"class_list":["post-15860","post","type-post","status-publish","format-standard","has-post-thumbnail","hentry","category-novosti"],"blocksy_meta":[],"yoast_head":"<!-- This site is optimized with the Yoast SEO plugin v27.5 - https:\/\/yoast.com\/product\/yoast-seo-wordpress\/ -->\n<title>Sastanak sa Me\u0111unarodnim, nacionalnim i lokalnim stejkholderima<\/title>\n<meta name=\"description\" content=\"Luka Bar je 20. juna bila domac\u0301in institucionalnog sastanka sa okruglim stolom sa zainteresovanim stranama na nacionalnom nivou. Gosti na ovom skupu bili\" \/>\n<meta name=\"robots\" content=\"index, follow, max-snippet:-1, max-image-preview:large, max-video-preview:-1\" \/>\n<link rel=\"canonical\" href=\"https:\/\/lukabar.me\/en\/sastanak-sa-medunarodnim-nacionalnim-i-lokalnim-stejkholderima\/\" \/>\n<meta property=\"og:locale\" content=\"en_US\" \/>\n<meta property=\"og:type\" content=\"article\" \/>\n<meta property=\"og:title\" content=\"Sastanak sa Me\u0111unarodnim, nacionalnim i lokalnim stejkholderima\" \/>\n<meta property=\"og:description\" content=\"Luka Bar je 20. juna bila domac\u0301in institucionalnog sastanka sa okruglim stolom sa zainteresovanim stranama na nacionalnom nivou. Gosti na ovom skupu bili\" \/>\n<meta property=\"og:url\" content=\"https:\/\/lukabar.me\/en\/sastanak-sa-medunarodnim-nacionalnim-i-lokalnim-stejkholderima\/\" \/>\n<meta property=\"og:site_name\" content=\"Luka Bar | Port of Bar - Connecting Montenegro to Global Trade\" \/>\n<meta property=\"article:publisher\" content=\"https:\/\/www.facebook.com\/portofbar\" \/>\n<meta property=\"article:published_time\" content=\"2023-06-21T06:05:00+00:00\" \/>\n<meta property=\"article:modified_time\" content=\"2024-08-21T06:07:43+00:00\" \/>\n<meta property=\"og:image\" content=\"https:\/\/lukabar.me\/wp-content\/uploads\/2024\/08\/Sastanak-sa-Medunarodnim-nacionalnim-i-lokalnim-stejkholderima-1.jpg\" \/>\n\t<meta property=\"og:image:width\" content=\"1170\" \/>\n\t<meta property=\"og:image:height\" content=\"540\" \/>\n\t<meta property=\"og:image:type\" content=\"image\/jpeg\" \/>\n<meta name=\"author\" content=\"qyqzntmy\" \/>\n<meta name=\"twitter:card\" content=\"summary_large_image\" \/>\n<meta name=\"twitter:creator\" content=\"@portofbar\" \/>\n<meta name=\"twitter:site\" content=\"@portofbar\" \/>\n<meta name=\"twitter:label1\" content=\"Written by\" \/>\n\t<meta name=\"twitter:data1\" content=\"qyqzntmy\" \/>\n\t<meta name=\"twitter:label2\" content=\"Est. reading time\" \/>\n\t<meta name=\"twitter:data2\" content=\"1 minute\" \/>\n<script type=\"application\/ld+json\" class=\"yoast-schema-graph\">{\"@context\":\"https:\\\/\\\/schema.org\",\"@graph\":[{\"@type\":\"Article\",\"@id\":\"https:\\\/\\\/lukabar.me\\\/sastanak-sa-medunarodnim-nacionalnim-i-lokalnim-stejkholderima\\\/#article\",\"isPartOf\":{\"@id\":\"https:\\\/\\\/lukabar.me\\\/sastanak-sa-medunarodnim-nacionalnim-i-lokalnim-stejkholderima\\\/\"},\"author\":{\"name\":\"qyqzntmy\",\"@id\":\"https:\\\/\\\/lukabar.me\\\/#\\\/schema\\\/person\\\/84ccd15ea8529df078a6db7f01d0cf50\"},\"headline\":\"Sastanak sa Me\u0111unarodnim, nacionalnim i lokalnim stejkholderima\",\"datePublished\":\"2023-06-21T06:05:00+00:00\",\"dateModified\":\"2024-08-21T06:07:43+00:00\",\"mainEntityOfPage\":{\"@id\":\"https:\\\/\\\/lukabar.me\\\/sastanak-sa-medunarodnim-nacionalnim-i-lokalnim-stejkholderima\\\/\"},\"wordCount\":271,\"commentCount\":0,\"publisher\":{\"@id\":\"https:\\\/\\\/lukabar.me\\\/#organization\"},\"image\":{\"@id\":\"https:\\\/\\\/lukabar.me\\\/sastanak-sa-medunarodnim-nacionalnim-i-lokalnim-stejkholderima\\\/#primaryimage\"},\"thumbnailUrl\":\"https:\\\/\\\/lukabar.me\\\/wp-content\\\/uploads\\\/2024\\\/08\\\/Sastanak-sa-Medunarodnim-nacionalnim-i-lokalnim-stejkholderima-1.jpg\",\"articleSection\":[\"Novosti\"],\"inLanguage\":\"en-US\",\"potentialAction\":[{\"@type\":\"CommentAction\",\"name\":\"Comment\",\"target\":[\"https:\\\/\\\/lukabar.me\\\/sastanak-sa-medunarodnim-nacionalnim-i-lokalnim-stejkholderima\\\/#respond\"]}]},{\"@type\":\"WebPage\",\"@id\":\"https:\\\/\\\/lukabar.me\\\/sastanak-sa-medunarodnim-nacionalnim-i-lokalnim-stejkholderima\\\/\",\"url\":\"https:\\\/\\\/lukabar.me\\\/sastanak-sa-medunarodnim-nacionalnim-i-lokalnim-stejkholderima\\\/\",\"name\":\"Sastanak sa Me\u0111unarodnim, nacionalnim i lokalnim stejkholderima\",\"isPartOf\":{\"@id\":\"https:\\\/\\\/lukabar.me\\\/#website\"},\"primaryImageOfPage\":{\"@id\":\"https:\\\/\\\/lukabar.me\\\/sastanak-sa-medunarodnim-nacionalnim-i-lokalnim-stejkholderima\\\/#primaryimage\"},\"image\":{\"@id\":\"https:\\\/\\\/lukabar.me\\\/sastanak-sa-medunarodnim-nacionalnim-i-lokalnim-stejkholderima\\\/#primaryimage\"},\"thumbnailUrl\":\"https:\\\/\\\/lukabar.me\\\/wp-content\\\/uploads\\\/2024\\\/08\\\/Sastanak-sa-Medunarodnim-nacionalnim-i-lokalnim-stejkholderima-1.jpg\",\"datePublished\":\"2023-06-21T06:05:00+00:00\",\"dateModified\":\"2024-08-21T06:07:43+00:00\",\"description\":\"Luka Bar je 20. juna bila domac\u0301in institucionalnog sastanka sa okruglim stolom sa zainteresovanim stranama na nacionalnom nivou. Gosti na ovom skupu bili\",\"breadcrumb\":{\"@id\":\"https:\\\/\\\/lukabar.me\\\/sastanak-sa-medunarodnim-nacionalnim-i-lokalnim-stejkholderima\\\/#breadcrumb\"},\"inLanguage\":\"en-US\",\"potentialAction\":[{\"@type\":\"ReadAction\",\"target\":[\"https:\\\/\\\/lukabar.me\\\/sastanak-sa-medunarodnim-nacionalnim-i-lokalnim-stejkholderima\\\/\"]}]},{\"@type\":\"ImageObject\",\"inLanguage\":\"en-US\",\"@id\":\"https:\\\/\\\/lukabar.me\\\/sastanak-sa-medunarodnim-nacionalnim-i-lokalnim-stejkholderima\\\/#primaryimage\",\"url\":\"https:\\\/\\\/lukabar.me\\\/wp-content\\\/uploads\\\/2024\\\/08\\\/Sastanak-sa-Medunarodnim-nacionalnim-i-lokalnim-stejkholderima-1.jpg\",\"contentUrl\":\"https:\\\/\\\/lukabar.me\\\/wp-content\\\/uploads\\\/2024\\\/08\\\/Sastanak-sa-Medunarodnim-nacionalnim-i-lokalnim-stejkholderima-1.jpg\",\"width\":1170,\"height\":540},{\"@type\":\"BreadcrumbList\",\"@id\":\"https:\\\/\\\/lukabar.me\\\/sastanak-sa-medunarodnim-nacionalnim-i-lokalnim-stejkholderima\\\/#breadcrumb\",\"itemListElement\":[{\"@type\":\"ListItem\",\"position\":1,\"name\":\"Home\",\"item\":\"https:\\\/\\\/lukabar.me\\\/\"},{\"@type\":\"ListItem\",\"position\":2,\"name\":\"Sastanak sa Me\u0111unarodnim, nacionalnim i lokalnim stejkholderima\"}]},{\"@type\":\"WebSite\",\"@id\":\"https:\\\/\\\/lukabar.me\\\/#website\",\"url\":\"https:\\\/\\\/lukabar.me\\\/\",\"name\":\"Luka Bar | Port of Bar - Connecting Montenegro to Global Trade\",\"description\":\"Svijet na Dohvat Luke | World Within Port&#039;s Reach\",\"publisher\":{\"@id\":\"https:\\\/\\\/lukabar.me\\\/#organization\"},\"alternateName\":\"Luka Bar | Port of Bar\",\"potentialAction\":[{\"@type\":\"SearchAction\",\"target\":{\"@type\":\"EntryPoint\",\"urlTemplate\":\"https:\\\/\\\/lukabar.me\\\/?s={search_term_string}\"},\"query-input\":{\"@type\":\"PropertyValueSpecification\",\"valueRequired\":true,\"valueName\":\"search_term_string\"}}],\"inLanguage\":\"en-US\"},{\"@type\":\"Organization\",\"@id\":\"https:\\\/\\\/lukabar.me\\\/#organization\",\"name\":\"Luka Bar | Port of Bar - Connecting Montenegro to Global Trade\",\"alternateName\":\"Luka Bar | Port of Bar\",\"url\":\"https:\\\/\\\/lukabar.me\\\/\",\"logo\":{\"@type\":\"ImageObject\",\"inLanguage\":\"en-US\",\"@id\":\"https:\\\/\\\/lukabar.me\\\/#\\\/schema\\\/logo\\\/image\\\/\",\"url\":\"https:\\\/\\\/lukabar.me\\\/wp-content\\\/uploads\\\/2025\\\/01\\\/lukabar-logo-seo-01-scaled.jpg\",\"contentUrl\":\"https:\\\/\\\/lukabar.me\\\/wp-content\\\/uploads\\\/2025\\\/01\\\/lukabar-logo-seo-01-scaled.jpg\",\"width\":2560,\"height\":2560,\"caption\":\"Luka Bar | Port of Bar - Connecting Montenegro to Global Trade\"},\"image\":{\"@id\":\"https:\\\/\\\/lukabar.me\\\/#\\\/schema\\\/logo\\\/image\\\/\"},\"sameAs\":[\"https:\\\/\\\/www.facebook.com\\\/portofbar\",\"https:\\\/\\\/x.com\\\/portofbar\",\"https:\\\/\\\/instagram.com\\\/portofbar\",\"https:\\\/\\\/www.linkedin.com\\\/company\\\/port-of-bar\",\"https:\\\/\\\/www.youtube.com\\\/@portofbarmontenegro\"]},{\"@type\":\"Person\",\"@id\":\"https:\\\/\\\/lukabar.me\\\/#\\\/schema\\\/person\\\/84ccd15ea8529df078a6db7f01d0cf50\",\"name\":\"qyqzntmy\",\"image\":{\"@type\":\"ImageObject\",\"inLanguage\":\"en-US\",\"@id\":\"https:\\\/\\\/secure.gravatar.com\\\/avatar\\\/34512178c8047217f2f61ffdd71737957c3b33f2936e498c6153ae6dab2989ba?s=96&d=mm&r=g\",\"url\":\"https:\\\/\\\/secure.gravatar.com\\\/avatar\\\/34512178c8047217f2f61ffdd71737957c3b33f2936e498c6153ae6dab2989ba?s=96&d=mm&r=g\",\"contentUrl\":\"https:\\\/\\\/secure.gravatar.com\\\/avatar\\\/34512178c8047217f2f61ffdd71737957c3b33f2936e498c6153ae6dab2989ba?s=96&d=mm&r=g\",\"caption\":\"qyqzntmy\"},\"sameAs\":[\"https:\\\/\\\/lukabar.me\"],\"url\":\"https:\\\/\\\/lukabar.me\\\/en\\\/author\\\/qyqzntmy\\\/\"}]}<\/script>\n<!-- \/ Yoast SEO plugin. -->","yoast_head_json":{"title":"Sastanak sa Me\u0111unarodnim, nacionalnim i lokalnim stejkholderima","description":"Luka Bar je 20. juna bila domac\u0301in institucionalnog sastanka sa okruglim stolom sa zainteresovanim stranama na nacionalnom nivou. Gosti na ovom skupu bili","robots":{"index":"index","follow":"follow","max-snippet":"max-snippet:-1","max-image-preview":"max-image-preview:large","max-video-preview":"max-video-preview:-1"},"canonical":"https:\/\/lukabar.me\/en\/sastanak-sa-medunarodnim-nacionalnim-i-lokalnim-stejkholderima\/","og_locale":"en_US","og_type":"article","og_title":"Sastanak sa Me\u0111unarodnim, nacionalnim i lokalnim stejkholderima","og_description":"Luka Bar je 20. juna bila domac\u0301in institucionalnog sastanka sa okruglim stolom sa zainteresovanim stranama na nacionalnom nivou. Gosti na ovom skupu bili","og_url":"https:\/\/lukabar.me\/en\/sastanak-sa-medunarodnim-nacionalnim-i-lokalnim-stejkholderima\/","og_site_name":"Luka Bar | Port of Bar - Connecting Montenegro to Global Trade","article_publisher":"https:\/\/www.facebook.com\/portofbar","article_published_time":"2023-06-21T06:05:00+00:00","article_modified_time":"2024-08-21T06:07:43+00:00","og_image":[{"width":1170,"height":540,"url":"https:\/\/lukabar.me\/wp-content\/uploads\/2024\/08\/Sastanak-sa-Medunarodnim-nacionalnim-i-lokalnim-stejkholderima-1.jpg","type":"image\/jpeg"}],"author":"qyqzntmy","twitter_card":"summary_large_image","twitter_creator":"@portofbar","twitter_site":"@portofbar","twitter_misc":{"Written by":"qyqzntmy","Est. reading time":"1 minute"},"schema":{"@context":"https:\/\/schema.org","@graph":[{"@type":"Article","@id":"https:\/\/lukabar.me\/sastanak-sa-medunarodnim-nacionalnim-i-lokalnim-stejkholderima\/#article","isPartOf":{"@id":"https:\/\/lukabar.me\/sastanak-sa-medunarodnim-nacionalnim-i-lokalnim-stejkholderima\/"},"author":{"name":"qyqzntmy","@id":"https:\/\/lukabar.me\/#\/schema\/person\/84ccd15ea8529df078a6db7f01d0cf50"},"headline":"Sastanak sa Me\u0111unarodnim, nacionalnim i lokalnim stejkholderima","datePublished":"2023-06-21T06:05:00+00:00","dateModified":"2024-08-21T06:07:43+00:00","mainEntityOfPage":{"@id":"https:\/\/lukabar.me\/sastanak-sa-medunarodnim-nacionalnim-i-lokalnim-stejkholderima\/"},"wordCount":271,"commentCount":0,"publisher":{"@id":"https:\/\/lukabar.me\/#organization"},"image":{"@id":"https:\/\/lukabar.me\/sastanak-sa-medunarodnim-nacionalnim-i-lokalnim-stejkholderima\/#primaryimage"},"thumbnailUrl":"https:\/\/lukabar.me\/wp-content\/uploads\/2024\/08\/Sastanak-sa-Medunarodnim-nacionalnim-i-lokalnim-stejkholderima-1.jpg","articleSection":["Novosti"],"inLanguage":"en-US","potentialAction":[{"@type":"CommentAction","name":"Comment","target":["https:\/\/lukabar.me\/sastanak-sa-medunarodnim-nacionalnim-i-lokalnim-stejkholderima\/#respond"]}]},{"@type":"WebPage","@id":"https:\/\/lukabar.me\/sastanak-sa-medunarodnim-nacionalnim-i-lokalnim-stejkholderima\/","url":"https:\/\/lukabar.me\/sastanak-sa-medunarodnim-nacionalnim-i-lokalnim-stejkholderima\/","name":"Sastanak sa Me\u0111unarodnim, nacionalnim i lokalnim stejkholderima","isPartOf":{"@id":"https:\/\/lukabar.me\/#website"},"primaryImageOfPage":{"@id":"https:\/\/lukabar.me\/sastanak-sa-medunarodnim-nacionalnim-i-lokalnim-stejkholderima\/#primaryimage"},"image":{"@id":"https:\/\/lukabar.me\/sastanak-sa-medunarodnim-nacionalnim-i-lokalnim-stejkholderima\/#primaryimage"},"thumbnailUrl":"https:\/\/lukabar.me\/wp-content\/uploads\/2024\/08\/Sastanak-sa-Medunarodnim-nacionalnim-i-lokalnim-stejkholderima-1.jpg","datePublished":"2023-06-21T06:05:00+00:00","dateModified":"2024-08-21T06:07:43+00:00","description":"Luka Bar je 20. juna bila domac\u0301in institucionalnog sastanka sa okruglim stolom sa zainteresovanim stranama na nacionalnom nivou. Gosti na ovom skupu bili","breadcrumb":{"@id":"https:\/\/lukabar.me\/sastanak-sa-medunarodnim-nacionalnim-i-lokalnim-stejkholderima\/#breadcrumb"},"inLanguage":"en-US","potentialAction":[{"@type":"ReadAction","target":["https:\/\/lukabar.me\/sastanak-sa-medunarodnim-nacionalnim-i-lokalnim-stejkholderima\/"]}]},{"@type":"ImageObject","inLanguage":"en-US","@id":"https:\/\/lukabar.me\/sastanak-sa-medunarodnim-nacionalnim-i-lokalnim-stejkholderima\/#primaryimage","url":"https:\/\/lukabar.me\/wp-content\/uploads\/2024\/08\/Sastanak-sa-Medunarodnim-nacionalnim-i-lokalnim-stejkholderima-1.jpg","contentUrl":"https:\/\/lukabar.me\/wp-content\/uploads\/2024\/08\/Sastanak-sa-Medunarodnim-nacionalnim-i-lokalnim-stejkholderima-1.jpg","width":1170,"height":540},{"@type":"BreadcrumbList","@id":"https:\/\/lukabar.me\/sastanak-sa-medunarodnim-nacionalnim-i-lokalnim-stejkholderima\/#breadcrumb","itemListElement":[{"@type":"ListItem","position":1,"name":"Home","item":"https:\/\/lukabar.me\/"},{"@type":"ListItem","position":2,"name":"Sastanak sa Me\u0111unarodnim, nacionalnim i lokalnim stejkholderima"}]},{"@type":"WebSite","@id":"https:\/\/lukabar.me\/#website","url":"https:\/\/lukabar.me\/","name":"Port of Bar | Port of Bar - Connecting Montenegro to Global Trade","description":"World at the Reach of Luke | World Within Port&#039;s Reach","publisher":{"@id":"https:\/\/lukabar.me\/#organization"},"alternateName":"Luka Bar | Port of Bar","potentialAction":[{"@type":"SearchAction","target":{"@type":"EntryPoint","urlTemplate":"https:\/\/lukabar.me\/?s={search_term_string}"},"query-input":{"@type":"PropertyValueSpecification","valueRequired":true,"valueName":"search_term_string"}}],"inLanguage":"en-US"},{"@type":"Organization","@id":"https:\/\/lukabar.me\/#organization","name":"Port of Bar | Port of Bar - Connecting Montenegro to Global Trade","alternateName":"Luka Bar | Port of Bar","url":"https:\/\/lukabar.me\/","logo":{"@type":"ImageObject","inLanguage":"en-US","@id":"https:\/\/lukabar.me\/#\/schema\/logo\/image\/","url":"https:\/\/lukabar.me\/wp-content\/uploads\/2025\/01\/lukabar-logo-seo-01-scaled.jpg","contentUrl":"https:\/\/lukabar.me\/wp-content\/uploads\/2025\/01\/lukabar-logo-seo-01-scaled.jpg","width":2560,"height":2560,"caption":"Luka Bar | Port of Bar - Connecting Montenegro to Global Trade"},"image":{"@id":"https:\/\/lukabar.me\/#\/schema\/logo\/image\/"},"sameAs":["https:\/\/www.facebook.com\/portofbar","https:\/\/x.com\/portofbar","https:\/\/instagram.com\/portofbar","https:\/\/www.linkedin.com\/company\/port-of-bar","https:\/\/www.youtube.com\/@portofbarmontenegro"]},{"@type":"Person","@id":"https:\/\/lukabar.me\/#\/schema\/person\/84ccd15ea8529df078a6db7f01d0cf50","name":"qyqzntmy","image":{"@type":"ImageObject","inLanguage":"en-US","@id":"https:\/\/secure.gravatar.com\/avatar\/34512178c8047217f2f61ffdd71737957c3b33f2936e498c6153ae6dab2989ba?s=96&d=mm&r=g","url":"https:\/\/secure.gravatar.com\/avatar\/34512178c8047217f2f61ffdd71737957c3b33f2936e498c6153ae6dab2989ba?s=96&d=mm&r=g","contentUrl":"https:\/\/secure.gravatar.com\/avatar\/34512178c8047217f2f61ffdd71737957c3b33f2936e498c6153ae6dab2989ba?s=96&d=mm&r=g","caption":"qyqzntmy"},"sameAs":["https:\/\/lukabar.me"],"url":"https:\/\/lukabar.me\/en\/author\/qyqzntmy\/"}]}},"_links":{"self":[{"href":"https:\/\/lukabar.me\/en\/wp-json\/wp\/v2\/posts\/15860","targetHints":{"allow":["GET"]}}],"collection":[{"href":"https:\/\/lukabar.me\/en\/wp-json\/wp\/v2\/posts"}],"about":[{"href":"https:\/\/lukabar.me\/en\/wp-json\/wp\/v2\/types\/post"}],"author":[{"embeddable":true,"href":"https:\/\/lukabar.me\/en\/wp-json\/wp\/v2\/users\/1"}],"replies":[{"embeddable":true,"href":"https:\/\/lukabar.me\/en\/wp-json\/wp\/v2\/comments?post=15860"}],"version-history":[{"count":4,"href":"https:\/\/lukabar.me\/en\/wp-json\/wp\/v2\/posts\/15860\/revisions"}],"predecessor-version":[{"id":15869,"href":"https:\/\/lukabar.me\/en\/wp-json\/wp\/v2\/posts\/15860\/revisions\/15869"}],"wp:featuredmedia":[{"embeddable":true,"href":"https:\/\/lukabar.me\/en\/wp-json\/wp\/v2\/media\/15862"}],"wp:attachment":[{"href":"https:\/\/lukabar.me\/en\/wp-json\/wp\/v2\/media?parent=15860"}],"wp:term":[{"taxonomy":"category","embeddable":true,"href":"https:\/\/lukabar.me\/en\/wp-json\/wp\/v2\/categories?post=15860"},{"taxonomy":"post_tag","embeddable":true,"href":"https:\/\/lukabar.me\/en\/wp-json\/wp\/v2\/tags?post=15860"}],"curies":[{"name":"wp","href":"https:\/\/api.w.org\/{rel}","templated":true}]}}