{"id":15870,"date":"2023-06-28T08:07:00","date_gmt":"2023-06-28T06:07:00","guid":{"rendered":"https:\/\/lukabar.me\/?p=15870"},"modified":"2024-08-21T08:13:38","modified_gmt":"2024-08-21T06:13:38","slug":"luka-bar-ad-proslavila-117-godina-postojanja","status":"publish","type":"post","link":"https:\/\/lukabar.me\/en\/luka-bar-ad-proslavila-117-godina-postojanja\/","title":{"rendered":"Luka Bar AD proslavila 117 godina postojanja"},"content":{"rendered":"<div data-elementor-type=\"wp-post\" data-elementor-id=\"15870\" class=\"elementor elementor-15870\">\n\t\t\t\t<div class=\"elementor-element elementor-element-cfc4e28 e-flex e-con-boxed wpr-particle-no wpr-jarallax-no wpr-parallax-no wpr-sticky-section-no wpr-equal-height-no e-con e-parent\" data-id=\"cfc4e28\" data-element_type=\"container\" data-e-type=\"container\">\n\t\t\t\t\t<div class=\"e-con-inner\">\n\t\t\t\t<div class=\"elementor-element elementor-element-a8a3f6d de_scroll_animation_no exad-sticky-section-no exad-glass-effect-no elementor-widget elementor-widget-text-editor\" data-id=\"a8a3f6d\" data-element_type=\"widget\" data-e-type=\"widget\" data-widget_type=\"text-editor.default\">\n\t\t\t\t<div class=\"elementor-widget-container\">\n\t\t\t\t\t\t\t\t\t<p>Najve\u0107i privredni subjekat u gradu pod Rumijom i jedan od najzna\u010dajnijih resursa u Crnoj Gori \u2013 \u201eLuka Bar\u201c AD, proslavila je ju\u010de 117 godina postojanja.<\/p><p>Na prigodnoj sve\u010danosti uprili\u010denoj ispred hotela \u201eSidro\u201c, kojoj su prisustvovali poslovni partneri, \u010dlanovi odbora direktora, kolektiva, dobitnici jubilarih nagrada i penzioneri, kao i predstavnici medija, u uvodnom obra\u0107anju Predsjednik Odbora direktora mr Darko Peki\u0107, istakao je da je ova godina bila plodonosna za Luku.<\/p><p>\u201eRezultati na finansijskom planu pokazatelj su da Luka ima \u010dime da se pohvali u ovom periodu. To je ne\u0161to \u0161to nas \u010dini ponosnim kao sistem. Izazovi koji su bili u pro\u0161losti, sada su dijelom prevazi\u0111eni, ali neki od njih su i dalje tu i borimo se svakodnevno\u201c, kazao je mr Peki\u0107, dodav\u0161i da je \u201eLuka dobila jedan novi organizacioni element koji bi trebalo da je \u010dini jo\u0161 ja\u010dom u budu\u0107nosti\u201c.<\/p><p>\u201eOdbor direktora koji predstavljam u ovom trenutku je pro\u0161le godine uspio da pokrene proces sistematizacije koji je uspje\u0161no zavr\u0161en u maju 2023. godine. Va\u017eno je nazna\u010diti da Luka Bar veliku zahvalnost za svoje djelovanje duguje i nekim malim elementima koji su tu, a mo\u017eda ih ne prepoznajemo. Mi imamo Odbojka\u0161ki klub, jednu zdravu cjelinu, a neki od rezultata koje taj klub posti\u017ee nas sve ovdje \u010dine ponosnim i daju nam za pravo da vjerujemo da \u0107e dru\u0161tvena odgovornost koju Luka Bar sprovodi, i u budu\u0107nosti donositi velike rezultate ne samo gradu Baru, ve\u0107 i \u0161ire. Tako\u0111e, u\u0161li smo i u jednu pri\u010du koja se zove \u2018Ribolovni dan u luci\u2019. Dali smo priliku svim Baranima koji \u017eele da se oprobaju u sportskom ribolovstvu da u\u0111u u Luku Bar, pecaju, imaju mogu\u0107nost da se dru\u017ee i taj doga\u0111aj je planiran kao tradicionalan\u201c, istakao je mr Peki\u0107.<\/p>\t\t\t\t\t\t\t\t<\/div>\n\t\t\t\t<\/div>\n\t\t\t\t<div class=\"elementor-element elementor-element-89ffb45 de_scroll_animation_no exad-sticky-section-no exad-glass-effect-no elementor-widget elementor-widget-image\" data-id=\"89ffb45\" data-element_type=\"widget\" data-e-type=\"widget\" data-widget_type=\"image.default\">\n\t\t\t\t<div class=\"elementor-widget-container\">\n\t\t\t\t\t\t\t\t\t\t\t\t\t\t\t<img fetchpriority=\"high\" decoding=\"async\" width=\"800\" height=\"484\" src=\"https:\/\/lukabar.me\/wp-content\/uploads\/2024\/08\/Luka-Bar-AD-proslavila-117-godina-postojanja-2.jpg\" class=\"attachment-large size-large wp-image-15873 wp-post-image\" alt=\"\" srcset=\"https:\/\/lukabar.me\/wp-content\/uploads\/2024\/08\/Luka-Bar-AD-proslavila-117-godina-postojanja-2.jpg 800w, https:\/\/lukabar.me\/wp-content\/uploads\/2024\/08\/Luka-Bar-AD-proslavila-117-godina-postojanja-2-300x182.jpg 300w, https:\/\/lukabar.me\/wp-content\/uploads\/2024\/08\/Luka-Bar-AD-proslavila-117-godina-postojanja-2-768x465.jpg 768w\" sizes=\"(max-width: 800px) 100vw, 800px\" \/>\t\t\t\t\t\t\t\t\t\t\t\t\t\t\t<\/div>\n\t\t\t\t<\/div>\n\t\t\t\t<div class=\"elementor-element elementor-element-c86f2c2 de_scroll_animation_no exad-sticky-section-no exad-glass-effect-no elementor-widget elementor-widget-text-editor\" data-id=\"c86f2c2\" data-element_type=\"widget\" data-e-type=\"widget\" data-widget_type=\"text-editor.default\">\n\t\t\t\t<div class=\"elementor-widget-container\">\n\t\t\t\t\t\t\t\t\t<p>Izvr\u0161ni direktor \u201eLuke Bar\u201c AD Ilija Pje\u0161\u010di\u0107 kazao je da su \u201eponosni na tradiciju i trajanje, ostvarene rezultate i poslovne uspjehe ali, prije svega su ponosni i zadovoljni \u0161to su veliki, skladan i funkcionalan kolektiv i tim, koji odr\u017eava vrlo uspje\u0161ne poslovne kontakte i odnose\u201c.<\/p><p>\u201eNije lako govoriti u ime gotovo 600 zaposlenih koliko je trenutno u Luci Bar. To obavezuje i predstavlja veliku odgovornost, ali i \u010dast. Jer, na\u0161i zajedni\u010dki rezultati su izuzetni. Napori koje ula\u017eemo su nekada \u010dak i nadljudski. Infrastruktura, mehanizacija, saobra\u0107ajno zale\u0111e Luke Bar, sve to daleko je od idealnog. Ali, mi paralelno su uspje\u0161nim utvr\u0111enim obi\u010dnim poslovima, na\u0161e osnovne djelatnosti, kontinuirano radimo i na podizanju tih kapaciteta. Nabavlja se nova mehanizacija, vr\u0161i se sanacija konstruktivne obale, Volujca, intezivno radimo na pove\u0107avanju skladi\u0161nih kapaciteta\u201c, naveo je Pje\u0161\u010di\u0107 i dodao da pored toga, podi\u017eu bezbjednost i nivo Luke na sve ve\u0107e standarde a da sa njihovim poslovnim partnerima iz zemlje i inostranstva, zajedno rade na opredjeljenju logisti\u010dkog transportnog pravca preko Luke Bar.<\/p><p>\u00a0Ono \u0161to je, kako smatra direktor Pje\u0161\u010di\u0107, prepoznato na svim relevantnim adresama, je potreba za ponovnim objedinjavanjem Luke Bar u jedinstven i cjelovit sistem.<\/p><p>\u00a0\u201eJedino u tom modelu funkcionisanja, Luka Bar biti ponovo konkurentna i maksimalno operativna\u201c, naglasio je izraziv\u0161i nadu da \u0107e taj poduhvat biti ostvaren, s obzirom da je Vlada ve\u0107 pokrenula prve korake ka tom cilju.<\/p>\t\t\t\t\t\t\t\t<\/div>\n\t\t\t\t<\/div>\n\t\t\t\t<div class=\"elementor-element elementor-element-45835b1 de_scroll_animation_no exad-sticky-section-no exad-glass-effect-no elementor-widget elementor-widget-image\" data-id=\"45835b1\" data-element_type=\"widget\" data-e-type=\"widget\" data-widget_type=\"image.default\">\n\t\t\t\t<div class=\"elementor-widget-container\">\n\t\t\t\t\t\t\t\t\t\t\t\t\t\t\t<img decoding=\"async\" width=\"800\" height=\"484\" src=\"https:\/\/lukabar.me\/wp-content\/uploads\/2024\/08\/Luka-Bar-AD-proslavila-117-godina-postojanja-3.jpg\" class=\"attachment-large size-large wp-image-15874 wp-post-image\" alt=\"\" srcset=\"https:\/\/lukabar.me\/wp-content\/uploads\/2024\/08\/Luka-Bar-AD-proslavila-117-godina-postojanja-3.jpg 800w, https:\/\/lukabar.me\/wp-content\/uploads\/2024\/08\/Luka-Bar-AD-proslavila-117-godina-postojanja-3-300x182.jpg 300w, https:\/\/lukabar.me\/wp-content\/uploads\/2024\/08\/Luka-Bar-AD-proslavila-117-godina-postojanja-3-768x465.jpg 768w\" sizes=\"(max-width: 800px) 100vw, 800px\" \/>\t\t\t\t\t\t\t\t\t\t\t\t\t\t\t<\/div>\n\t\t\t\t<\/div>\n\t\t\t\t<div class=\"elementor-element elementor-element-1f5ae20 de_scroll_animation_no exad-sticky-section-no exad-glass-effect-no elementor-widget elementor-widget-text-editor\" data-id=\"1f5ae20\" data-element_type=\"widget\" data-e-type=\"widget\" data-widget_type=\"text-editor.default\">\n\t\t\t\t<div class=\"elementor-widget-container\">\n\t\t\t\t\t\t\t\t\t<p>Podsjetio je da je 2022. godina za Luku bila rekordna godina po svim parametrima poslovanja i kazao da o\u010dekuje da \u0107e i ovu godinu zavr\u0161iti uspje\u0161no.<\/p><p>\u201eNijesmo krili zadovoljstvo i ponos kako smo svi zajedni\u010dki iznijeli pretovar od 2,4 miliona tona i ostvarili zavidne finansijske rezultate. Poslovna 2023. ve\u0107 u prvim mjesecima pokazala je koliko su lu\u010dko poslovanje i pomorska djelotnost nepredvidivi i uslovljeni nizom faktora, po\u010de\u0161i od me\u0111unarodnih sukoba do raznih poreme\u0107aja na tr\u017ei\u0161tu roba. Svakako, sve smo to spremno do\u010dekali i u prvom kvartalu ostavili pretovar od 450.000 tona i ukupno prihodovali 4 miliona eura. Vjerujem da \u0107e Luka Bar i ovu godinu zavr\u0161iti uspje\u0161no, a temelje za moj optimizam gradim na najavama novih poslova i tereta, kao i na stalnim napornim aktivnostima da trenutne poslove intenziviramo\u201c, pojasnio je Pje\u0161\u010di\u0107, zahvalio poslovnim partnerima, a posebne \u010destitke uputio dobitnicima jubilarnih nagrada kao i kolegama koji su izme\u0111u dva jubileja Luke ostvarili pravo na penziju.<\/p><p>\u201eZahvaljujem u ime kompanije i svoje li\u010dno za sav va\u0161 trud i zalaganje. Svim na\u0161im poslovim parterima hvala na uspje\u0161noj i produktivnoj saradnji u predhodnom perodu. Uvjeren sam da \u0107emo jo\u0161 ja\u010de i\u0107i u nove poslovne poduhvate\u201c, zaklju\u010dio je Pje\u0161\u010di\u0107.<\/p><p>Na sve\u010danosti povodom obilje\u017eavanja 117 godina Luke, obratili su se i predstavnici dva lu\u010dka sindikata.<\/p>\t\t\t\t\t\t\t\t<\/div>\n\t\t\t\t<\/div>\n\t\t\t\t<div class=\"elementor-element elementor-element-8a90b89 de_scroll_animation_no exad-sticky-section-no exad-glass-effect-no elementor-widget elementor-widget-image\" data-id=\"8a90b89\" data-element_type=\"widget\" data-e-type=\"widget\" data-widget_type=\"image.default\">\n\t\t\t\t<div class=\"elementor-widget-container\">\n\t\t\t\t\t\t\t\t\t\t\t\t\t\t\t<img decoding=\"async\" width=\"800\" height=\"484\" src=\"https:\/\/lukabar.me\/wp-content\/uploads\/2024\/08\/Luka-Bar-AD-proslavila-117-godina-postojanja-4.jpg\" class=\"attachment-large size-large wp-image-15875 wp-post-image\" alt=\"\" srcset=\"https:\/\/lukabar.me\/wp-content\/uploads\/2024\/08\/Luka-Bar-AD-proslavila-117-godina-postojanja-4.jpg 800w, https:\/\/lukabar.me\/wp-content\/uploads\/2024\/08\/Luka-Bar-AD-proslavila-117-godina-postojanja-4-300x182.jpg 300w, https:\/\/lukabar.me\/wp-content\/uploads\/2024\/08\/Luka-Bar-AD-proslavila-117-godina-postojanja-4-768x465.jpg 768w\" sizes=\"(max-width: 800px) 100vw, 800px\" \/>\t\t\t\t\t\t\t\t\t\t\t\t\t\t\t<\/div>\n\t\t\t\t<\/div>\n\t\t\t\t<div class=\"elementor-element elementor-element-947c5d1 de_scroll_animation_no exad-sticky-section-no exad-glass-effect-no elementor-widget elementor-widget-text-editor\" data-id=\"947c5d1\" data-element_type=\"widget\" data-e-type=\"widget\" data-widget_type=\"text-editor.default\">\n\t\t\t\t<div class=\"elementor-widget-container\">\n\t\t\t\t\t\t\t\t\t<p>Predsjednik Sindikalne organizacije Luke Bar Alis \u0160aboti\u0107, koji je ove godine tako\u0111e dobio jubilarnu nagradu,istakao je da je ovo \u201cdan koji slu\u017ei za slavlje, jer se radi o jednoj od najzna\u010dajnijih kompanija u Crnoj Gori, ali i dan kada treba napraviti malu retrospektivu izme\u0111u dvije proslave\u201d.<\/p><p>\u201ePro\u0161le godine, na ovom istom mjestu sam pomenuo zaposlene u Sidru, prekovremeni rad, iscrpljenost radnika zbog rada nedjeljom. Nije se puno toga promijenilo, uprkos dobroj saradnji sindikata i menad\u017ementa\u2026 lako je usvojen novi \u2018Akt o sistematizaciji\u2019, za ovaj Sindikat pri\u010da o sistematizaciji nije jo\u0161 okon\u010dana. Menad\u017ement je upoznat da je Sindikat objedinio prigovore zaposlenih u ni\u017eim grupama poslova u jedan predlog koji bi iza\u0161ao u susret njihovim primjedbama, koje nijesu mogle biti rije\u0161ene kroz koeficijent slo\u017eenosti poslova. S obzirom na to da smo upoznati kako su ostale kompanije rije\u0161ile ovaj problem, \u017eelim da naglasim da je predlog Sindikata jedinstven u Crnoj Gori. Kako saznajemo kona\u010dno se zaposlenima priznaje pravo na uve\u0107anu zaradu za rad nedjeljom i to prije svega zahvaljuju\u0107i informacijama koje smo dobili od Granskog sindikata\u201e objasnio je \u0160aboti\u0107.<\/p><p>Ponosan je \u0161to je sindikalna organizacija na \u010dijem je \u010delu, u odnosu na pro\u0161lu godinu uve\u0107ana za 50, te da sada broji 370 \u010dlanova.<\/p>\t\t\t\t\t\t\t\t<\/div>\n\t\t\t\t<\/div>\n\t\t\t\t<div class=\"elementor-element elementor-element-89f687f de_scroll_animation_no exad-sticky-section-no exad-glass-effect-no elementor-widget elementor-widget-image\" data-id=\"89f687f\" data-element_type=\"widget\" data-e-type=\"widget\" data-widget_type=\"image.default\">\n\t\t\t\t<div class=\"elementor-widget-container\">\n\t\t\t\t\t\t\t\t\t\t\t\t\t\t\t<img loading=\"lazy\" decoding=\"async\" width=\"800\" height=\"484\" src=\"https:\/\/lukabar.me\/wp-content\/uploads\/2024\/08\/Luka-Bar-AD-proslavila-117-godina-postojanja-5.jpg\" class=\"attachment-large size-large wp-image-15876 wp-post-image\" alt=\"\" srcset=\"https:\/\/lukabar.me\/wp-content\/uploads\/2024\/08\/Luka-Bar-AD-proslavila-117-godina-postojanja-5.jpg 800w, https:\/\/lukabar.me\/wp-content\/uploads\/2024\/08\/Luka-Bar-AD-proslavila-117-godina-postojanja-5-300x182.jpg 300w, https:\/\/lukabar.me\/wp-content\/uploads\/2024\/08\/Luka-Bar-AD-proslavila-117-godina-postojanja-5-768x465.jpg 768w\" sizes=\"(max-width: 800px) 100vw, 800px\" \/>\t\t\t\t\t\t\t\t\t\t\t\t\t\t\t<\/div>\n\t\t\t\t<\/div>\n\t\t\t\t<div class=\"elementor-element elementor-element-2a4ee15 de_scroll_animation_no exad-sticky-section-no exad-glass-effect-no elementor-widget elementor-widget-text-editor\" data-id=\"2a4ee15\" data-element_type=\"widget\" data-e-type=\"widget\" data-widget_type=\"text-editor.default\">\n\t\t\t\t<div class=\"elementor-widget-container\">\n\t\t\t\t\t\t\t\t\t<p>\u201eTo mi daje za pravo da ka\u017eem da smo jedan od bolje organizovanih sindikata u dr\u017eavi. \u010clanovi su to prepoznali, i sigurno \u0107emo nastojati da to \u010dlanstvo pro\u0161irimo jo\u0161 vi\u0161e. \u017delim da se zahvalim menad\u017ementu na finansijskoj podr\u0161ci za u\u010de\u0161\u0107e na\u0161ih sportista na Sportskim igrama u Gr\u010dkoj. Da podsjetim, na\u0161i sportisti su po tre\u0107i put osvojili prvo mjesto u generalnom plasmanu, sa pet zlata, \u010detiri srebra i dva bronzana pehara\u201c, podsjetio je \u0160aboti\u0107 i naglasio da su se sportisti pored najboljeg rezutata u sportu, istakli i lijepim pona\u0161anjem i disciplinom, \u0161to mu, kako je kazao kao predsjedniku sindikata predstavlja posebnu \u010dast.<\/p><p>Da je Dan Luke Bar \u201ejedan od najva\u017enijih datuma u istoriji Crne Gore i sigurno najva\u017eniji u ekonomskoj istoriji zemlje\u201c, smatra predsjednik Sindikalne organizacije Lu\u010dkih radnika Vladimir Obradovi\u0107.<\/p><p>\u201e\u017delim Vam da jednog dana Luka Bar do\u017eivi ponovo da ima 15 brodova na sidri\u0161tu i hiljadu i po radnika po smjeni. \u0160to se ti\u010de drugih svari, moramo da znamo da nije zavr\u0161en posao. Ovo o procjeni rizika na radnim mjestima je presudno va\u017eno da sa\u010duvamo \u017eivote i zdravlje ljudi. Tako\u0111e je presudno va\u017eno da napokon mislimo malo i na standard ovih ljudi. Apelujem da po\u010dnemo da mislimo i na to da vratimo Luku Bar u cjelovito stanje i da vi\u0161e nikad niko ne pomisli da spomene privatizaciju Luke Bar\u201c, izri\u010dit je Obradovi\u0107.<\/p>\t\t\t\t\t\t\t\t<\/div>\n\t\t\t\t<\/div>\n\t\t\t\t<div class=\"elementor-element elementor-element-af0772e de_scroll_animation_no exad-sticky-section-no exad-glass-effect-no elementor-widget elementor-widget-video\" data-id=\"af0772e\" data-element_type=\"widget\" data-e-type=\"widget\" data-settings=\"{&quot;youtube_url&quot;:&quot;https:\\\/\\\/youtu.be\\\/tm3_K2Oi-KM&quot;,&quot;video_type&quot;:&quot;youtube&quot;,&quot;controls&quot;:&quot;yes&quot;}\" data-widget_type=\"video.default\">\n\t\t\t\t<div class=\"elementor-widget-container\">\n\t\t\t\t\t\t\t<div class=\"elementor-wrapper elementor-open-inline\">\n\t\t\t<div class=\"elementor-video\"><\/div>\t\t<\/div>\n\t\t\t\t\t\t<\/div>\n\t\t\t\t<\/div>\n\t\t\t\t<div class=\"elementor-element elementor-element-fd22dcc de_scroll_animation_no exad-sticky-section-no exad-glass-effect-no elementor-widget elementor-widget-text-editor\" data-id=\"fd22dcc\" data-element_type=\"widget\" data-e-type=\"widget\" data-widget_type=\"text-editor.default\">\n\t\t\t\t<div class=\"elementor-widget-container\">\n\t\t\t\t\t\t\t\t\t<p>Na ovaj datum \u201eLuka Bar\u201c AD tradicionalno zahvaljuje radnicima koji odlaze u penziju i dodjeljuje jubilarne nagrade onima koji su u ovom kolektivu proveli 10, 20, 30 i 40 godina. Plakete i nagrade ovogodi\u0161njim jubilarcima i penzionerima dodijeljene su u sve\u010danoj sali Luke.<\/p><p>Ove godine u penziju odlaze: Sne\u017eana Milo\u0161evi\u0107, Dragutin Nikovi\u0107, Zarija Franovi\u0107, Sevdalin Hamzi\u0107, Boro Dre\u0161i\u0107, Miodrag Srzenti\u0107 i Luka \u0110ur\u0111i\u0107.<\/p><p>Dobitnik jubilarne nagrade za 40 godina rada u lucij e Sevdalin Hamzi\u0107, dok su za 30 godina rada nagra\u0111eni Darko Kne\u017eevi\u0107 i \u017deljko Vujovi\u0107. Dio kolektiva 20 godina su Ljubo Marstijepovi\u0107, Agim Mila i Stanislava Mili\u0107.<\/p><p>Za jubilarnih deset godina rada u Luci Bar nagra\u0111eni su Dejana Bokan, Aleksandar Bulatovi\u0107, Milan Dajevi\u0107, Nikola Demirovi\u0107, Agim Demirovi\u0107, Adis \u0110ur\u010di\u0107, Sa\u0161a I\u010devi\u0107, Ristan Jakovljevi\u0107, Sr\u0111an Jovanovi\u0107, Eldina Kali\u0107, Nikolina Kne\u017eevi\u0107, Esad Marovi\u0107, Nenad Marstjepovi\u0107, Danilo Martini\u0107, Ilija Marvu\u010di\u0107, Almir Metanovi\u0107, Haris Me\u0111edovi\u0107, Nikola Nikezi\u0107, Ernad Nikezi\u0107, Predrag Ostoji\u0107, Jovica Pajovi\u0107, Marko Peki\u0107, Aleksandar Pep\u0111onovi\u0107, Ivan Perazi\u0107, Mirsad Pera\u0161evi\u0107, Damir Pero\u010devi\u0107, Dragana Rado\u0161evi\u0107, Vidak Rosi\u0107, Zlatan Smajevi\u0107, Sonja Stani\u0161ljevi\u0107, Darko Vuja\u010di\u0107, Nemanja Vujovi\u0107, Anto Vukmarkovi\u0107, Goran Vuk\u010devi\u0107, Alis \u0160aboti\u0107, Aleksandar \u0160\u0107eki\u0107, Ivan \u017divanovi\u0107, Borislav \u0110elovi\u0107, Nikola \u0110erkovi\u0107, \u0110uro \u0110okvu\u010di\u0107 i Ljubo \u0110ukanovi\u0107.<\/p><p>Oficijelni dio sve\u010danosti zaokru\u017een je prikazivanjem korporativnog videa \u201eMi smo Luka Bar\u201c koji je pripremila Slu\u017eba marketinga i Vasilije Radovi\u0107. U filmu su kori\u0161teni novi i arhivski snimsci i fotografije o Luci kroz vrijeme \u2013 od njenih po\u010detaka do dostignu\u0107a koja su postigli kao kolektiv. Za naraciju su bili zadu\u017eeni Slavica Ad\u017ei\u0107 i Igor Hrvatin.<\/p><p>Povodom Dana Luke Bar uprili\u010den je i koktel sa bogatom zakuskom i prepoznatljivim specijalitetima hotela \u201eSidro\u201c, upotpunjen vi\u0161eminutnim vatrometom. Doma\u0107ini i gosti su do kasnih ve\u010dernjih sati u\u017eivali uz muziku u izvo\u0111enju popularnog \u201eAkademia benda\u201c.<\/p><p>izvor: <a href=\"http:\/\/www.barinfo.me\">barinfo.me<\/a><\/p>\t\t\t\t\t\t\t\t<\/div>\n\t\t\t\t<\/div>\n\t\t\t\t\t<\/div>\n\t\t\t\t<\/div>\n\t\t\t\t<\/div>","protected":false},"excerpt":{"rendered":"<p>Najve\u0107i privredni subjekat u gradu pod Rumijom i jedan od najzna\u010dajnijih resursa u Crnoj Gori \u2013 \u201eLuka Bar\u201c AD, proslavila je ju\u010de 117 godina postojanja. Na prigodnoj sve\u010danosti uprili\u010denoj ispred hotela \u201eSidro\u201c, kojoj su prisustvovali poslovni partneri, \u010dlanovi odbora direktora, kolektiva, dobitnici jubilarih nagrada i penzioneri, kao i predstavnici medija, u uvodnom obra\u0107anju Predsjednik Odbora direktora mr Darko Peki\u0107, istakao je da je ova godina bila plodonosna za Luku. \u201eRezultati na finansijskom planu pokazatelj su da Luka ima \u010dime da se pohvali u ovom periodu. To je ne\u0161to \u0161to nas \u010dini ponosnim kao sistem. Izazovi koji su bili u pro\u0161losti, sada su dijelom prevazi\u0111eni, ali neki od njih su i dalje tu i borimo se svakodnevno\u201c, kazao je mr Peki\u0107, dodav\u0161i da je \u201eLuka dobila jedan novi organizacioni element koji bi trebalo da je \u010dini jo\u0161 ja\u010dom u budu\u0107nosti\u201c. \u201eOdbor direktora koji predstavljam u ovom trenutku je pro\u0161le godine uspio da pokrene proces sistematizacije koji je uspje\u0161no zavr\u0161en u maju 2023. godine. Va\u017eno je nazna\u010diti da Luka Bar veliku zahvalnost za svoje djelovanje duguje i nekim malim elementima koji su tu, a mo\u017eda ih ne prepoznajemo. Mi imamo Odbojka\u0161ki klub, jednu zdravu cjelinu, a neki od rezultata koje taj klub posti\u017ee nas sve ovdje \u010dine ponosnim i daju nam za pravo da vjerujemo da \u0107e dru\u0161tvena odgovornost koju Luka Bar sprovodi, i u budu\u0107nosti donositi velike rezultate ne samo gradu Baru, ve\u0107 i \u0161ire. Tako\u0111e, u\u0161li smo i u jednu pri\u010du koja se zove \u2018Ribolovni dan u luci\u2019. Dali smo priliku svim Baranima koji \u017eele da se oprobaju u sportskom ribolovstvu da u\u0111u u Luku Bar, pecaju, imaju mogu\u0107nost da se dru\u017ee i taj doga\u0111aj je planiran kao tradicionalan\u201c, istakao je mr Peki\u0107. Izvr\u0161ni direktor \u201eLuke Bar\u201c AD Ilija Pje\u0161\u010di\u0107 kazao je da su \u201eponosni na tradiciju i trajanje, ostvarene rezultate i poslovne uspjehe ali, prije svega su ponosni i zadovoljni \u0161to su veliki, skladan i funkcionalan kolektiv i tim, koji odr\u017eava vrlo uspje\u0161ne poslovne kontakte i odnose\u201c. \u201eNije lako govoriti u ime gotovo 600 zaposlenih koliko je trenutno u Luci Bar. To obavezuje i predstavlja veliku odgovornost, ali i \u010dast. Jer, na\u0161i zajedni\u010dki rezultati su izuzetni. Napori koje ula\u017eemo su nekada \u010dak i nadljudski. Infrastruktura, mehanizacija, saobra\u0107ajno zale\u0111e Luke Bar, sve to daleko je od idealnog. Ali, mi paralelno su uspje\u0161nim utvr\u0111enim obi\u010dnim poslovima, na\u0161e osnovne djelatnosti, kontinuirano radimo i na podizanju tih kapaciteta. Nabavlja se nova mehanizacija, vr\u0161i se sanacija konstruktivne obale, Volujca, intezivno radimo na pove\u0107avanju skladi\u0161nih kapaciteta\u201c, naveo je Pje\u0161\u010di\u0107 i dodao da pored toga, podi\u017eu bezbjednost i nivo Luke na sve ve\u0107e standarde a da sa njihovim poslovnim partnerima iz zemlje i inostranstva, zajedno rade na opredjeljenju logisti\u010dkog transportnog pravca preko Luke Bar. \u00a0Ono \u0161to je, kako smatra direktor Pje\u0161\u010di\u0107, prepoznato na svim relevantnim adresama, je potreba za ponovnim objedinjavanjem Luke Bar u jedinstven i cjelovit sistem. \u00a0\u201eJedino u tom modelu funkcionisanja, Luka Bar biti ponovo konkurentna i maksimalno operativna\u201c, naglasio je izraziv\u0161i nadu da \u0107e taj poduhvat biti ostvaren, s obzirom da je Vlada ve\u0107 pokrenula prve korake ka tom cilju. Podsjetio je da je 2022. godina za Luku bila rekordna godina po svim parametrima poslovanja i kazao da o\u010dekuje da \u0107e i ovu godinu zavr\u0161iti uspje\u0161no. \u201eNijesmo krili zadovoljstvo i ponos kako smo svi zajedni\u010dki iznijeli pretovar od 2,4 miliona tona i ostvarili zavidne finansijske rezultate. Poslovna 2023. ve\u0107 u prvim mjesecima pokazala je koliko su lu\u010dko poslovanje i pomorska djelotnost nepredvidivi i uslovljeni nizom faktora, po\u010de\u0161i od me\u0111unarodnih sukoba do raznih poreme\u0107aja na tr\u017ei\u0161tu roba. Svakako, sve smo to spremno do\u010dekali i u prvom kvartalu ostavili pretovar od 450.000 tona i ukupno prihodovali 4 miliona eura. Vjerujem da \u0107e Luka Bar i ovu godinu zavr\u0161iti uspje\u0161no, a temelje za moj optimizam gradim na najavama novih poslova i tereta, kao i na stalnim napornim aktivnostima da trenutne poslove intenziviramo\u201c, pojasnio je Pje\u0161\u010di\u0107, zahvalio poslovnim partnerima, a posebne \u010destitke uputio dobitnicima jubilarnih nagrada kao i kolegama koji su izme\u0111u dva jubileja Luke ostvarili pravo na penziju. \u201eZahvaljujem u ime kompanije i svoje li\u010dno za sav va\u0161 trud i zalaganje. Svim na\u0161im poslovim parterima hvala na uspje\u0161noj i produktivnoj saradnji u predhodnom perodu. Uvjeren sam da \u0107emo jo\u0161 ja\u010de i\u0107i u nove poslovne poduhvate\u201c, zaklju\u010dio je Pje\u0161\u010di\u0107. Na sve\u010danosti povodom obilje\u017eavanja 117 godina Luke, obratili su se i predstavnici dva lu\u010dka sindikata. Predsjednik Sindikalne organizacije Luke Bar Alis \u0160aboti\u0107, koji je ove godine tako\u0111e dobio jubilarnu nagradu,istakao je da je ovo \u201cdan koji slu\u017ei za slavlje, jer se radi o jednoj od najzna\u010dajnijih kompanija u Crnoj Gori, ali i dan kada treba napraviti malu retrospektivu izme\u0111u dvije proslave\u201d. \u201ePro\u0161le godine, na ovom istom mjestu sam pomenuo zaposlene u Sidru, prekovremeni rad, iscrpljenost radnika zbog rada nedjeljom. Nije se puno toga promijenilo, uprkos dobroj saradnji sindikata i menad\u017ementa\u2026 lako je usvojen novi \u2018Akt o sistematizaciji\u2019, za ovaj Sindikat pri\u010da o sistematizaciji nije jo\u0161 okon\u010dana. Menad\u017ement je upoznat da je Sindikat objedinio prigovore zaposlenih u ni\u017eim grupama poslova u jedan predlog koji bi iza\u0161ao u susret njihovim primjedbama, koje nijesu mogle biti rije\u0161ene kroz koeficijent slo\u017eenosti poslova. S obzirom na to da smo upoznati kako su ostale kompanije rije\u0161ile ovaj problem, \u017eelim da naglasim da je predlog Sindikata jedinstven u Crnoj Gori. Kako saznajemo kona\u010dno se zaposlenima priznaje pravo na uve\u0107anu zaradu za rad nedjeljom i to prije svega zahvaljuju\u0107i informacijama koje smo dobili od Granskog sindikata\u201e objasnio je \u0160aboti\u0107. Ponosan je \u0161to je sindikalna organizacija na \u010dijem je \u010delu, u odnosu na pro\u0161lu godinu uve\u0107ana za 50, te da sada broji 370 \u010dlanova. \u201eTo mi daje za pravo da ka\u017eem da smo jedan od bolje organizovanih sindikata u dr\u017eavi. \u010clanovi su to prepoznali, i sigurno \u0107emo nastojati da to \u010dlanstvo pro\u0161irimo jo\u0161 vi\u0161e. \u017delim da se zahvalim menad\u017ementu na finansijskoj podr\u0161ci za u\u010de\u0161\u0107e na\u0161ih sportista na Sportskim igrama u Gr\u010dkoj. Da podsjetim, na\u0161i sportisti su po tre\u0107i put osvojili prvo mjesto u generalnom plasmanu, sa pet zlata, \u010detiri srebra i dva bronzana pehara\u201c, podsjetio je \u0160aboti\u0107 i naglasio da su se sportisti pored najboljeg rezutata<\/p>","protected":false},"author":1,"featured_media":15872,"comment_status":"open","ping_status":"open","sticky":false,"template":"","format":"standard","meta":{"footnotes":""},"categories":[17],"tags":[],"class_list":["post-15870","post","type-post","status-publish","format-standard","has-post-thumbnail","hentry","category-novosti"],"blocksy_meta":[],"yoast_head":"<!-- This site is optimized with the Yoast SEO plugin v27.5 - https:\/\/yoast.com\/product\/yoast-seo-wordpress\/ -->\n<title>Luka Bar AD proslavila 117 godina postojanja<\/title>\n<meta name=\"description\" content=\"Najve\u0107i privredni subjekat u gradu pod Rumijom i jedan od najzna\u010dajnijih resursa u Crnoj Gori \u2013 \u201eLuka Bar\u201c AD, proslavila je ju\u010de 117 godina postojanja.Na\" \/>\n<meta name=\"robots\" content=\"index, follow, max-snippet:-1, max-image-preview:large, max-video-preview:-1\" \/>\n<link rel=\"canonical\" href=\"https:\/\/lukabar.me\/en\/luka-bar-ad-proslavila-117-godina-postojanja\/\" \/>\n<meta property=\"og:locale\" content=\"en_US\" \/>\n<meta property=\"og:type\" content=\"article\" \/>\n<meta property=\"og:title\" content=\"Luka Bar AD proslavila 117 godina postojanja\" \/>\n<meta property=\"og:description\" content=\"Najve\u0107i privredni subjekat u gradu pod Rumijom i jedan od najzna\u010dajnijih resursa u Crnoj Gori \u2013 \u201eLuka Bar\u201c AD, proslavila je ju\u010de 117 godina postojanja.Na\" \/>\n<meta property=\"og:url\" content=\"https:\/\/lukabar.me\/en\/luka-bar-ad-proslavila-117-godina-postojanja\/\" \/>\n<meta property=\"og:site_name\" content=\"Luka Bar | Port of Bar - Connecting Montenegro to Global Trade\" \/>\n<meta property=\"article:publisher\" content=\"https:\/\/www.facebook.com\/portofbar\" \/>\n<meta property=\"article:published_time\" content=\"2023-06-28T06:07:00+00:00\" \/>\n<meta property=\"article:modified_time\" content=\"2024-08-21T06:13:38+00:00\" \/>\n<meta property=\"og:image\" content=\"https:\/\/lukabar.me\/wp-content\/uploads\/2024\/08\/Luka-Bar-AD-proslavila-117-godina-postojanja-1.jpg\" \/>\n\t<meta property=\"og:image:width\" content=\"800\" \/>\n\t<meta property=\"og:image:height\" content=\"484\" \/>\n\t<meta property=\"og:image:type\" content=\"image\/jpeg\" \/>\n<meta name=\"author\" content=\"qyqzntmy\" \/>\n<meta name=\"twitter:card\" content=\"summary_large_image\" \/>\n<meta name=\"twitter:creator\" content=\"@portofbar\" \/>\n<meta name=\"twitter:site\" content=\"@portofbar\" \/>\n<meta name=\"twitter:label1\" content=\"Written by\" \/>\n\t<meta name=\"twitter:data1\" content=\"qyqzntmy\" \/>\n\t<meta name=\"twitter:label2\" content=\"Est. reading time\" \/>\n\t<meta name=\"twitter:data2\" content=\"8 minutes\" \/>\n<script type=\"application\/ld+json\" class=\"yoast-schema-graph\">{\"@context\":\"https:\\\/\\\/schema.org\",\"@graph\":[{\"@type\":\"Article\",\"@id\":\"https:\\\/\\\/lukabar.me\\\/luka-bar-ad-proslavila-117-godina-postojanja\\\/#article\",\"isPartOf\":{\"@id\":\"https:\\\/\\\/lukabar.me\\\/luka-bar-ad-proslavila-117-godina-postojanja\\\/\"},\"author\":{\"name\":\"qyqzntmy\",\"@id\":\"https:\\\/\\\/lukabar.me\\\/#\\\/schema\\\/person\\\/84ccd15ea8529df078a6db7f01d0cf50\"},\"headline\":\"Luka Bar AD proslavila 117 godina postojanja\",\"datePublished\":\"2023-06-28T06:07:00+00:00\",\"dateModified\":\"2024-08-21T06:13:38+00:00\",\"mainEntityOfPage\":{\"@id\":\"https:\\\/\\\/lukabar.me\\\/luka-bar-ad-proslavila-117-godina-postojanja\\\/\"},\"wordCount\":1576,\"commentCount\":0,\"publisher\":{\"@id\":\"https:\\\/\\\/lukabar.me\\\/#organization\"},\"image\":{\"@id\":\"https:\\\/\\\/lukabar.me\\\/luka-bar-ad-proslavila-117-godina-postojanja\\\/#primaryimage\"},\"thumbnailUrl\":\"https:\\\/\\\/lukabar.me\\\/wp-content\\\/uploads\\\/2024\\\/08\\\/Luka-Bar-AD-proslavila-117-godina-postojanja-1.jpg\",\"articleSection\":[\"Novosti\"],\"inLanguage\":\"en-US\",\"potentialAction\":[{\"@type\":\"CommentAction\",\"name\":\"Comment\",\"target\":[\"https:\\\/\\\/lukabar.me\\\/luka-bar-ad-proslavila-117-godina-postojanja\\\/#respond\"]}]},{\"@type\":\"WebPage\",\"@id\":\"https:\\\/\\\/lukabar.me\\\/luka-bar-ad-proslavila-117-godina-postojanja\\\/\",\"url\":\"https:\\\/\\\/lukabar.me\\\/luka-bar-ad-proslavila-117-godina-postojanja\\\/\",\"name\":\"Luka Bar AD proslavila 117 godina postojanja\",\"isPartOf\":{\"@id\":\"https:\\\/\\\/lukabar.me\\\/#website\"},\"primaryImageOfPage\":{\"@id\":\"https:\\\/\\\/lukabar.me\\\/luka-bar-ad-proslavila-117-godina-postojanja\\\/#primaryimage\"},\"image\":{\"@id\":\"https:\\\/\\\/lukabar.me\\\/luka-bar-ad-proslavila-117-godina-postojanja\\\/#primaryimage\"},\"thumbnailUrl\":\"https:\\\/\\\/lukabar.me\\\/wp-content\\\/uploads\\\/2024\\\/08\\\/Luka-Bar-AD-proslavila-117-godina-postojanja-1.jpg\",\"datePublished\":\"2023-06-28T06:07:00+00:00\",\"dateModified\":\"2024-08-21T06:13:38+00:00\",\"description\":\"Najve\u0107i privredni subjekat u gradu pod Rumijom i jedan od najzna\u010dajnijih resursa u Crnoj Gori \u2013 \u201eLuka Bar\u201c AD, proslavila je ju\u010de 117 godina postojanja.Na\",\"breadcrumb\":{\"@id\":\"https:\\\/\\\/lukabar.me\\\/luka-bar-ad-proslavila-117-godina-postojanja\\\/#breadcrumb\"},\"inLanguage\":\"en-US\",\"potentialAction\":[{\"@type\":\"ReadAction\",\"target\":[\"https:\\\/\\\/lukabar.me\\\/luka-bar-ad-proslavila-117-godina-postojanja\\\/\"]}]},{\"@type\":\"ImageObject\",\"inLanguage\":\"en-US\",\"@id\":\"https:\\\/\\\/lukabar.me\\\/luka-bar-ad-proslavila-117-godina-postojanja\\\/#primaryimage\",\"url\":\"https:\\\/\\\/lukabar.me\\\/wp-content\\\/uploads\\\/2024\\\/08\\\/Luka-Bar-AD-proslavila-117-godina-postojanja-1.jpg\",\"contentUrl\":\"https:\\\/\\\/lukabar.me\\\/wp-content\\\/uploads\\\/2024\\\/08\\\/Luka-Bar-AD-proslavila-117-godina-postojanja-1.jpg\",\"width\":800,\"height\":484},{\"@type\":\"BreadcrumbList\",\"@id\":\"https:\\\/\\\/lukabar.me\\\/luka-bar-ad-proslavila-117-godina-postojanja\\\/#breadcrumb\",\"itemListElement\":[{\"@type\":\"ListItem\",\"position\":1,\"name\":\"Home\",\"item\":\"https:\\\/\\\/lukabar.me\\\/\"},{\"@type\":\"ListItem\",\"position\":2,\"name\":\"Luka Bar AD proslavila 117 godina postojanja\"}]},{\"@type\":\"WebSite\",\"@id\":\"https:\\\/\\\/lukabar.me\\\/#website\",\"url\":\"https:\\\/\\\/lukabar.me\\\/\",\"name\":\"Luka Bar | Port of Bar - Connecting Montenegro to Global Trade\",\"description\":\"Svijet na Dohvat Luke | World Within Port&#039;s Reach\",\"publisher\":{\"@id\":\"https:\\\/\\\/lukabar.me\\\/#organization\"},\"alternateName\":\"Luka Bar | Port of Bar\",\"potentialAction\":[{\"@type\":\"SearchAction\",\"target\":{\"@type\":\"EntryPoint\",\"urlTemplate\":\"https:\\\/\\\/lukabar.me\\\/?s={search_term_string}\"},\"query-input\":{\"@type\":\"PropertyValueSpecification\",\"valueRequired\":true,\"valueName\":\"search_term_string\"}}],\"inLanguage\":\"en-US\"},{\"@type\":\"Organization\",\"@id\":\"https:\\\/\\\/lukabar.me\\\/#organization\",\"name\":\"Luka Bar | Port of Bar - Connecting Montenegro to Global Trade\",\"alternateName\":\"Luka Bar | Port of Bar\",\"url\":\"https:\\\/\\\/lukabar.me\\\/\",\"logo\":{\"@type\":\"ImageObject\",\"inLanguage\":\"en-US\",\"@id\":\"https:\\\/\\\/lukabar.me\\\/#\\\/schema\\\/logo\\\/image\\\/\",\"url\":\"https:\\\/\\\/lukabar.me\\\/wp-content\\\/uploads\\\/2025\\\/01\\\/lukabar-logo-seo-01-scaled.jpg\",\"contentUrl\":\"https:\\\/\\\/lukabar.me\\\/wp-content\\\/uploads\\\/2025\\\/01\\\/lukabar-logo-seo-01-scaled.jpg\",\"width\":2560,\"height\":2560,\"caption\":\"Luka Bar | Port of Bar - Connecting Montenegro to Global Trade\"},\"image\":{\"@id\":\"https:\\\/\\\/lukabar.me\\\/#\\\/schema\\\/logo\\\/image\\\/\"},\"sameAs\":[\"https:\\\/\\\/www.facebook.com\\\/portofbar\",\"https:\\\/\\\/x.com\\\/portofbar\",\"https:\\\/\\\/instagram.com\\\/portofbar\",\"https:\\\/\\\/www.linkedin.com\\\/company\\\/port-of-bar\",\"https:\\\/\\\/www.youtube.com\\\/@portofbarmontenegro\"]},{\"@type\":\"Person\",\"@id\":\"https:\\\/\\\/lukabar.me\\\/#\\\/schema\\\/person\\\/84ccd15ea8529df078a6db7f01d0cf50\",\"name\":\"qyqzntmy\",\"image\":{\"@type\":\"ImageObject\",\"inLanguage\":\"en-US\",\"@id\":\"https:\\\/\\\/secure.gravatar.com\\\/avatar\\\/34512178c8047217f2f61ffdd71737957c3b33f2936e498c6153ae6dab2989ba?s=96&d=mm&r=g\",\"url\":\"https:\\\/\\\/secure.gravatar.com\\\/avatar\\\/34512178c8047217f2f61ffdd71737957c3b33f2936e498c6153ae6dab2989ba?s=96&d=mm&r=g\",\"contentUrl\":\"https:\\\/\\\/secure.gravatar.com\\\/avatar\\\/34512178c8047217f2f61ffdd71737957c3b33f2936e498c6153ae6dab2989ba?s=96&d=mm&r=g\",\"caption\":\"qyqzntmy\"},\"sameAs\":[\"https:\\\/\\\/lukabar.me\"],\"url\":\"https:\\\/\\\/lukabar.me\\\/en\\\/author\\\/qyqzntmy\\\/\"}]}<\/script>\n<!-- \/ Yoast SEO plugin. -->","yoast_head_json":{"title":"Luka Bar AD proslavila 117 godina postojanja","description":"Najve\u0107i privredni subjekat u gradu pod Rumijom i jedan od najzna\u010dajnijih resursa u Crnoj Gori \u2013 \u201eLuka Bar\u201c AD, proslavila je ju\u010de 117 godina postojanja.Na","robots":{"index":"index","follow":"follow","max-snippet":"max-snippet:-1","max-image-preview":"max-image-preview:large","max-video-preview":"max-video-preview:-1"},"canonical":"https:\/\/lukabar.me\/en\/luka-bar-ad-proslavila-117-godina-postojanja\/","og_locale":"en_US","og_type":"article","og_title":"Luka Bar AD proslavila 117 godina postojanja","og_description":"Najve\u0107i privredni subjekat u gradu pod Rumijom i jedan od najzna\u010dajnijih resursa u Crnoj Gori \u2013 \u201eLuka Bar\u201c AD, proslavila je ju\u010de 117 godina postojanja.Na","og_url":"https:\/\/lukabar.me\/en\/luka-bar-ad-proslavila-117-godina-postojanja\/","og_site_name":"Luka Bar | Port of Bar - Connecting Montenegro to Global Trade","article_publisher":"https:\/\/www.facebook.com\/portofbar","article_published_time":"2023-06-28T06:07:00+00:00","article_modified_time":"2024-08-21T06:13:38+00:00","og_image":[{"width":800,"height":484,"url":"https:\/\/lukabar.me\/wp-content\/uploads\/2024\/08\/Luka-Bar-AD-proslavila-117-godina-postojanja-1.jpg","type":"image\/jpeg"}],"author":"qyqzntmy","twitter_card":"summary_large_image","twitter_creator":"@portofbar","twitter_site":"@portofbar","twitter_misc":{"Written by":"qyqzntmy","Est. reading time":"8 minutes"},"schema":{"@context":"https:\/\/schema.org","@graph":[{"@type":"Article","@id":"https:\/\/lukabar.me\/luka-bar-ad-proslavila-117-godina-postojanja\/#article","isPartOf":{"@id":"https:\/\/lukabar.me\/luka-bar-ad-proslavila-117-godina-postojanja\/"},"author":{"name":"qyqzntmy","@id":"https:\/\/lukabar.me\/#\/schema\/person\/84ccd15ea8529df078a6db7f01d0cf50"},"headline":"Luka Bar AD proslavila 117 godina postojanja","datePublished":"2023-06-28T06:07:00+00:00","dateModified":"2024-08-21T06:13:38+00:00","mainEntityOfPage":{"@id":"https:\/\/lukabar.me\/luka-bar-ad-proslavila-117-godina-postojanja\/"},"wordCount":1576,"commentCount":0,"publisher":{"@id":"https:\/\/lukabar.me\/#organization"},"image":{"@id":"https:\/\/lukabar.me\/luka-bar-ad-proslavila-117-godina-postojanja\/#primaryimage"},"thumbnailUrl":"https:\/\/lukabar.me\/wp-content\/uploads\/2024\/08\/Luka-Bar-AD-proslavila-117-godina-postojanja-1.jpg","articleSection":["Novosti"],"inLanguage":"en-US","potentialAction":[{"@type":"CommentAction","name":"Comment","target":["https:\/\/lukabar.me\/luka-bar-ad-proslavila-117-godina-postojanja\/#respond"]}]},{"@type":"WebPage","@id":"https:\/\/lukabar.me\/luka-bar-ad-proslavila-117-godina-postojanja\/","url":"https:\/\/lukabar.me\/luka-bar-ad-proslavila-117-godina-postojanja\/","name":"Luka Bar AD proslavila 117 godina postojanja","isPartOf":{"@id":"https:\/\/lukabar.me\/#website"},"primaryImageOfPage":{"@id":"https:\/\/lukabar.me\/luka-bar-ad-proslavila-117-godina-postojanja\/#primaryimage"},"image":{"@id":"https:\/\/lukabar.me\/luka-bar-ad-proslavila-117-godina-postojanja\/#primaryimage"},"thumbnailUrl":"https:\/\/lukabar.me\/wp-content\/uploads\/2024\/08\/Luka-Bar-AD-proslavila-117-godina-postojanja-1.jpg","datePublished":"2023-06-28T06:07:00+00:00","dateModified":"2024-08-21T06:13:38+00:00","description":"Najve\u0107i privredni subjekat u gradu pod Rumijom i jedan od najzna\u010dajnijih resursa u Crnoj Gori \u2013 \u201eLuka Bar\u201c AD, proslavila je ju\u010de 117 godina postojanja.Na","breadcrumb":{"@id":"https:\/\/lukabar.me\/luka-bar-ad-proslavila-117-godina-postojanja\/#breadcrumb"},"inLanguage":"en-US","potentialAction":[{"@type":"ReadAction","target":["https:\/\/lukabar.me\/luka-bar-ad-proslavila-117-godina-postojanja\/"]}]},{"@type":"ImageObject","inLanguage":"en-US","@id":"https:\/\/lukabar.me\/luka-bar-ad-proslavila-117-godina-postojanja\/#primaryimage","url":"https:\/\/lukabar.me\/wp-content\/uploads\/2024\/08\/Luka-Bar-AD-proslavila-117-godina-postojanja-1.jpg","contentUrl":"https:\/\/lukabar.me\/wp-content\/uploads\/2024\/08\/Luka-Bar-AD-proslavila-117-godina-postojanja-1.jpg","width":800,"height":484},{"@type":"BreadcrumbList","@id":"https:\/\/lukabar.me\/luka-bar-ad-proslavila-117-godina-postojanja\/#breadcrumb","itemListElement":[{"@type":"ListItem","position":1,"name":"Home","item":"https:\/\/lukabar.me\/"},{"@type":"ListItem","position":2,"name":"Luka Bar AD proslavila 117 godina postojanja"}]},{"@type":"WebSite","@id":"https:\/\/lukabar.me\/#website","url":"https:\/\/lukabar.me\/","name":"Port of Bar | Port of Bar - Connecting Montenegro to Global Trade","description":"World at the Reach of Luke | World Within Port&#039;s Reach","publisher":{"@id":"https:\/\/lukabar.me\/#organization"},"alternateName":"Luka Bar | Port of Bar","potentialAction":[{"@type":"SearchAction","target":{"@type":"EntryPoint","urlTemplate":"https:\/\/lukabar.me\/?s={search_term_string}"},"query-input":{"@type":"PropertyValueSpecification","valueRequired":true,"valueName":"search_term_string"}}],"inLanguage":"en-US"},{"@type":"Organization","@id":"https:\/\/lukabar.me\/#organization","name":"Port of Bar | Port of Bar - Connecting Montenegro to Global Trade","alternateName":"Luka Bar | Port of Bar","url":"https:\/\/lukabar.me\/","logo":{"@type":"ImageObject","inLanguage":"en-US","@id":"https:\/\/lukabar.me\/#\/schema\/logo\/image\/","url":"https:\/\/lukabar.me\/wp-content\/uploads\/2025\/01\/lukabar-logo-seo-01-scaled.jpg","contentUrl":"https:\/\/lukabar.me\/wp-content\/uploads\/2025\/01\/lukabar-logo-seo-01-scaled.jpg","width":2560,"height":2560,"caption":"Luka Bar | Port of Bar - Connecting Montenegro to Global Trade"},"image":{"@id":"https:\/\/lukabar.me\/#\/schema\/logo\/image\/"},"sameAs":["https:\/\/www.facebook.com\/portofbar","https:\/\/x.com\/portofbar","https:\/\/instagram.com\/portofbar","https:\/\/www.linkedin.com\/company\/port-of-bar","https:\/\/www.youtube.com\/@portofbarmontenegro"]},{"@type":"Person","@id":"https:\/\/lukabar.me\/#\/schema\/person\/84ccd15ea8529df078a6db7f01d0cf50","name":"qyqzntmy","image":{"@type":"ImageObject","inLanguage":"en-US","@id":"https:\/\/secure.gravatar.com\/avatar\/34512178c8047217f2f61ffdd71737957c3b33f2936e498c6153ae6dab2989ba?s=96&d=mm&r=g","url":"https:\/\/secure.gravatar.com\/avatar\/34512178c8047217f2f61ffdd71737957c3b33f2936e498c6153ae6dab2989ba?s=96&d=mm&r=g","contentUrl":"https:\/\/secure.gravatar.com\/avatar\/34512178c8047217f2f61ffdd71737957c3b33f2936e498c6153ae6dab2989ba?s=96&d=mm&r=g","caption":"qyqzntmy"},"sameAs":["https:\/\/lukabar.me"],"url":"https:\/\/lukabar.me\/en\/author\/qyqzntmy\/"}]}},"_links":{"self":[{"href":"https:\/\/lukabar.me\/en\/wp-json\/wp\/v2\/posts\/15870","targetHints":{"allow":["GET"]}}],"collection":[{"href":"https:\/\/lukabar.me\/en\/wp-json\/wp\/v2\/posts"}],"about":[{"href":"https:\/\/lukabar.me\/en\/wp-json\/wp\/v2\/types\/post"}],"author":[{"embeddable":true,"href":"https:\/\/lukabar.me\/en\/wp-json\/wp\/v2\/users\/1"}],"replies":[{"embeddable":true,"href":"https:\/\/lukabar.me\/en\/wp-json\/wp\/v2\/comments?post=15870"}],"version-history":[{"count":4,"href":"https:\/\/lukabar.me\/en\/wp-json\/wp\/v2\/posts\/15870\/revisions"}],"predecessor-version":[{"id":15880,"href":"https:\/\/lukabar.me\/en\/wp-json\/wp\/v2\/posts\/15870\/revisions\/15880"}],"wp:featuredmedia":[{"embeddable":true,"href":"https:\/\/lukabar.me\/en\/wp-json\/wp\/v2\/media\/15872"}],"wp:attachment":[{"href":"https:\/\/lukabar.me\/en\/wp-json\/wp\/v2\/media?parent=15870"}],"wp:term":[{"taxonomy":"category","embeddable":true,"href":"https:\/\/lukabar.me\/en\/wp-json\/wp\/v2\/categories?post=15870"},{"taxonomy":"post_tag","embeddable":true,"href":"https:\/\/lukabar.me\/en\/wp-json\/wp\/v2\/tags?post=15870"}],"curies":[{"name":"wp","href":"https:\/\/api.w.org\/{rel}","templated":true}]}}