{"id":15931,"date":"2023-07-11T08:34:00","date_gmt":"2023-07-11T06:34:00","guid":{"rendered":"https:\/\/lukabar.me\/?p=15931"},"modified":"2024-08-21T08:35:24","modified_gmt":"2024-08-21T06:35:24","slug":"predstavnici-luke-bar-sa-delegacijom-pkcg-posjetili-slobodnu-zonu-pirot","status":"publish","type":"post","link":"https:\/\/lukabar.me\/en\/predstavnici-luke-bar-sa-delegacijom-pkcg-posjetili-slobodnu-zonu-pirot\/","title":{"rendered":"Predstavnici Luke Bar sa Delegacijom PKCG posjetili Slobodnu zonu Pirot"},"content":{"rendered":"<div data-elementor-type=\"wp-post\" data-elementor-id=\"15931\" class=\"elementor elementor-15931\">\n\t\t\t\t<div class=\"elementor-element elementor-element-b5ad6be e-flex e-con-boxed wpr-particle-no wpr-jarallax-no wpr-parallax-no wpr-sticky-section-no wpr-equal-height-no e-con e-parent\" data-id=\"b5ad6be\" data-element_type=\"container\" data-e-type=\"container\">\n\t\t\t\t\t<div class=\"e-con-inner\">\n\t\t\t\t<div class=\"elementor-element elementor-element-d0a7d2c de_scroll_animation_no exad-sticky-section-no exad-glass-effect-no elementor-widget elementor-widget-text-editor\" data-id=\"d0a7d2c\" data-element_type=\"widget\" data-e-type=\"widget\" data-widget_type=\"text-editor.default\">\n\t\t\t\t<div class=\"elementor-widget-container\">\n\t\t\t\t\t\t\t\t\t<p>Delegacija Privredne komore Crne Gore, koju je predvodila Predsjednica Nina Draki\u0107, a u \u010dijem sastavu su bili i predstavnici &#8222;Luka Bar&#8220; AD, posjetila je Ugovorno okru\u017enu komoru Pirot. Osim Predsjednice Draki\u0107, sastanku su prisustvovali i Predsjednik Skup\u0161tine PKCG Vojo Banovi\u0107, biv\u0161i Predsjednik PKCG Vlastimir Golubovi\u0107, kao i Predsjednik Odbora direktora Luke Bar Darko Peki\u0107, \u010clan Odbora Marko Mara\u0161 i Direktor sektora finansija Nenad Vujanovi\u0107.<\/p><p>U fokusu razgovora bilo je funkcionisanje Slobodne zone Pirot, koja je regionalno prepoznata kao vrlo uspje\u0161an concept slobodne zone. Napomenuv\u0161i da je Luka Bar na cijelom svom podru\u010dju Slobodna zona, a da njeni potencijali i kapaciteti nijesu u dovoljnoj mjeri iskori\u0161\u0107eni, Peki\u0107 je kazao da u Slobodnoj zoni Pirot rukovodstvo Luke Bar mo\u017ee vidjeti, a potencijalno i primjeniti,\u00a0 vrlo pozitivne prakse i iskustva.\u00a0 &#8222;Osim toga svaki kontakt i poslovni aran\u017eman, kao i tradicionalno dobra saradnja privrednika Crne Gore i Srbije, kroz djelovanje Privrednih komora obje dr\u017eave, strate\u0161ki su interes za na\u0161u kompaniju, jer Srbija je prirodno zaledje i najve\u0107e tr\u017ei\u0161te Luke Bar&#8220;\u00a0 istakao je Peki\u0107. Sa ovim stanovi\u0161tem su se apsolutno saglasili i dr Dragan Kosti\u0107, Predsjednik UO Privredne komore Pirot, kao i Predsjednica Draki\u0107, isti\u010du\u0107i koliko je zna\u010dajno \u0161to je saradnja privrednih komora dugogodi\u0161nja i stabilna.<\/p><p>Na sastanku je bilo rije\u010di i o globalnim poreme\u0107ajima na tr\u017ei\u0161tu snabdijevanja i transporta, koji su izazvani brojnim me\u0111unarodnim faktorima, ali i o konkretnim modelima saradnje koji bi se ubudu\u0107e mogli uspostaviti izme\u0111u vrlo uspje\u0161nih pirotskih privrednika i Luke Bar.<\/p><p><em>Izvor fotografije: <a href=\"https:\/\/www.plusonline.rs\/\">plusonline.rs<\/a><\/em><\/p>\t\t\t\t\t\t\t\t<\/div>\n\t\t\t\t<\/div>\n\t\t\t\t\t<\/div>\n\t\t\t\t<\/div>\n\t\t\t\t<\/div>","protected":false},"excerpt":{"rendered":"<p>Delegacija Privredne komore Crne Gore, koju je predvodila Predsjednica Nina Draki\u0107, a u \u010dijem sastavu su bili i predstavnici &#8222;Luka Bar&#8220; AD, posjetila je Ugovorno okru\u017enu komoru Pirot. Osim Predsjednice Draki\u0107, sastanku su prisustvovali i Predsjednik Skup\u0161tine PKCG Vojo Banovi\u0107, biv\u0161i Predsjednik PKCG Vlastimir Golubovi\u0107, kao i Predsjednik Odbora direktora Luke Bar Darko Peki\u0107, \u010clan Odbora Marko Mara\u0161 i Direktor sektora finansija Nenad Vujanovi\u0107. U fokusu razgovora bilo je funkcionisanje Slobodne zone Pirot, koja je regionalno prepoznata kao vrlo uspje\u0161an concept slobodne zone. Napomenuv\u0161i da je Luka Bar na cijelom svom podru\u010dju Slobodna zona, a da njeni potencijali i kapaciteti nijesu u dovoljnoj mjeri iskori\u0161\u0107eni, Peki\u0107 je kazao da u Slobodnoj zoni Pirot rukovodstvo Luke Bar mo\u017ee vidjeti, a potencijalno i primjeniti,\u00a0 vrlo pozitivne prakse i iskustva.\u00a0 &#8222;Osim toga svaki kontakt i poslovni aran\u017eman, kao i tradicionalno dobra saradnja privrednika Crne Gore i Srbije, kroz djelovanje Privrednih komora obje dr\u017eave, strate\u0161ki su interes za na\u0161u kompaniju, jer Srbija je prirodno zaledje i najve\u0107e tr\u017ei\u0161te Luke Bar&#8220;\u00a0 istakao je Peki\u0107. Sa ovim stanovi\u0161tem su se apsolutno saglasili i dr Dragan Kosti\u0107, Predsjednik UO Privredne komore Pirot, kao i Predsjednica Draki\u0107, isti\u010du\u0107i koliko je zna\u010dajno \u0161to je saradnja privrednih komora dugogodi\u0161nja i stabilna. Na sastanku je bilo rije\u010di i o globalnim poreme\u0107ajima na tr\u017ei\u0161tu snabdijevanja i transporta, koji su izazvani brojnim me\u0111unarodnim faktorima, ali i o konkretnim modelima saradnje koji bi se ubudu\u0107e mogli uspostaviti izme\u0111u vrlo uspje\u0161nih pirotskih privrednika i Luke Bar. Izvor fotografije: plusonline.rs<\/p>","protected":false},"author":1,"featured_media":15933,"comment_status":"open","ping_status":"open","sticky":false,"template":"","format":"standard","meta":{"footnotes":""},"categories":[17],"tags":[],"class_list":["post-15931","post","type-post","status-publish","format-standard","has-post-thumbnail","hentry","category-novosti"],"blocksy_meta":[],"yoast_head":"<!-- This site is optimized with the Yoast SEO plugin v27.5 - https:\/\/yoast.com\/product\/yoast-seo-wordpress\/ -->\n<title>Predstavnici Luke Bar sa Delegacijom PKCG posjetili Slobodnu zonu Pirot<\/title>\n<meta name=\"description\" content=\"Delegacija Privredne komore Crne Gore, koju je predvodila Predsjednica Nina Draki\u0107, a u \u010dijem sastavu su bili i predstavnici &quot;Luka Bar&quot; AD, posjetila je\" \/>\n<meta name=\"robots\" content=\"index, follow, max-snippet:-1, max-image-preview:large, max-video-preview:-1\" \/>\n<link rel=\"canonical\" href=\"https:\/\/lukabar.me\/en\/predstavnici-luke-bar-sa-delegacijom-pkcg-posjetili-slobodnu-zonu-pirot\/\" \/>\n<meta property=\"og:locale\" content=\"en_US\" \/>\n<meta property=\"og:type\" content=\"article\" \/>\n<meta property=\"og:title\" content=\"Predstavnici Luke Bar sa Delegacijom PKCG posjetili Slobodnu zonu Pirot\" \/>\n<meta property=\"og:description\" content=\"Delegacija Privredne komore Crne Gore, koju je predvodila Predsjednica Nina Draki\u0107, a u \u010dijem sastavu su bili i predstavnici &quot;Luka Bar&quot; AD, posjetila je\" \/>\n<meta property=\"og:url\" content=\"https:\/\/lukabar.me\/en\/predstavnici-luke-bar-sa-delegacijom-pkcg-posjetili-slobodnu-zonu-pirot\/\" \/>\n<meta property=\"og:site_name\" content=\"Luka Bar | Port of Bar - Connecting Montenegro to Global Trade\" \/>\n<meta property=\"article:publisher\" content=\"https:\/\/www.facebook.com\/portofbar\" \/>\n<meta property=\"article:published_time\" content=\"2023-07-11T06:34:00+00:00\" \/>\n<meta property=\"article:modified_time\" content=\"2024-08-21T06:35:24+00:00\" \/>\n<meta property=\"og:image\" content=\"https:\/\/lukabar.me\/wp-content\/uploads\/2024\/08\/Predstavnici-Luke-Bar-sa-Delegacijom-PKCG-posjetili-Slobodnu-zonu-Pirot.jpg\" \/>\n\t<meta property=\"og:image:width\" content=\"1170\" \/>\n\t<meta property=\"og:image:height\" content=\"540\" \/>\n\t<meta property=\"og:image:type\" content=\"image\/jpeg\" \/>\n<meta name=\"author\" content=\"qyqzntmy\" \/>\n<meta name=\"twitter:card\" content=\"summary_large_image\" \/>\n<meta name=\"twitter:creator\" content=\"@portofbar\" \/>\n<meta name=\"twitter:site\" content=\"@portofbar\" \/>\n<meta name=\"twitter:label1\" content=\"Written by\" \/>\n\t<meta name=\"twitter:data1\" content=\"qyqzntmy\" \/>\n\t<meta name=\"twitter:label2\" content=\"Est. reading time\" \/>\n\t<meta name=\"twitter:data2\" content=\"1 minute\" \/>\n<script type=\"application\/ld+json\" class=\"yoast-schema-graph\">{\"@context\":\"https:\\\/\\\/schema.org\",\"@graph\":[{\"@type\":\"Article\",\"@id\":\"https:\\\/\\\/lukabar.me\\\/predstavnici-luke-bar-sa-delegacijom-pkcg-posjetili-slobodnu-zonu-pirot\\\/#article\",\"isPartOf\":{\"@id\":\"https:\\\/\\\/lukabar.me\\\/predstavnici-luke-bar-sa-delegacijom-pkcg-posjetili-slobodnu-zonu-pirot\\\/\"},\"author\":{\"name\":\"qyqzntmy\",\"@id\":\"https:\\\/\\\/lukabar.me\\\/#\\\/schema\\\/person\\\/84ccd15ea8529df078a6db7f01d0cf50\"},\"headline\":\"Predstavnici Luke Bar sa Delegacijom PKCG posjetili Slobodnu zonu Pirot\",\"datePublished\":\"2023-07-11T06:34:00+00:00\",\"dateModified\":\"2024-08-21T06:35:24+00:00\",\"mainEntityOfPage\":{\"@id\":\"https:\\\/\\\/lukabar.me\\\/predstavnici-luke-bar-sa-delegacijom-pkcg-posjetili-slobodnu-zonu-pirot\\\/\"},\"wordCount\":283,\"commentCount\":0,\"publisher\":{\"@id\":\"https:\\\/\\\/lukabar.me\\\/#organization\"},\"image\":{\"@id\":\"https:\\\/\\\/lukabar.me\\\/predstavnici-luke-bar-sa-delegacijom-pkcg-posjetili-slobodnu-zonu-pirot\\\/#primaryimage\"},\"thumbnailUrl\":\"https:\\\/\\\/lukabar.me\\\/wp-content\\\/uploads\\\/2024\\\/08\\\/Predstavnici-Luke-Bar-sa-Delegacijom-PKCG-posjetili-Slobodnu-zonu-Pirot.jpg\",\"articleSection\":[\"Novosti\"],\"inLanguage\":\"en-US\",\"potentialAction\":[{\"@type\":\"CommentAction\",\"name\":\"Comment\",\"target\":[\"https:\\\/\\\/lukabar.me\\\/predstavnici-luke-bar-sa-delegacijom-pkcg-posjetili-slobodnu-zonu-pirot\\\/#respond\"]}]},{\"@type\":\"WebPage\",\"@id\":\"https:\\\/\\\/lukabar.me\\\/predstavnici-luke-bar-sa-delegacijom-pkcg-posjetili-slobodnu-zonu-pirot\\\/\",\"url\":\"https:\\\/\\\/lukabar.me\\\/predstavnici-luke-bar-sa-delegacijom-pkcg-posjetili-slobodnu-zonu-pirot\\\/\",\"name\":\"Predstavnici Luke Bar sa Delegacijom PKCG posjetili Slobodnu zonu Pirot\",\"isPartOf\":{\"@id\":\"https:\\\/\\\/lukabar.me\\\/#website\"},\"primaryImageOfPage\":{\"@id\":\"https:\\\/\\\/lukabar.me\\\/predstavnici-luke-bar-sa-delegacijom-pkcg-posjetili-slobodnu-zonu-pirot\\\/#primaryimage\"},\"image\":{\"@id\":\"https:\\\/\\\/lukabar.me\\\/predstavnici-luke-bar-sa-delegacijom-pkcg-posjetili-slobodnu-zonu-pirot\\\/#primaryimage\"},\"thumbnailUrl\":\"https:\\\/\\\/lukabar.me\\\/wp-content\\\/uploads\\\/2024\\\/08\\\/Predstavnici-Luke-Bar-sa-Delegacijom-PKCG-posjetili-Slobodnu-zonu-Pirot.jpg\",\"datePublished\":\"2023-07-11T06:34:00+00:00\",\"dateModified\":\"2024-08-21T06:35:24+00:00\",\"description\":\"Delegacija Privredne komore Crne Gore, koju je predvodila Predsjednica Nina Draki\u0107, a u \u010dijem sastavu su bili i predstavnici \\\"Luka Bar\\\" AD, posjetila je\",\"breadcrumb\":{\"@id\":\"https:\\\/\\\/lukabar.me\\\/predstavnici-luke-bar-sa-delegacijom-pkcg-posjetili-slobodnu-zonu-pirot\\\/#breadcrumb\"},\"inLanguage\":\"en-US\",\"potentialAction\":[{\"@type\":\"ReadAction\",\"target\":[\"https:\\\/\\\/lukabar.me\\\/predstavnici-luke-bar-sa-delegacijom-pkcg-posjetili-slobodnu-zonu-pirot\\\/\"]}]},{\"@type\":\"ImageObject\",\"inLanguage\":\"en-US\",\"@id\":\"https:\\\/\\\/lukabar.me\\\/predstavnici-luke-bar-sa-delegacijom-pkcg-posjetili-slobodnu-zonu-pirot\\\/#primaryimage\",\"url\":\"https:\\\/\\\/lukabar.me\\\/wp-content\\\/uploads\\\/2024\\\/08\\\/Predstavnici-Luke-Bar-sa-Delegacijom-PKCG-posjetili-Slobodnu-zonu-Pirot.jpg\",\"contentUrl\":\"https:\\\/\\\/lukabar.me\\\/wp-content\\\/uploads\\\/2024\\\/08\\\/Predstavnici-Luke-Bar-sa-Delegacijom-PKCG-posjetili-Slobodnu-zonu-Pirot.jpg\",\"width\":1170,\"height\":540},{\"@type\":\"BreadcrumbList\",\"@id\":\"https:\\\/\\\/lukabar.me\\\/predstavnici-luke-bar-sa-delegacijom-pkcg-posjetili-slobodnu-zonu-pirot\\\/#breadcrumb\",\"itemListElement\":[{\"@type\":\"ListItem\",\"position\":1,\"name\":\"Home\",\"item\":\"https:\\\/\\\/lukabar.me\\\/\"},{\"@type\":\"ListItem\",\"position\":2,\"name\":\"Predstavnici Luke Bar sa Delegacijom PKCG posjetili Slobodnu zonu Pirot\"}]},{\"@type\":\"WebSite\",\"@id\":\"https:\\\/\\\/lukabar.me\\\/#website\",\"url\":\"https:\\\/\\\/lukabar.me\\\/\",\"name\":\"Luka Bar | Port of Bar - Connecting Montenegro to Global Trade\",\"description\":\"Svijet na Dohvat Luke | World Within Port&#039;s Reach\",\"publisher\":{\"@id\":\"https:\\\/\\\/lukabar.me\\\/#organization\"},\"alternateName\":\"Luka Bar | Port of Bar\",\"potentialAction\":[{\"@type\":\"SearchAction\",\"target\":{\"@type\":\"EntryPoint\",\"urlTemplate\":\"https:\\\/\\\/lukabar.me\\\/?s={search_term_string}\"},\"query-input\":{\"@type\":\"PropertyValueSpecification\",\"valueRequired\":true,\"valueName\":\"search_term_string\"}}],\"inLanguage\":\"en-US\"},{\"@type\":\"Organization\",\"@id\":\"https:\\\/\\\/lukabar.me\\\/#organization\",\"name\":\"Luka Bar | Port of Bar - Connecting Montenegro to Global Trade\",\"alternateName\":\"Luka Bar | Port of Bar\",\"url\":\"https:\\\/\\\/lukabar.me\\\/\",\"logo\":{\"@type\":\"ImageObject\",\"inLanguage\":\"en-US\",\"@id\":\"https:\\\/\\\/lukabar.me\\\/#\\\/schema\\\/logo\\\/image\\\/\",\"url\":\"https:\\\/\\\/lukabar.me\\\/wp-content\\\/uploads\\\/2025\\\/01\\\/lukabar-logo-seo-01-scaled.jpg\",\"contentUrl\":\"https:\\\/\\\/lukabar.me\\\/wp-content\\\/uploads\\\/2025\\\/01\\\/lukabar-logo-seo-01-scaled.jpg\",\"width\":2560,\"height\":2560,\"caption\":\"Luka Bar | Port of Bar - Connecting Montenegro to Global Trade\"},\"image\":{\"@id\":\"https:\\\/\\\/lukabar.me\\\/#\\\/schema\\\/logo\\\/image\\\/\"},\"sameAs\":[\"https:\\\/\\\/www.facebook.com\\\/portofbar\",\"https:\\\/\\\/x.com\\\/portofbar\",\"https:\\\/\\\/instagram.com\\\/portofbar\",\"https:\\\/\\\/www.linkedin.com\\\/company\\\/port-of-bar\",\"https:\\\/\\\/www.youtube.com\\\/@portofbarmontenegro\"]},{\"@type\":\"Person\",\"@id\":\"https:\\\/\\\/lukabar.me\\\/#\\\/schema\\\/person\\\/84ccd15ea8529df078a6db7f01d0cf50\",\"name\":\"qyqzntmy\",\"image\":{\"@type\":\"ImageObject\",\"inLanguage\":\"en-US\",\"@id\":\"https:\\\/\\\/secure.gravatar.com\\\/avatar\\\/34512178c8047217f2f61ffdd71737957c3b33f2936e498c6153ae6dab2989ba?s=96&d=mm&r=g\",\"url\":\"https:\\\/\\\/secure.gravatar.com\\\/avatar\\\/34512178c8047217f2f61ffdd71737957c3b33f2936e498c6153ae6dab2989ba?s=96&d=mm&r=g\",\"contentUrl\":\"https:\\\/\\\/secure.gravatar.com\\\/avatar\\\/34512178c8047217f2f61ffdd71737957c3b33f2936e498c6153ae6dab2989ba?s=96&d=mm&r=g\",\"caption\":\"qyqzntmy\"},\"sameAs\":[\"https:\\\/\\\/lukabar.me\"],\"url\":\"https:\\\/\\\/lukabar.me\\\/en\\\/author\\\/qyqzntmy\\\/\"}]}<\/script>\n<!-- \/ Yoast SEO plugin. -->","yoast_head_json":{"title":"Predstavnici Luke Bar sa Delegacijom PKCG posjetili Slobodnu zonu Pirot","description":"Delegacija Privredne komore Crne Gore, koju je predvodila Predsjednica Nina Draki\u0107, a u \u010dijem sastavu su bili i predstavnici \"Luka Bar\" AD, posjetila je","robots":{"index":"index","follow":"follow","max-snippet":"max-snippet:-1","max-image-preview":"max-image-preview:large","max-video-preview":"max-video-preview:-1"},"canonical":"https:\/\/lukabar.me\/en\/predstavnici-luke-bar-sa-delegacijom-pkcg-posjetili-slobodnu-zonu-pirot\/","og_locale":"en_US","og_type":"article","og_title":"Predstavnici Luke Bar sa Delegacijom PKCG posjetili Slobodnu zonu Pirot","og_description":"Delegacija Privredne komore Crne Gore, koju je predvodila Predsjednica Nina Draki\u0107, a u \u010dijem sastavu su bili i predstavnici \"Luka Bar\" AD, posjetila je","og_url":"https:\/\/lukabar.me\/en\/predstavnici-luke-bar-sa-delegacijom-pkcg-posjetili-slobodnu-zonu-pirot\/","og_site_name":"Luka Bar | Port of Bar - Connecting Montenegro to Global Trade","article_publisher":"https:\/\/www.facebook.com\/portofbar","article_published_time":"2023-07-11T06:34:00+00:00","article_modified_time":"2024-08-21T06:35:24+00:00","og_image":[{"width":1170,"height":540,"url":"https:\/\/lukabar.me\/wp-content\/uploads\/2024\/08\/Predstavnici-Luke-Bar-sa-Delegacijom-PKCG-posjetili-Slobodnu-zonu-Pirot.jpg","type":"image\/jpeg"}],"author":"qyqzntmy","twitter_card":"summary_large_image","twitter_creator":"@portofbar","twitter_site":"@portofbar","twitter_misc":{"Written by":"qyqzntmy","Est. reading time":"1 minute"},"schema":{"@context":"https:\/\/schema.org","@graph":[{"@type":"Article","@id":"https:\/\/lukabar.me\/predstavnici-luke-bar-sa-delegacijom-pkcg-posjetili-slobodnu-zonu-pirot\/#article","isPartOf":{"@id":"https:\/\/lukabar.me\/predstavnici-luke-bar-sa-delegacijom-pkcg-posjetili-slobodnu-zonu-pirot\/"},"author":{"name":"qyqzntmy","@id":"https:\/\/lukabar.me\/#\/schema\/person\/84ccd15ea8529df078a6db7f01d0cf50"},"headline":"Predstavnici Luke Bar sa Delegacijom PKCG posjetili Slobodnu zonu Pirot","datePublished":"2023-07-11T06:34:00+00:00","dateModified":"2024-08-21T06:35:24+00:00","mainEntityOfPage":{"@id":"https:\/\/lukabar.me\/predstavnici-luke-bar-sa-delegacijom-pkcg-posjetili-slobodnu-zonu-pirot\/"},"wordCount":283,"commentCount":0,"publisher":{"@id":"https:\/\/lukabar.me\/#organization"},"image":{"@id":"https:\/\/lukabar.me\/predstavnici-luke-bar-sa-delegacijom-pkcg-posjetili-slobodnu-zonu-pirot\/#primaryimage"},"thumbnailUrl":"https:\/\/lukabar.me\/wp-content\/uploads\/2024\/08\/Predstavnici-Luke-Bar-sa-Delegacijom-PKCG-posjetili-Slobodnu-zonu-Pirot.jpg","articleSection":["Novosti"],"inLanguage":"en-US","potentialAction":[{"@type":"CommentAction","name":"Comment","target":["https:\/\/lukabar.me\/predstavnici-luke-bar-sa-delegacijom-pkcg-posjetili-slobodnu-zonu-pirot\/#respond"]}]},{"@type":"WebPage","@id":"https:\/\/lukabar.me\/predstavnici-luke-bar-sa-delegacijom-pkcg-posjetili-slobodnu-zonu-pirot\/","url":"https:\/\/lukabar.me\/predstavnici-luke-bar-sa-delegacijom-pkcg-posjetili-slobodnu-zonu-pirot\/","name":"Predstavnici Luke Bar sa Delegacijom PKCG posjetili Slobodnu zonu Pirot","isPartOf":{"@id":"https:\/\/lukabar.me\/#website"},"primaryImageOfPage":{"@id":"https:\/\/lukabar.me\/predstavnici-luke-bar-sa-delegacijom-pkcg-posjetili-slobodnu-zonu-pirot\/#primaryimage"},"image":{"@id":"https:\/\/lukabar.me\/predstavnici-luke-bar-sa-delegacijom-pkcg-posjetili-slobodnu-zonu-pirot\/#primaryimage"},"thumbnailUrl":"https:\/\/lukabar.me\/wp-content\/uploads\/2024\/08\/Predstavnici-Luke-Bar-sa-Delegacijom-PKCG-posjetili-Slobodnu-zonu-Pirot.jpg","datePublished":"2023-07-11T06:34:00+00:00","dateModified":"2024-08-21T06:35:24+00:00","description":"Delegacija Privredne komore Crne Gore, koju je predvodila Predsjednica Nina Draki\u0107, a u \u010dijem sastavu su bili i predstavnici \"Luka Bar\" AD, posjetila je","breadcrumb":{"@id":"https:\/\/lukabar.me\/predstavnici-luke-bar-sa-delegacijom-pkcg-posjetili-slobodnu-zonu-pirot\/#breadcrumb"},"inLanguage":"en-US","potentialAction":[{"@type":"ReadAction","target":["https:\/\/lukabar.me\/predstavnici-luke-bar-sa-delegacijom-pkcg-posjetili-slobodnu-zonu-pirot\/"]}]},{"@type":"ImageObject","inLanguage":"en-US","@id":"https:\/\/lukabar.me\/predstavnici-luke-bar-sa-delegacijom-pkcg-posjetili-slobodnu-zonu-pirot\/#primaryimage","url":"https:\/\/lukabar.me\/wp-content\/uploads\/2024\/08\/Predstavnici-Luke-Bar-sa-Delegacijom-PKCG-posjetili-Slobodnu-zonu-Pirot.jpg","contentUrl":"https:\/\/lukabar.me\/wp-content\/uploads\/2024\/08\/Predstavnici-Luke-Bar-sa-Delegacijom-PKCG-posjetili-Slobodnu-zonu-Pirot.jpg","width":1170,"height":540},{"@type":"BreadcrumbList","@id":"https:\/\/lukabar.me\/predstavnici-luke-bar-sa-delegacijom-pkcg-posjetili-slobodnu-zonu-pirot\/#breadcrumb","itemListElement":[{"@type":"ListItem","position":1,"name":"Home","item":"https:\/\/lukabar.me\/"},{"@type":"ListItem","position":2,"name":"Predstavnici Luke Bar sa Delegacijom PKCG posjetili Slobodnu zonu Pirot"}]},{"@type":"WebSite","@id":"https:\/\/lukabar.me\/#website","url":"https:\/\/lukabar.me\/","name":"Port of Bar | Port of Bar - Connecting Montenegro to Global Trade","description":"World at the Reach of Luke | World Within Port&#039;s Reach","publisher":{"@id":"https:\/\/lukabar.me\/#organization"},"alternateName":"Luka Bar | Port of Bar","potentialAction":[{"@type":"SearchAction","target":{"@type":"EntryPoint","urlTemplate":"https:\/\/lukabar.me\/?s={search_term_string}"},"query-input":{"@type":"PropertyValueSpecification","valueRequired":true,"valueName":"search_term_string"}}],"inLanguage":"en-US"},{"@type":"Organization","@id":"https:\/\/lukabar.me\/#organization","name":"Port of Bar | Port of Bar - Connecting Montenegro to Global Trade","alternateName":"Luka Bar | Port of Bar","url":"https:\/\/lukabar.me\/","logo":{"@type":"ImageObject","inLanguage":"en-US","@id":"https:\/\/lukabar.me\/#\/schema\/logo\/image\/","url":"https:\/\/lukabar.me\/wp-content\/uploads\/2025\/01\/lukabar-logo-seo-01-scaled.jpg","contentUrl":"https:\/\/lukabar.me\/wp-content\/uploads\/2025\/01\/lukabar-logo-seo-01-scaled.jpg","width":2560,"height":2560,"caption":"Luka Bar | Port of Bar - Connecting Montenegro to Global Trade"},"image":{"@id":"https:\/\/lukabar.me\/#\/schema\/logo\/image\/"},"sameAs":["https:\/\/www.facebook.com\/portofbar","https:\/\/x.com\/portofbar","https:\/\/instagram.com\/portofbar","https:\/\/www.linkedin.com\/company\/port-of-bar","https:\/\/www.youtube.com\/@portofbarmontenegro"]},{"@type":"Person","@id":"https:\/\/lukabar.me\/#\/schema\/person\/84ccd15ea8529df078a6db7f01d0cf50","name":"qyqzntmy","image":{"@type":"ImageObject","inLanguage":"en-US","@id":"https:\/\/secure.gravatar.com\/avatar\/34512178c8047217f2f61ffdd71737957c3b33f2936e498c6153ae6dab2989ba?s=96&d=mm&r=g","url":"https:\/\/secure.gravatar.com\/avatar\/34512178c8047217f2f61ffdd71737957c3b33f2936e498c6153ae6dab2989ba?s=96&d=mm&r=g","contentUrl":"https:\/\/secure.gravatar.com\/avatar\/34512178c8047217f2f61ffdd71737957c3b33f2936e498c6153ae6dab2989ba?s=96&d=mm&r=g","caption":"qyqzntmy"},"sameAs":["https:\/\/lukabar.me"],"url":"https:\/\/lukabar.me\/en\/author\/qyqzntmy\/"}]}},"_links":{"self":[{"href":"https:\/\/lukabar.me\/en\/wp-json\/wp\/v2\/posts\/15931","targetHints":{"allow":["GET"]}}],"collection":[{"href":"https:\/\/lukabar.me\/en\/wp-json\/wp\/v2\/posts"}],"about":[{"href":"https:\/\/lukabar.me\/en\/wp-json\/wp\/v2\/types\/post"}],"author":[{"embeddable":true,"href":"https:\/\/lukabar.me\/en\/wp-json\/wp\/v2\/users\/1"}],"replies":[{"embeddable":true,"href":"https:\/\/lukabar.me\/en\/wp-json\/wp\/v2\/comments?post=15931"}],"version-history":[{"count":4,"href":"https:\/\/lukabar.me\/en\/wp-json\/wp\/v2\/posts\/15931\/revisions"}],"predecessor-version":[{"id":15937,"href":"https:\/\/lukabar.me\/en\/wp-json\/wp\/v2\/posts\/15931\/revisions\/15937"}],"wp:featuredmedia":[{"embeddable":true,"href":"https:\/\/lukabar.me\/en\/wp-json\/wp\/v2\/media\/15933"}],"wp:attachment":[{"href":"https:\/\/lukabar.me\/en\/wp-json\/wp\/v2\/media?parent=15931"}],"wp:term":[{"taxonomy":"category","embeddable":true,"href":"https:\/\/lukabar.me\/en\/wp-json\/wp\/v2\/categories?post=15931"},{"taxonomy":"post_tag","embeddable":true,"href":"https:\/\/lukabar.me\/en\/wp-json\/wp\/v2\/tags?post=15931"}],"curies":[{"name":"wp","href":"https:\/\/api.w.org\/{rel}","templated":true}]}}