{"id":15938,"date":"2023-07-20T08:36:00","date_gmt":"2023-07-20T06:36:00","guid":{"rendered":"https:\/\/lukabar.me\/?p=15938"},"modified":"2024-08-21T08:46:19","modified_gmt":"2024-08-21T06:46:19","slug":"predstavnik-luke-bar-u-un-predstavio-rezultate-rada-na-medunarodnim-projektima","status":"publish","type":"post","link":"https:\/\/lukabar.me\/en\/predstavnik-luke-bar-u-un-predstavio-rezultate-rada-na-medunarodnim-projektima\/","title":{"rendered":"PREDSTAVNIK LUKE BAR U UN PREDSTAVIO REZULTATE RADA NA ME\u0110UNARODNIM PROJEKTIMA"},"content":{"rendered":"<div data-elementor-type=\"wp-post\" data-elementor-id=\"15938\" class=\"elementor elementor-15938\">\n\t\t\t\t<div class=\"elementor-element elementor-element-4ad60a3 e-flex e-con-boxed wpr-particle-no wpr-jarallax-no wpr-parallax-no wpr-sticky-section-no wpr-equal-height-no e-con e-parent\" data-id=\"4ad60a3\" data-element_type=\"container\" data-e-type=\"container\">\n\t\t\t\t\t<div class=\"e-con-inner\">\n\t\t\t\t<div class=\"elementor-element elementor-element-693c226 de_scroll_animation_no exad-sticky-section-no exad-glass-effect-no elementor-widget elementor-widget-text-editor\" data-id=\"693c226\" data-element_type=\"widget\" data-e-type=\"widget\" data-widget_type=\"text-editor.default\">\n\t\t\t\t<div class=\"elementor-widget-container\">\n\t\t\t\t\t\t\t\t\t<p>CEI \u2013 Izvr\u0161ni sekretarijat i Moldavsko predsjedni\u0161tvo CEI \u2013 preko Stalne misije Republike Moldavije \u2013 organizovali su 18. jula zvani\u010dni pratec\u0301i doga\u0111aj na Politi\u010dkom forumu na visokom nivou UN (HLPF) u Njujorku na temu \u201eRegionalna saradnja i ubrzanje implementacije SDG-a: Uloga Centralnoevropske inicijative (CEI)\u201c. Stalne misije Albanije, Bugarske i Italije tako\u0111e su bile sponzori ovog doga\u0111aja.<\/p><p>Cilj panel diskusije bio je razmjena znanja i iskustava u vezi sa dobrom praksom regionalnog partnerstva, kao \u0161to je slu\u010daj i sa CEI u realizaciji SDG-a (ciljevi odr\u017eivog razvoja). CEI se bavi implementacijom Agende za odr\u017eivi razvoj 2030. kroz koordinisan multilateralni pristup, tako\u0111e uzimajuc\u0301i u obzir status posmatra\u010da u Generalnoj skup\u0161tini UN.<\/p>\t\t\t\t\t\t\t\t<\/div>\n\t\t\t\t<\/div>\n\t\t\t\t<div class=\"elementor-element elementor-element-dedcf77 de_scroll_animation_no exad-sticky-section-no exad-glass-effect-no elementor-widget elementor-widget-image\" data-id=\"dedcf77\" data-element_type=\"widget\" data-e-type=\"widget\" data-widget_type=\"image.default\">\n\t\t\t\t<div class=\"elementor-widget-container\">\n\t\t\t\t\t\t\t\t\t\t\t\t\t\t\t<img fetchpriority=\"high\" decoding=\"async\" width=\"1024\" height=\"768\" src=\"https:\/\/lukabar.me\/wp-content\/uploads\/2024\/08\/PREDSTAVNIK-LUKE-BAR-U-UN-PREDSTAVIO-REZULTATE-RADA-NA-MEDUNARODNIM-PROJEKTIMA-2.jpg\" class=\"attachment-large size-large wp-image-15941 wp-post-image\" alt=\"\" srcset=\"https:\/\/lukabar.me\/wp-content\/uploads\/2024\/08\/PREDSTAVNIK-LUKE-BAR-U-UN-PREDSTAVIO-REZULTATE-RADA-NA-MEDUNARODNIM-PROJEKTIMA-2.jpg 1024w, https:\/\/lukabar.me\/wp-content\/uploads\/2024\/08\/PREDSTAVNIK-LUKE-BAR-U-UN-PREDSTAVIO-REZULTATE-RADA-NA-MEDUNARODNIM-PROJEKTIMA-2-300x225.jpg 300w, https:\/\/lukabar.me\/wp-content\/uploads\/2024\/08\/PREDSTAVNIK-LUKE-BAR-U-UN-PREDSTAVIO-REZULTATE-RADA-NA-MEDUNARODNIM-PROJEKTIMA-2-768x576.jpg 768w\" sizes=\"(max-width: 1024px) 100vw, 1024px\" \/>\t\t\t\t\t\t\t\t\t\t\t\t\t\t\t<\/div>\n\t\t\t\t<\/div>\n\t\t\t\t<div class=\"elementor-element elementor-element-b2e42a6 de_scroll_animation_no exad-sticky-section-no exad-glass-effect-no elementor-widget elementor-widget-text-editor\" data-id=\"b2e42a6\" data-element_type=\"widget\" data-e-type=\"widget\" data-widget_type=\"text-editor.default\">\n\t\t\t\t<div class=\"elementor-widget-container\">\n\t\t\t\t\t\t\t\t\t<p>Doga\u0111aj je otvorila <strong>Nina Kodelja<\/strong>, zamjenica generalnog sekretara CEI, koja je istakla da \u201eCEI promovi\u0161e saradnju u svim temama kojima se bavi HLPF za 2023. godinu i stavlja zna\u010dajan fokus na ubrzanje oporavka od bolesti korona virusa (COVID-19).<\/p><p>Stalni predstavnici pri UN Republike Moldavije <strong>Gheorhe Leuca<\/strong> i Republike Bugarske <strong>Lachezara Stoeva<\/strong> (tako\u0111e u svojstvu predsednika ECOSOC), kao i stalni predstavnik Albanije <strong>Ferit Hod\u017ea<\/strong> i Italije <strong>Maurizio Massari<\/strong>, potvrdili su va\u017enost regionalnog razvoja.<\/p>\t\t\t\t\t\t\t\t<\/div>\n\t\t\t\t<\/div>\n\t\t\t\t<div class=\"elementor-element elementor-element-fe980d6 de_scroll_animation_no exad-sticky-section-no exad-glass-effect-no elementor-widget elementor-widget-image\" data-id=\"fe980d6\" data-element_type=\"widget\" data-e-type=\"widget\" data-widget_type=\"image.default\">\n\t\t\t\t<div class=\"elementor-widget-container\">\n\t\t\t\t\t\t\t\t\t\t\t\t\t\t\t<img decoding=\"async\" width=\"1024\" height=\"768\" src=\"https:\/\/lukabar.me\/wp-content\/uploads\/2024\/08\/PREDSTAVNIK-LUKE-BAR-U-UN-PREDSTAVIO-REZULTATE-RADA-NA-MEDUNARODNIM-PROJEKTIMA-3.jpg\" class=\"attachment-large size-large wp-image-15942 wp-post-image\" alt=\"\" srcset=\"https:\/\/lukabar.me\/wp-content\/uploads\/2024\/08\/PREDSTAVNIK-LUKE-BAR-U-UN-PREDSTAVIO-REZULTATE-RADA-NA-MEDUNARODNIM-PROJEKTIMA-3.jpg 1024w, https:\/\/lukabar.me\/wp-content\/uploads\/2024\/08\/PREDSTAVNIK-LUKE-BAR-U-UN-PREDSTAVIO-REZULTATE-RADA-NA-MEDUNARODNIM-PROJEKTIMA-3-300x225.jpg 300w, https:\/\/lukabar.me\/wp-content\/uploads\/2024\/08\/PREDSTAVNIK-LUKE-BAR-U-UN-PREDSTAVIO-REZULTATE-RADA-NA-MEDUNARODNIM-PROJEKTIMA-3-768x576.jpg 768w\" sizes=\"(max-width: 1024px) 100vw, 1024px\" \/>\t\t\t\t\t\t\t\t\t\t\t\t\t\t\t<\/div>\n\t\t\t\t<\/div>\n\t\t\t\t<div class=\"elementor-element elementor-element-a88d884 de_scroll_animation_no exad-sticky-section-no exad-glass-effect-no elementor-widget elementor-widget-text-editor\" data-id=\"a88d884\" data-element_type=\"widget\" data-e-type=\"widget\" data-widget_type=\"text-editor.default\">\n\t\t\t\t<div class=\"elementor-widget-container\">\n\t\t\t\t\t\t\t\t\t<p>Dr\u017eavni sekretar Vlade Republike Moldavije <strong>Adrian Balucel<\/strong> istakao je aktivnosti i centralnu ulogu koju njegova zemlja pridaje odr\u017eivom razvoju.<\/p><p>Ovo su bile neke od glavnih poruka koje su uputili pomoc\u0301nik generalnog sekretara UN i direktor Regionalnog biroa UNDP za Evropu i CIS <strong>Ivana \u017divkovic\u0301<\/strong> i specijalni izaslanik regionalnog direktora SZO za Evropu za zapadni Balkan <strong>Fabio Skano<\/strong>, koji je tako\u0111e predstavio sna\u017eno partnerstvo izme\u0111u SZO\/Evrope i CEI, koje se razvilo nakon izbijanja Covid-19 pandemije.<\/p><p>Doga\u0111aj je dodatno obogac\u0301en predstavljanjem aktivnosti CEI-a u cilju podsticanja implementacije SDG-a, kao i predstavljanjem nekih od korisnika sredstava i instrumenata CEI. S tim u vezi, ambasador <strong>Milo\u0161 Prica<\/strong>, predsjedavajuc\u0301i Vijec\u0301a za implementaciju SDG Bosne i Hercegovine i kopredsjedavajuc\u0301i UNECE Regionalnog foruma o odr\u017eivom razvoju 2023., predstavio je perspektivu sa stanovi\u0161ta Vlade.<\/p>\t\t\t\t\t\t\t\t<\/div>\n\t\t\t\t<\/div>\n\t\t\t\t<div class=\"elementor-element elementor-element-ecc21bb de_scroll_animation_no exad-sticky-section-no exad-glass-effect-no elementor-widget elementor-widget-image\" data-id=\"ecc21bb\" data-element_type=\"widget\" data-e-type=\"widget\" data-widget_type=\"image.default\">\n\t\t\t\t<div class=\"elementor-widget-container\">\n\t\t\t\t\t\t\t\t\t\t\t\t\t\t\t<img decoding=\"async\" width=\"1024\" height=\"768\" src=\"https:\/\/lukabar.me\/wp-content\/uploads\/2024\/08\/PREDSTAVNIK-LUKE-BAR-U-UN-PREDSTAVIO-REZULTATE-RADA-NA-MEDUNARODNIM-PROJEKTIMA-4.jpg\" class=\"attachment-large size-large wp-image-15943 wp-post-image\" alt=\"\" srcset=\"https:\/\/lukabar.me\/wp-content\/uploads\/2024\/08\/PREDSTAVNIK-LUKE-BAR-U-UN-PREDSTAVIO-REZULTATE-RADA-NA-MEDUNARODNIM-PROJEKTIMA-4.jpg 1024w, https:\/\/lukabar.me\/wp-content\/uploads\/2024\/08\/PREDSTAVNIK-LUKE-BAR-U-UN-PREDSTAVIO-REZULTATE-RADA-NA-MEDUNARODNIM-PROJEKTIMA-4-300x225.jpg 300w, https:\/\/lukabar.me\/wp-content\/uploads\/2024\/08\/PREDSTAVNIK-LUKE-BAR-U-UN-PREDSTAVIO-REZULTATE-RADA-NA-MEDUNARODNIM-PROJEKTIMA-4-768x576.jpg 768w\" sizes=\"(max-width: 1024px) 100vw, 1024px\" \/>\t\t\t\t\t\t\t\t\t\t\t\t\t\t\t<\/div>\n\t\t\t\t<\/div>\n\t\t\t\t<div class=\"elementor-element elementor-element-65d8373 de_scroll_animation_no exad-sticky-section-no exad-glass-effect-no elementor-widget elementor-widget-text-editor\" data-id=\"65d8373\" data-element_type=\"widget\" data-e-type=\"widget\" data-widget_type=\"text-editor.default\">\n\t\t\t\t<div class=\"elementor-widget-container\">\n\t\t\t\t\t\t\t\t\t<p><strong>Aliona Rotaru<\/strong>, izvr\u0161ni direktor, \u201eDreamups\u201c Inovation and Entrepreneurship Accelerator, posebno je istakla zna\u010daj fondova CEI za regionalne aktivnosti fokusirane na inovacije.<\/p><p>Panel diskusija na kojoj je Luku Bar predstavljao <strong>Rade Stani\u0161ic\u0301<\/strong> je nazvana \u201eRegionalna saradnja i ubrzanje implementacije SDG-a: Uloga Centralnoevropske inicijative (CEI)\u201c. Glavni cilj ove panel diskusije je razmjena znanja i iskustava u vezi sa dobrim praksama regionalnog partnerstva, kao \u0161to je slu\u010daj CEI u ostvarivanju ciljeva odr\u017eivog razvoja. Dodatna vrijednost povezanosti sa CEI se mo\u017ee vidjeti kroz njeno \u0161iroko \u010dlanstvo, njen fokus na razmjenu znanja i izgradnju kapaciteta, kao i kroz raznolik spektar zainteresovanih strana, kao i kroz regionalne i transnacionalne aktivnosti, uklju\u010dujuc\u0301i strate\u0161ka partnerstva.<\/p><p>Luka Bar je imala priliku da implementira i razvija ADRIPASS i ADRIPASS Plus (ADION program) pod rukovodstvom CEI-a i ovi projekti su uspje\u0161no ostvarili ciljeve na nivou projekta uz odr\u017eavanje bliskog partnerstva i saradnje i nakon zavr\u0161etka ovih projekata. Kroz rezultate projekta ADRIPASS i ADRIPASS Plus, a posebno zahvaljujuc\u0301i institucionalnom dijalogu, a\u017eurirana je transnacionalna strategija za unapre\u0111enje multimodalnog transporta u regionu ADRION uzimajuc\u0301i u obzir izazove izazvane pandemijom Covid-19 i stavove zainteresovane strane u oblasti transporta, nacionalne i evropske politike. Treba napomenuti da je Luka Bar kroz ove projekte zna\u010dajno nadogradila postoje\u0107i ICT sistem i u zna\u010dajnoj mjeri doprinijela digitalizaciji i povezivanju sa drugim institucijima kao lider u ovom polju.<\/p>\t\t\t\t\t\t\t\t<\/div>\n\t\t\t\t<\/div>\n\t\t\t\t<div class=\"elementor-element elementor-element-e745fa9 de_scroll_animation_no exad-sticky-section-no exad-glass-effect-no elementor-widget elementor-widget-image\" data-id=\"e745fa9\" data-element_type=\"widget\" data-e-type=\"widget\" data-widget_type=\"image.default\">\n\t\t\t\t<div class=\"elementor-widget-container\">\n\t\t\t\t\t\t\t\t\t\t\t\t\t\t\t<img loading=\"lazy\" decoding=\"async\" width=\"873\" height=\"1024\" src=\"https:\/\/lukabar.me\/wp-content\/uploads\/2024\/08\/PREDSTAVNIK-LUKE-BAR-U-UN-PREDSTAVIO-REZULTATE-RADA-NA-MEDUNARODNIM-PROJEKTIMA-5.jpg\" class=\"attachment-large size-large wp-image-15944 wp-post-image\" alt=\"\" srcset=\"https:\/\/lukabar.me\/wp-content\/uploads\/2024\/08\/PREDSTAVNIK-LUKE-BAR-U-UN-PREDSTAVIO-REZULTATE-RADA-NA-MEDUNARODNIM-PROJEKTIMA-5.jpg 873w, https:\/\/lukabar.me\/wp-content\/uploads\/2024\/08\/PREDSTAVNIK-LUKE-BAR-U-UN-PREDSTAVIO-REZULTATE-RADA-NA-MEDUNARODNIM-PROJEKTIMA-5-256x300.jpg 256w, https:\/\/lukabar.me\/wp-content\/uploads\/2024\/08\/PREDSTAVNIK-LUKE-BAR-U-UN-PREDSTAVIO-REZULTATE-RADA-NA-MEDUNARODNIM-PROJEKTIMA-5-768x901.jpg 768w\" sizes=\"(max-width: 873px) 100vw, 873px\" \/>\t\t\t\t\t\t\t\t\t\t\t\t\t\t\t<\/div>\n\t\t\t\t<\/div>\n\t\t\t\t<div class=\"elementor-element elementor-element-078ad8a de_scroll_animation_no exad-sticky-section-no exad-glass-effect-no elementor-widget elementor-widget-text-editor\" data-id=\"078ad8a\" data-element_type=\"widget\" data-e-type=\"widget\" data-widget_type=\"text-editor.default\">\n\t\t\t\t<div class=\"elementor-widget-container\">\n\t\t\t\t\t\t\t\t\t<p>Panel diskusiji su prisustvovala predstavnica stalne misije Crne Gore kao i predstavnici vi\u0161e stalnih misija CEI i drugih zemalja pri UN, kao i drugi delegati i u\u010desnici HLPF-a.<\/p><p>CEI je stekla status posmatra\u010da na Generalnoj skup\u0161tini UN 2011. Od tada redovno predstavlja Rezolucije o \u201eSaradnji izme\u0111u Ujedinjenih nacija i Centralnoevropske inicijative\u201c povodom dvogodi\u0161njih sastanaka izme\u0111u UN i regionalnih organizacija (<a href=\"https:\/\/www.cei.int\/news\/9675\/cei-side-event-at-un-high-level-political-forum-on-sustainable-development\">https:\/\/www.cei.int\/news\/9675\/cei-side-event-at-un-high-level-political-forum-on-sustainable-development<\/a>).<\/p><p>CEI, kojom trenutno predsjedava Republika Moldavija, jedna je od najvec\u0301ih me\u0111uvladinih regionalnih organizacija u Evropi, koja okuplja za istim stolom 17 zemalja (Albanija, Belorusija &#8211; suspendovana, Bosna i Hercegovina, Bugarska, Hrvatska, \u010ce\u0161ka, Ma\u0111arska, Italija, Moldavija, Crna Gora, Sjeverna Makedonija, Poljska, Rumunija, Srbija, Slova\u010dka, Slovenija i Ukrajina) sa podru\u010dja centralne, jugoisto\u010dne i isto\u010dne Evrope, koji obuhvata geografski region od Baltika, do Jadranskog i Crnog mora.<\/p>\t\t\t\t\t\t\t\t<\/div>\n\t\t\t\t<\/div>\n\t\t\t\t<div class=\"elementor-element elementor-element-c17bb02 de_scroll_animation_no exad-sticky-section-no exad-glass-effect-no elementor-widget elementor-widget-image\" data-id=\"c17bb02\" data-element_type=\"widget\" data-e-type=\"widget\" data-widget_type=\"image.default\">\n\t\t\t\t<div class=\"elementor-widget-container\">\n\t\t\t\t\t\t\t\t\t\t\t\t\t\t\t<img loading=\"lazy\" decoding=\"async\" width=\"1024\" height=\"768\" src=\"https:\/\/lukabar.me\/wp-content\/uploads\/2024\/08\/PREDSTAVNIK-LUKE-BAR-U-UN-PREDSTAVIO-REZULTATE-RADA-NA-MEDUNARODNIM-PROJEKTIMA-6.jpg\" class=\"attachment-large size-large wp-image-15945 wp-post-image\" alt=\"\" srcset=\"https:\/\/lukabar.me\/wp-content\/uploads\/2024\/08\/PREDSTAVNIK-LUKE-BAR-U-UN-PREDSTAVIO-REZULTATE-RADA-NA-MEDUNARODNIM-PROJEKTIMA-6.jpg 1024w, https:\/\/lukabar.me\/wp-content\/uploads\/2024\/08\/PREDSTAVNIK-LUKE-BAR-U-UN-PREDSTAVIO-REZULTATE-RADA-NA-MEDUNARODNIM-PROJEKTIMA-6-300x225.jpg 300w, https:\/\/lukabar.me\/wp-content\/uploads\/2024\/08\/PREDSTAVNIK-LUKE-BAR-U-UN-PREDSTAVIO-REZULTATE-RADA-NA-MEDUNARODNIM-PROJEKTIMA-6-768x576.jpg 768w\" sizes=\"(max-width: 1024px) 100vw, 1024px\" \/>\t\t\t\t\t\t\t\t\t\t\t\t\t\t\t<\/div>\n\t\t\t\t<\/div>\n\t\t\t\t\t<\/div>\n\t\t\t\t<\/div>\n\t\t\t\t<\/div>","protected":false},"excerpt":{"rendered":"<p>CEI \u2013 Izvr\u0161ni sekretarijat i Moldavsko predsjedni\u0161tvo CEI \u2013 preko Stalne misije Republike Moldavije \u2013 organizovali su 18. jula zvani\u010dni pratec\u0301i doga\u0111aj na Politi\u010dkom forumu na visokom nivou UN (HLPF) u Njujorku na temu \u201eRegionalna saradnja i ubrzanje implementacije SDG-a: Uloga Centralnoevropske inicijative (CEI)\u201c. Stalne misije Albanije, Bugarske i Italije tako\u0111e su bile sponzori ovog doga\u0111aja. Cilj panel diskusije bio je razmjena znanja i iskustava u vezi sa dobrom praksom regionalnog partnerstva, kao \u0161to je slu\u010daj i sa CEI u realizaciji SDG-a (ciljevi odr\u017eivog razvoja). CEI se bavi implementacijom Agende za odr\u017eivi razvoj 2030. kroz koordinisan multilateralni pristup, tako\u0111e uzimajuc\u0301i u obzir status posmatra\u010da u Generalnoj skup\u0161tini UN. Doga\u0111aj je otvorila Nina Kodelja, zamjenica generalnog sekretara CEI, koja je istakla da \u201eCEI promovi\u0161e saradnju u svim temama kojima se bavi HLPF za 2023. godinu i stavlja zna\u010dajan fokus na ubrzanje oporavka od bolesti korona virusa (COVID-19). Stalni predstavnici pri UN Republike Moldavije Gheorhe Leuca i Republike Bugarske Lachezara Stoeva (tako\u0111e u svojstvu predsednika ECOSOC), kao i stalni predstavnik Albanije Ferit Hod\u017ea i Italije Maurizio Massari, potvrdili su va\u017enost regionalnog razvoja. Dr\u017eavni sekretar Vlade Republike Moldavije Adrian Balucel istakao je aktivnosti i centralnu ulogu koju njegova zemlja pridaje odr\u017eivom razvoju. Ovo su bile neke od glavnih poruka koje su uputili pomoc\u0301nik generalnog sekretara UN i direktor Regionalnog biroa UNDP za Evropu i CIS Ivana \u017divkovic\u0301 i specijalni izaslanik regionalnog direktora SZO za Evropu za zapadni Balkan Fabio Skano, koji je tako\u0111e predstavio sna\u017eno partnerstvo izme\u0111u SZO\/Evrope i CEI, koje se razvilo nakon izbijanja Covid-19 pandemije. Doga\u0111aj je dodatno obogac\u0301en predstavljanjem aktivnosti CEI-a u cilju podsticanja implementacije SDG-a, kao i predstavljanjem nekih od korisnika sredstava i instrumenata CEI. S tim u vezi, ambasador Milo\u0161 Prica, predsjedavajuc\u0301i Vijec\u0301a za implementaciju SDG Bosne i Hercegovine i kopredsjedavajuc\u0301i UNECE Regionalnog foruma o odr\u017eivom razvoju 2023., predstavio je perspektivu sa stanovi\u0161ta Vlade. Aliona Rotaru, izvr\u0161ni direktor, \u201eDreamups\u201c Inovation and Entrepreneurship Accelerator, posebno je istakla zna\u010daj fondova CEI za regionalne aktivnosti fokusirane na inovacije. Panel diskusija na kojoj je Luku Bar predstavljao Rade Stani\u0161ic\u0301 je nazvana \u201eRegionalna saradnja i ubrzanje implementacije SDG-a: Uloga Centralnoevropske inicijative (CEI)\u201c. Glavni cilj ove panel diskusije je razmjena znanja i iskustava u vezi sa dobrim praksama regionalnog partnerstva, kao \u0161to je slu\u010daj CEI u ostvarivanju ciljeva odr\u017eivog razvoja. Dodatna vrijednost povezanosti sa CEI se mo\u017ee vidjeti kroz njeno \u0161iroko \u010dlanstvo, njen fokus na razmjenu znanja i izgradnju kapaciteta, kao i kroz raznolik spektar zainteresovanih strana, kao i kroz regionalne i transnacionalne aktivnosti, uklju\u010dujuc\u0301i strate\u0161ka partnerstva. Luka Bar je imala priliku da implementira i razvija ADRIPASS i ADRIPASS Plus (ADION program) pod rukovodstvom CEI-a i ovi projekti su uspje\u0161no ostvarili ciljeve na nivou projekta uz odr\u017eavanje bliskog partnerstva i saradnje i nakon zavr\u0161etka ovih projekata. Kroz rezultate projekta ADRIPASS i ADRIPASS Plus, a posebno zahvaljujuc\u0301i institucionalnom dijalogu, a\u017eurirana je transnacionalna strategija za unapre\u0111enje multimodalnog transporta u regionu ADRION uzimajuc\u0301i u obzir izazove izazvane pandemijom Covid-19 i stavove zainteresovane strane u oblasti transporta, nacionalne i evropske politike. Treba napomenuti da je Luka Bar kroz ove projekte zna\u010dajno nadogradila postoje\u0107i ICT sistem i u zna\u010dajnoj mjeri doprinijela digitalizaciji i povezivanju sa drugim institucijima kao lider u ovom polju. Panel diskusiji su prisustvovala predstavnica stalne misije Crne Gore kao i predstavnici vi\u0161e stalnih misija CEI i drugih zemalja pri UN, kao i drugi delegati i u\u010desnici HLPF-a. CEI je stekla status posmatra\u010da na Generalnoj skup\u0161tini UN 2011. Od tada redovno predstavlja Rezolucije o \u201eSaradnji izme\u0111u Ujedinjenih nacija i Centralnoevropske inicijative\u201c povodom dvogodi\u0161njih sastanaka izme\u0111u UN i regionalnih organizacija (https:\/\/www.cei.int\/news\/9675\/cei-side-event-at-un-high-level-political-forum-on-sustainable-development). CEI, kojom trenutno predsjedava Republika Moldavija, jedna je od najvec\u0301ih me\u0111uvladinih regionalnih organizacija u Evropi, koja okuplja za istim stolom 17 zemalja (Albanija, Belorusija &#8211; suspendovana, Bosna i Hercegovina, Bugarska, Hrvatska, \u010ce\u0161ka, Ma\u0111arska, Italija, Moldavija, Crna Gora, Sjeverna Makedonija, Poljska, Rumunija, Srbija, Slova\u010dka, Slovenija i Ukrajina) sa podru\u010dja centralne, jugoisto\u010dne i isto\u010dne Evrope, koji obuhvata geografski region od Baltika, do Jadranskog i Crnog mora.<\/p>","protected":false},"author":1,"featured_media":15940,"comment_status":"open","ping_status":"open","sticky":false,"template":"","format":"standard","meta":{"footnotes":""},"categories":[17],"tags":[],"class_list":["post-15938","post","type-post","status-publish","format-standard","has-post-thumbnail","hentry","category-novosti"],"blocksy_meta":[],"yoast_head":"<!-- This site is optimized with the Yoast SEO plugin v27.5 - https:\/\/yoast.com\/product\/yoast-seo-wordpress\/ -->\n<title>PREDSTAVNIK LUKE BAR U UN PREDSTAVIO REZULTATE RADA NA ME\u0110UNARODNIM PROJEKTIMA<\/title>\n<meta name=\"description\" content=\"CEI \u2013 Izvr\u0161ni sekretarijat i Moldavsko predsjedni\u0161tvo CEI \u2013 preko Stalne misije Republike Moldavije \u2013 organizovali su 18. jula zvani\u010dni pratec\u0301i doga\u0111aj\" \/>\n<meta name=\"robots\" content=\"index, follow, max-snippet:-1, max-image-preview:large, max-video-preview:-1\" \/>\n<link rel=\"canonical\" href=\"https:\/\/lukabar.me\/en\/predstavnik-luke-bar-u-un-predstavio-rezultate-rada-na-medunarodnim-projektima\/\" \/>\n<meta property=\"og:locale\" content=\"en_US\" \/>\n<meta property=\"og:type\" content=\"article\" \/>\n<meta property=\"og:title\" content=\"PREDSTAVNIK LUKE BAR U UN PREDSTAVIO REZULTATE RADA NA ME\u0110UNARODNIM PROJEKTIMA\" \/>\n<meta property=\"og:description\" content=\"CEI \u2013 Izvr\u0161ni sekretarijat i Moldavsko predsjedni\u0161tvo CEI \u2013 preko Stalne misije Republike Moldavije \u2013 organizovali su 18. jula zvani\u010dni pratec\u0301i doga\u0111aj\" \/>\n<meta property=\"og:url\" content=\"https:\/\/lukabar.me\/en\/predstavnik-luke-bar-u-un-predstavio-rezultate-rada-na-medunarodnim-projektima\/\" \/>\n<meta property=\"og:site_name\" content=\"Luka Bar | Port of Bar - Connecting Montenegro to Global Trade\" \/>\n<meta property=\"article:publisher\" content=\"https:\/\/www.facebook.com\/portofbar\" \/>\n<meta property=\"article:published_time\" content=\"2023-07-20T06:36:00+00:00\" \/>\n<meta property=\"article:modified_time\" content=\"2024-08-21T06:46:19+00:00\" \/>\n<meta property=\"og:image\" content=\"https:\/\/lukabar.me\/wp-content\/uploads\/2024\/08\/PREDSTAVNIK-LUKE-BAR-U-UN-PREDSTAVIO-REZULTATE-RADA-NA-MEDUNARODNIM-PROJEKTIMA-1.jpg\" \/>\n\t<meta property=\"og:image:width\" content=\"1170\" \/>\n\t<meta property=\"og:image:height\" content=\"540\" \/>\n\t<meta property=\"og:image:type\" content=\"image\/jpeg\" \/>\n<meta name=\"author\" content=\"qyqzntmy\" \/>\n<meta name=\"twitter:card\" content=\"summary_large_image\" \/>\n<meta name=\"twitter:creator\" content=\"@portofbar\" \/>\n<meta name=\"twitter:site\" content=\"@portofbar\" \/>\n<meta name=\"twitter:label1\" content=\"Written by\" \/>\n\t<meta name=\"twitter:data1\" content=\"qyqzntmy\" \/>\n\t<meta name=\"twitter:label2\" content=\"Est. reading time\" \/>\n\t<meta name=\"twitter:data2\" content=\"4 minutes\" \/>\n<script type=\"application\/ld+json\" class=\"yoast-schema-graph\">{\"@context\":\"https:\\\/\\\/schema.org\",\"@graph\":[{\"@type\":\"Article\",\"@id\":\"https:\\\/\\\/lukabar.me\\\/predstavnik-luke-bar-u-un-predstavio-rezultate-rada-na-medunarodnim-projektima\\\/#article\",\"isPartOf\":{\"@id\":\"https:\\\/\\\/lukabar.me\\\/predstavnik-luke-bar-u-un-predstavio-rezultate-rada-na-medunarodnim-projektima\\\/\"},\"author\":{\"name\":\"qyqzntmy\",\"@id\":\"https:\\\/\\\/lukabar.me\\\/#\\\/schema\\\/person\\\/84ccd15ea8529df078a6db7f01d0cf50\"},\"headline\":\"PREDSTAVNIK LUKE BAR U UN PREDSTAVIO REZULTATE RADA NA ME\u0110UNARODNIM PROJEKTIMA\",\"datePublished\":\"2023-07-20T06:36:00+00:00\",\"dateModified\":\"2024-08-21T06:46:19+00:00\",\"mainEntityOfPage\":{\"@id\":\"https:\\\/\\\/lukabar.me\\\/predstavnik-luke-bar-u-un-predstavio-rezultate-rada-na-medunarodnim-projektima\\\/\"},\"wordCount\":724,\"commentCount\":0,\"publisher\":{\"@id\":\"https:\\\/\\\/lukabar.me\\\/#organization\"},\"image\":{\"@id\":\"https:\\\/\\\/lukabar.me\\\/predstavnik-luke-bar-u-un-predstavio-rezultate-rada-na-medunarodnim-projektima\\\/#primaryimage\"},\"thumbnailUrl\":\"https:\\\/\\\/lukabar.me\\\/wp-content\\\/uploads\\\/2024\\\/08\\\/PREDSTAVNIK-LUKE-BAR-U-UN-PREDSTAVIO-REZULTATE-RADA-NA-MEDUNARODNIM-PROJEKTIMA-1.jpg\",\"articleSection\":[\"Novosti\"],\"inLanguage\":\"en-US\",\"potentialAction\":[{\"@type\":\"CommentAction\",\"name\":\"Comment\",\"target\":[\"https:\\\/\\\/lukabar.me\\\/predstavnik-luke-bar-u-un-predstavio-rezultate-rada-na-medunarodnim-projektima\\\/#respond\"]}]},{\"@type\":\"WebPage\",\"@id\":\"https:\\\/\\\/lukabar.me\\\/predstavnik-luke-bar-u-un-predstavio-rezultate-rada-na-medunarodnim-projektima\\\/\",\"url\":\"https:\\\/\\\/lukabar.me\\\/predstavnik-luke-bar-u-un-predstavio-rezultate-rada-na-medunarodnim-projektima\\\/\",\"name\":\"PREDSTAVNIK LUKE BAR U UN PREDSTAVIO REZULTATE RADA NA ME\u0110UNARODNIM PROJEKTIMA\",\"isPartOf\":{\"@id\":\"https:\\\/\\\/lukabar.me\\\/#website\"},\"primaryImageOfPage\":{\"@id\":\"https:\\\/\\\/lukabar.me\\\/predstavnik-luke-bar-u-un-predstavio-rezultate-rada-na-medunarodnim-projektima\\\/#primaryimage\"},\"image\":{\"@id\":\"https:\\\/\\\/lukabar.me\\\/predstavnik-luke-bar-u-un-predstavio-rezultate-rada-na-medunarodnim-projektima\\\/#primaryimage\"},\"thumbnailUrl\":\"https:\\\/\\\/lukabar.me\\\/wp-content\\\/uploads\\\/2024\\\/08\\\/PREDSTAVNIK-LUKE-BAR-U-UN-PREDSTAVIO-REZULTATE-RADA-NA-MEDUNARODNIM-PROJEKTIMA-1.jpg\",\"datePublished\":\"2023-07-20T06:36:00+00:00\",\"dateModified\":\"2024-08-21T06:46:19+00:00\",\"description\":\"CEI \u2013 Izvr\u0161ni sekretarijat i Moldavsko predsjedni\u0161tvo CEI \u2013 preko Stalne misije Republike Moldavije \u2013 organizovali su 18. jula zvani\u010dni pratec\u0301i doga\u0111aj\",\"breadcrumb\":{\"@id\":\"https:\\\/\\\/lukabar.me\\\/predstavnik-luke-bar-u-un-predstavio-rezultate-rada-na-medunarodnim-projektima\\\/#breadcrumb\"},\"inLanguage\":\"en-US\",\"potentialAction\":[{\"@type\":\"ReadAction\",\"target\":[\"https:\\\/\\\/lukabar.me\\\/predstavnik-luke-bar-u-un-predstavio-rezultate-rada-na-medunarodnim-projektima\\\/\"]}]},{\"@type\":\"ImageObject\",\"inLanguage\":\"en-US\",\"@id\":\"https:\\\/\\\/lukabar.me\\\/predstavnik-luke-bar-u-un-predstavio-rezultate-rada-na-medunarodnim-projektima\\\/#primaryimage\",\"url\":\"https:\\\/\\\/lukabar.me\\\/wp-content\\\/uploads\\\/2024\\\/08\\\/PREDSTAVNIK-LUKE-BAR-U-UN-PREDSTAVIO-REZULTATE-RADA-NA-MEDUNARODNIM-PROJEKTIMA-1.jpg\",\"contentUrl\":\"https:\\\/\\\/lukabar.me\\\/wp-content\\\/uploads\\\/2024\\\/08\\\/PREDSTAVNIK-LUKE-BAR-U-UN-PREDSTAVIO-REZULTATE-RADA-NA-MEDUNARODNIM-PROJEKTIMA-1.jpg\",\"width\":1170,\"height\":540},{\"@type\":\"BreadcrumbList\",\"@id\":\"https:\\\/\\\/lukabar.me\\\/predstavnik-luke-bar-u-un-predstavio-rezultate-rada-na-medunarodnim-projektima\\\/#breadcrumb\",\"itemListElement\":[{\"@type\":\"ListItem\",\"position\":1,\"name\":\"Home\",\"item\":\"https:\\\/\\\/lukabar.me\\\/\"},{\"@type\":\"ListItem\",\"position\":2,\"name\":\"PREDSTAVNIK LUKE BAR U UN PREDSTAVIO REZULTATE RADA NA ME\u0110UNARODNIM PROJEKTIMA\"}]},{\"@type\":\"WebSite\",\"@id\":\"https:\\\/\\\/lukabar.me\\\/#website\",\"url\":\"https:\\\/\\\/lukabar.me\\\/\",\"name\":\"Luka Bar | Port of Bar - Connecting Montenegro to Global Trade\",\"description\":\"Svijet na Dohvat Luke | World Within Port&#039;s Reach\",\"publisher\":{\"@id\":\"https:\\\/\\\/lukabar.me\\\/#organization\"},\"alternateName\":\"Luka Bar | Port of Bar\",\"potentialAction\":[{\"@type\":\"SearchAction\",\"target\":{\"@type\":\"EntryPoint\",\"urlTemplate\":\"https:\\\/\\\/lukabar.me\\\/?s={search_term_string}\"},\"query-input\":{\"@type\":\"PropertyValueSpecification\",\"valueRequired\":true,\"valueName\":\"search_term_string\"}}],\"inLanguage\":\"en-US\"},{\"@type\":\"Organization\",\"@id\":\"https:\\\/\\\/lukabar.me\\\/#organization\",\"name\":\"Luka Bar | Port of Bar - Connecting Montenegro to Global Trade\",\"alternateName\":\"Luka Bar | Port of Bar\",\"url\":\"https:\\\/\\\/lukabar.me\\\/\",\"logo\":{\"@type\":\"ImageObject\",\"inLanguage\":\"en-US\",\"@id\":\"https:\\\/\\\/lukabar.me\\\/#\\\/schema\\\/logo\\\/image\\\/\",\"url\":\"https:\\\/\\\/lukabar.me\\\/wp-content\\\/uploads\\\/2025\\\/01\\\/lukabar-logo-seo-01-scaled.jpg\",\"contentUrl\":\"https:\\\/\\\/lukabar.me\\\/wp-content\\\/uploads\\\/2025\\\/01\\\/lukabar-logo-seo-01-scaled.jpg\",\"width\":2560,\"height\":2560,\"caption\":\"Luka Bar | Port of Bar - Connecting Montenegro to Global Trade\"},\"image\":{\"@id\":\"https:\\\/\\\/lukabar.me\\\/#\\\/schema\\\/logo\\\/image\\\/\"},\"sameAs\":[\"https:\\\/\\\/www.facebook.com\\\/portofbar\",\"https:\\\/\\\/x.com\\\/portofbar\",\"https:\\\/\\\/instagram.com\\\/portofbar\",\"https:\\\/\\\/www.linkedin.com\\\/company\\\/port-of-bar\",\"https:\\\/\\\/www.youtube.com\\\/@portofbarmontenegro\"]},{\"@type\":\"Person\",\"@id\":\"https:\\\/\\\/lukabar.me\\\/#\\\/schema\\\/person\\\/84ccd15ea8529df078a6db7f01d0cf50\",\"name\":\"qyqzntmy\",\"image\":{\"@type\":\"ImageObject\",\"inLanguage\":\"en-US\",\"@id\":\"https:\\\/\\\/secure.gravatar.com\\\/avatar\\\/34512178c8047217f2f61ffdd71737957c3b33f2936e498c6153ae6dab2989ba?s=96&d=mm&r=g\",\"url\":\"https:\\\/\\\/secure.gravatar.com\\\/avatar\\\/34512178c8047217f2f61ffdd71737957c3b33f2936e498c6153ae6dab2989ba?s=96&d=mm&r=g\",\"contentUrl\":\"https:\\\/\\\/secure.gravatar.com\\\/avatar\\\/34512178c8047217f2f61ffdd71737957c3b33f2936e498c6153ae6dab2989ba?s=96&d=mm&r=g\",\"caption\":\"qyqzntmy\"},\"sameAs\":[\"https:\\\/\\\/lukabar.me\"],\"url\":\"https:\\\/\\\/lukabar.me\\\/en\\\/author\\\/qyqzntmy\\\/\"}]}<\/script>\n<!-- \/ Yoast SEO plugin. -->","yoast_head_json":{"title":"PREDSTAVNIK LUKE BAR U UN PREDSTAVIO REZULTATE RADA NA ME\u0110UNARODNIM PROJEKTIMA","description":"CEI \u2013 Izvr\u0161ni sekretarijat i Moldavsko predsjedni\u0161tvo CEI \u2013 preko Stalne misije Republike Moldavije \u2013 organizovali su 18. jula zvani\u010dni pratec\u0301i doga\u0111aj","robots":{"index":"index","follow":"follow","max-snippet":"max-snippet:-1","max-image-preview":"max-image-preview:large","max-video-preview":"max-video-preview:-1"},"canonical":"https:\/\/lukabar.me\/en\/predstavnik-luke-bar-u-un-predstavio-rezultate-rada-na-medunarodnim-projektima\/","og_locale":"en_US","og_type":"article","og_title":"PREDSTAVNIK LUKE BAR U UN PREDSTAVIO REZULTATE RADA NA ME\u0110UNARODNIM PROJEKTIMA","og_description":"CEI \u2013 Izvr\u0161ni sekretarijat i Moldavsko predsjedni\u0161tvo CEI \u2013 preko Stalne misije Republike Moldavije \u2013 organizovali su 18. jula zvani\u010dni pratec\u0301i doga\u0111aj","og_url":"https:\/\/lukabar.me\/en\/predstavnik-luke-bar-u-un-predstavio-rezultate-rada-na-medunarodnim-projektima\/","og_site_name":"Luka Bar | Port of Bar - Connecting Montenegro to Global Trade","article_publisher":"https:\/\/www.facebook.com\/portofbar","article_published_time":"2023-07-20T06:36:00+00:00","article_modified_time":"2024-08-21T06:46:19+00:00","og_image":[{"width":1170,"height":540,"url":"https:\/\/lukabar.me\/wp-content\/uploads\/2024\/08\/PREDSTAVNIK-LUKE-BAR-U-UN-PREDSTAVIO-REZULTATE-RADA-NA-MEDUNARODNIM-PROJEKTIMA-1.jpg","type":"image\/jpeg"}],"author":"qyqzntmy","twitter_card":"summary_large_image","twitter_creator":"@portofbar","twitter_site":"@portofbar","twitter_misc":{"Written by":"qyqzntmy","Est. reading time":"4 minutes"},"schema":{"@context":"https:\/\/schema.org","@graph":[{"@type":"Article","@id":"https:\/\/lukabar.me\/predstavnik-luke-bar-u-un-predstavio-rezultate-rada-na-medunarodnim-projektima\/#article","isPartOf":{"@id":"https:\/\/lukabar.me\/predstavnik-luke-bar-u-un-predstavio-rezultate-rada-na-medunarodnim-projektima\/"},"author":{"name":"qyqzntmy","@id":"https:\/\/lukabar.me\/#\/schema\/person\/84ccd15ea8529df078a6db7f01d0cf50"},"headline":"PREDSTAVNIK LUKE BAR U UN PREDSTAVIO REZULTATE RADA NA ME\u0110UNARODNIM PROJEKTIMA","datePublished":"2023-07-20T06:36:00+00:00","dateModified":"2024-08-21T06:46:19+00:00","mainEntityOfPage":{"@id":"https:\/\/lukabar.me\/predstavnik-luke-bar-u-un-predstavio-rezultate-rada-na-medunarodnim-projektima\/"},"wordCount":724,"commentCount":0,"publisher":{"@id":"https:\/\/lukabar.me\/#organization"},"image":{"@id":"https:\/\/lukabar.me\/predstavnik-luke-bar-u-un-predstavio-rezultate-rada-na-medunarodnim-projektima\/#primaryimage"},"thumbnailUrl":"https:\/\/lukabar.me\/wp-content\/uploads\/2024\/08\/PREDSTAVNIK-LUKE-BAR-U-UN-PREDSTAVIO-REZULTATE-RADA-NA-MEDUNARODNIM-PROJEKTIMA-1.jpg","articleSection":["Novosti"],"inLanguage":"en-US","potentialAction":[{"@type":"CommentAction","name":"Comment","target":["https:\/\/lukabar.me\/predstavnik-luke-bar-u-un-predstavio-rezultate-rada-na-medunarodnim-projektima\/#respond"]}]},{"@type":"WebPage","@id":"https:\/\/lukabar.me\/predstavnik-luke-bar-u-un-predstavio-rezultate-rada-na-medunarodnim-projektima\/","url":"https:\/\/lukabar.me\/predstavnik-luke-bar-u-un-predstavio-rezultate-rada-na-medunarodnim-projektima\/","name":"PREDSTAVNIK LUKE BAR U UN PREDSTAVIO REZULTATE RADA NA ME\u0110UNARODNIM PROJEKTIMA","isPartOf":{"@id":"https:\/\/lukabar.me\/#website"},"primaryImageOfPage":{"@id":"https:\/\/lukabar.me\/predstavnik-luke-bar-u-un-predstavio-rezultate-rada-na-medunarodnim-projektima\/#primaryimage"},"image":{"@id":"https:\/\/lukabar.me\/predstavnik-luke-bar-u-un-predstavio-rezultate-rada-na-medunarodnim-projektima\/#primaryimage"},"thumbnailUrl":"https:\/\/lukabar.me\/wp-content\/uploads\/2024\/08\/PREDSTAVNIK-LUKE-BAR-U-UN-PREDSTAVIO-REZULTATE-RADA-NA-MEDUNARODNIM-PROJEKTIMA-1.jpg","datePublished":"2023-07-20T06:36:00+00:00","dateModified":"2024-08-21T06:46:19+00:00","description":"CEI \u2013 Izvr\u0161ni sekretarijat i Moldavsko predsjedni\u0161tvo CEI \u2013 preko Stalne misije Republike Moldavije \u2013 organizovali su 18. jula zvani\u010dni pratec\u0301i doga\u0111aj","breadcrumb":{"@id":"https:\/\/lukabar.me\/predstavnik-luke-bar-u-un-predstavio-rezultate-rada-na-medunarodnim-projektima\/#breadcrumb"},"inLanguage":"en-US","potentialAction":[{"@type":"ReadAction","target":["https:\/\/lukabar.me\/predstavnik-luke-bar-u-un-predstavio-rezultate-rada-na-medunarodnim-projektima\/"]}]},{"@type":"ImageObject","inLanguage":"en-US","@id":"https:\/\/lukabar.me\/predstavnik-luke-bar-u-un-predstavio-rezultate-rada-na-medunarodnim-projektima\/#primaryimage","url":"https:\/\/lukabar.me\/wp-content\/uploads\/2024\/08\/PREDSTAVNIK-LUKE-BAR-U-UN-PREDSTAVIO-REZULTATE-RADA-NA-MEDUNARODNIM-PROJEKTIMA-1.jpg","contentUrl":"https:\/\/lukabar.me\/wp-content\/uploads\/2024\/08\/PREDSTAVNIK-LUKE-BAR-U-UN-PREDSTAVIO-REZULTATE-RADA-NA-MEDUNARODNIM-PROJEKTIMA-1.jpg","width":1170,"height":540},{"@type":"BreadcrumbList","@id":"https:\/\/lukabar.me\/predstavnik-luke-bar-u-un-predstavio-rezultate-rada-na-medunarodnim-projektima\/#breadcrumb","itemListElement":[{"@type":"ListItem","position":1,"name":"Home","item":"https:\/\/lukabar.me\/"},{"@type":"ListItem","position":2,"name":"PREDSTAVNIK LUKE BAR U UN PREDSTAVIO REZULTATE RADA NA ME\u0110UNARODNIM PROJEKTIMA"}]},{"@type":"WebSite","@id":"https:\/\/lukabar.me\/#website","url":"https:\/\/lukabar.me\/","name":"Port of Bar | Port of Bar - Connecting Montenegro to Global Trade","description":"World at the Reach of Luke | World Within Port&#039;s Reach","publisher":{"@id":"https:\/\/lukabar.me\/#organization"},"alternateName":"Luka Bar | Port of Bar","potentialAction":[{"@type":"SearchAction","target":{"@type":"EntryPoint","urlTemplate":"https:\/\/lukabar.me\/?s={search_term_string}"},"query-input":{"@type":"PropertyValueSpecification","valueRequired":true,"valueName":"search_term_string"}}],"inLanguage":"en-US"},{"@type":"Organization","@id":"https:\/\/lukabar.me\/#organization","name":"Port of Bar | Port of Bar - Connecting Montenegro to Global Trade","alternateName":"Luka Bar | Port of Bar","url":"https:\/\/lukabar.me\/","logo":{"@type":"ImageObject","inLanguage":"en-US","@id":"https:\/\/lukabar.me\/#\/schema\/logo\/image\/","url":"https:\/\/lukabar.me\/wp-content\/uploads\/2025\/01\/lukabar-logo-seo-01-scaled.jpg","contentUrl":"https:\/\/lukabar.me\/wp-content\/uploads\/2025\/01\/lukabar-logo-seo-01-scaled.jpg","width":2560,"height":2560,"caption":"Luka Bar | Port of Bar - Connecting Montenegro to Global Trade"},"image":{"@id":"https:\/\/lukabar.me\/#\/schema\/logo\/image\/"},"sameAs":["https:\/\/www.facebook.com\/portofbar","https:\/\/x.com\/portofbar","https:\/\/instagram.com\/portofbar","https:\/\/www.linkedin.com\/company\/port-of-bar","https:\/\/www.youtube.com\/@portofbarmontenegro"]},{"@type":"Person","@id":"https:\/\/lukabar.me\/#\/schema\/person\/84ccd15ea8529df078a6db7f01d0cf50","name":"qyqzntmy","image":{"@type":"ImageObject","inLanguage":"en-US","@id":"https:\/\/secure.gravatar.com\/avatar\/34512178c8047217f2f61ffdd71737957c3b33f2936e498c6153ae6dab2989ba?s=96&d=mm&r=g","url":"https:\/\/secure.gravatar.com\/avatar\/34512178c8047217f2f61ffdd71737957c3b33f2936e498c6153ae6dab2989ba?s=96&d=mm&r=g","contentUrl":"https:\/\/secure.gravatar.com\/avatar\/34512178c8047217f2f61ffdd71737957c3b33f2936e498c6153ae6dab2989ba?s=96&d=mm&r=g","caption":"qyqzntmy"},"sameAs":["https:\/\/lukabar.me"],"url":"https:\/\/lukabar.me\/en\/author\/qyqzntmy\/"}]}},"_links":{"self":[{"href":"https:\/\/lukabar.me\/en\/wp-json\/wp\/v2\/posts\/15938","targetHints":{"allow":["GET"]}}],"collection":[{"href":"https:\/\/lukabar.me\/en\/wp-json\/wp\/v2\/posts"}],"about":[{"href":"https:\/\/lukabar.me\/en\/wp-json\/wp\/v2\/types\/post"}],"author":[{"embeddable":true,"href":"https:\/\/lukabar.me\/en\/wp-json\/wp\/v2\/users\/1"}],"replies":[{"embeddable":true,"href":"https:\/\/lukabar.me\/en\/wp-json\/wp\/v2\/comments?post=15938"}],"version-history":[{"count":4,"href":"https:\/\/lukabar.me\/en\/wp-json\/wp\/v2\/posts\/15938\/revisions"}],"predecessor-version":[{"id":15950,"href":"https:\/\/lukabar.me\/en\/wp-json\/wp\/v2\/posts\/15938\/revisions\/15950"}],"wp:featuredmedia":[{"embeddable":true,"href":"https:\/\/lukabar.me\/en\/wp-json\/wp\/v2\/media\/15940"}],"wp:attachment":[{"href":"https:\/\/lukabar.me\/en\/wp-json\/wp\/v2\/media?parent=15938"}],"wp:term":[{"taxonomy":"category","embeddable":true,"href":"https:\/\/lukabar.me\/en\/wp-json\/wp\/v2\/categories?post=15938"},{"taxonomy":"post_tag","embeddable":true,"href":"https:\/\/lukabar.me\/en\/wp-json\/wp\/v2\/tags?post=15938"}],"curies":[{"name":"wp","href":"https:\/\/api.w.org\/{rel}","templated":true}]}}