{"id":15996,"date":"2023-09-06T09:22:00","date_gmt":"2023-09-06T07:22:00","guid":{"rendered":"https:\/\/lukabar.me\/?p=15996"},"modified":"2024-08-21T09:24:19","modified_gmt":"2024-08-21T07:24:19","slug":"saopstenje-za-javnost-3","status":"publish","type":"post","link":"https:\/\/lukabar.me\/en\/saopstenje-za-javnost-3\/","title":{"rendered":"Press release"},"content":{"rendered":"<div data-elementor-type=\"wp-post\" data-elementor-id=\"15996\" class=\"elementor elementor-15996\">\n\t\t\t\t<div class=\"elementor-element elementor-element-5670b66 e-flex e-con-boxed wpr-particle-no wpr-jarallax-no wpr-parallax-no wpr-sticky-section-no wpr-equal-height-no e-con e-parent\" data-id=\"5670b66\" data-element_type=\"container\" data-e-type=\"container\">\n\t\t\t\t\t<div class=\"e-con-inner\">\n\t\t\t\t<div class=\"elementor-element elementor-element-6da6da1 de_scroll_animation_no exad-sticky-section-no exad-glass-effect-no elementor-widget elementor-widget-text-editor\" data-id=\"6da6da1\" data-element_type=\"widget\" data-e-type=\"widget\" data-widget_type=\"text-editor.default\">\n\t\t\t\t<div class=\"elementor-widget-container\">\n\t\t\t\t\t\t\t\t\t<div dir=\"auto\"><p>Vezano za upu\u0107ene li\u010dne opaske kluba odbornika barskog DPS-a, primoran sam na ovaj na\u010din da im odgovorim.<\/p><\/div><div dir=\"auto\">Prvenstveno bih se osvrnuo na navode da je moje obrazovanje upitno. Dakle, ta grupa neznavenika naziva upitno obrazovanje ste\u010deno u \u0161koli &#8222;Jugoslavija&#8220; u Baru, zatim poznatoj barskoj Gimnaziji i na kraju ste\u010deno zvanje diplomirani pravnik na Pravnom fakultetu Univerziteta Crne Gore. Ne mogu da vjerujem da proklamovane &#8222;patriote&#8220; nazivaju ove obrazovne ustanove spornim i da se u njima sti\u010du &#8222;sporne kvalifikacije&#8220;. Ali kako su ista lica bili akteri osnivanja velikog broja privatnih fakulteta \u0161irom Crne Gore, jednim dijelom i onih gdje &#8222;uve\u010de prelista\u0161, ujutru zablista\u0161&#8220;, pred profesorom \u010desto i online, onda razumijem nesre\u0107nu konstataciju odbornika barskog DPS-a. Zatim navode moj nelegalni izbor na mjesto Izv\u0161nog direktora?! Izabran sam po Statutu &#8222;Luka Bar&#8220; AD, koji je uskla\u0111en sa privrednim pravom i prema tome morao sam da se javim na konkurs, a zatim da uradim Biznis plan, koji sam obrazlagao pred Komisijom. Medjutim, valjda je nelegalno kada te ne imenuje vrhovni vodja. E to imenovanje zaista nemam.<\/div><div id=\"composer_signature\" dir=\"auto\"><div dir=\"auto\">\u00a0<\/div><div dir=\"auto\">Zatim moram da se osvrnem na unapre\u0111enje kolege Peri\u010di\u0107a. Da, dobro ste pro\u010ditali. Kolega je unapre\u0111en na radno mjesto sa ve\u0107im koeficijentom zarade. Ukazano mu je povjerenje da sa mjesta referenta pre\u0111e na mjesto \u0161efa, menad\u017eera i da upravlja ljudima i procesima u kompaniji. Vi\u0161e puta sam ga sretao po hodnicima i holovima Upravne zgrade, pa sam prepoznao da ima vi\u0161ak vremena, dosta energije i da \u017eeli da mijenja sistem na bolje. Prepoznaju\u0107i tu energiju kod njega, insistirao sam da je pravi \u010dovjek da preuzme vo\u0111enje procesa i ljudi u kompaniji, pri \u010demu \u0107e \u010dak i zarada da mu bude ve\u0107a. Sada mi odgovorite gdje vi vidite tu kaznu? Me\u0111utim, znaju\u0107i sistem koji je gra\u0111en decenijama, da se sjedi u jednoj stolici 40 godina do penzije sa floskulom &#8222;pusti to, ko je jo\u0161 zavr\u0161io dr\u017eavnu rabotu&#8220; moram vas razo\u010darati, i navesti da se i ti poslovi uspje\u0161no zavr\u0161avaju. Jo\u0161 bih dodao da je kolega Peri\u010di\u0107, da bi ne\u0161to radio i popunio radno vrijeme, a ne vilenisao po hodnicima i od kancelarije do kancelarije, uklju\u010divan u razna radna tijela, pa \u010dak je radio dobar posao i u disciplinskoj komisiji gdje je saslu\u0161avao i izricao mjere zaposlenima protiv kojih je pokrenut postupak. Tako\u0111e odnos menad\u017ementa ka njemu se ogleda u tome da mu je dato da koristi sav odmor radi u\u010destvovanja u politi\u010dkoj kampanji na lokalnim izborima, i niko ga u tome nije ometao. Jednim dijelom se i tu mo\u017ee vidjeti neophodnost njegovog radnog mjesta, kad je sistem mogao bez njega mjesec dana. U Luci Bar ima dosta politi\u010dki aktivnih kolega i koleginica i svi imaju jednaka prava, dok god ne uru\u0161avaju sistem ili ne poku\u0161avaju da politiku uvedu u kompaniju.<\/div><div dir=\"auto\">\u00a0<\/div><div dir=\"auto\">Rekao bih par rije\u010di i o kompaniji. Od kako je promijenjen menad\u017ement, ljudima koji imaju znanje, iskustvo i kvalitetan su kadar prevashodno data je puna sloboda da vode procese, savjetuju, odlu\u010duju. Spoj energije i iskustva. I odli\u010dan je rezultat. Tome u prilog govori da je zapo\u0161ljeno jo\u0161 130 na\u0161ih sugra\u0111ana i da Luka Bar prihoduje 50-100% vi\u0161e nego u godinama iza nas. Da i pored gomile naslije\u0111enih problema u kompaniji nesre\u0107nim odlukama Vlade Crne Gore u pro\u0161losti, kompanija \u017eivi, razvija se i sada vi\u0161e niko nikad ne mo\u017ee da ka\u017ee da Luka ne mo\u017ee da radi. Ovdje zahvaljujem svakom kolegi pojedina\u010dno, \u0161to brinu o kompaniji iz koje nose hleb ku\u0107i svojim porodicama, a ne okre\u0107u se protiv nje.\u00a0<\/div><div dir=\"auto\">\u00a0<\/div><div dir=\"auto\">Tako\u0111e, moram da se osvrnem na stanare objekata koji gravitiraju ka Slobodnoj zoni. Da, napravili ste nelegalno stambene objekte i na taj na\u010din ste vi do\u0161li do Luke. Ali potpuno vas razumijem, i znam dobro \u0161ta je podstanarski \u017eivot, koliko je gorak, kao i \u0161ta zna\u010di imati krov na glavom.<\/div><div dir=\"auto\">\u00a0<\/div><div dir=\"auto\">Lokalna samouprava bi trebalo da povede ra\u010duna da se stane sa nelegalnom gradnjom koja \u0107e sjutra biti veliki problem razvoju slobodne zone i Luke Bar, jer do sada nisu radili svoj posao.<\/div><div dir=\"auto\">\u00a0<\/div><div dir=\"auto\">U Luci smo odlu\u010dili da putni pravac, nekih 400m, u narednih mjesec-dva oplemenimo sa \u010dempresima, visine 2.5m, gusto zbijenim na pola metra \u0161irine, i tako \u0107emo napraviti dupli drvored uz saobra\u0107ajnicu. Ovi \u010dempresi rastu do 1m za godinu dana, i nadam se da \u0107e dobrim dijelom pomo\u0107i da se smanji zvuk od industrijskih ma\u0161ina, kao i pra\u0161ina no\u0161ena vjetrom. Za ovaj projekat kompanija \u0107e odvojiti cca 20.000 -30.000 eura. Ilustracije radi, trenutno u lu\u010dkoj operativi postoje samo 2 stabla drveta.\u00a0<\/div><div dir=\"auto\">Pravimo plan da postavimo obara\u010de pra\u0161ine u vidu vodenih prskalica. Tako\u0111e smo kupili auto\u010distilicu, koja \u010disti saobra\u0107ajnicu kuda idu kamioni, a ispred magacina gdje se vr\u0161i istovar vagona su stalno 1-2 \u010distilice.<\/div><div dir=\"auto\">\u00a0<\/div><div dir=\"auto\">Tako\u0111e, objedinjavanjem luke \u0107e se u mnogome srediti situacija, jer od kada je tada\u0161nja Vlada Crne Gore, razjedinila luku, po\u010dinju problemi za stanare, i kre\u0107u \u017ealbe na koje nikada do sada nije bilo sluha u lokalnom DPS- u.<\/div><div dir=\"auto\">\u00a0<\/div><div dir=\"auto\">Tako\u0111e, razmatramo jo\u0161 neke korake, da se prevencija od svih vrsta zaga\u0111enja podigne na ve\u0107i nivo, ali obavijesti\u0107emo sugra\u0111ane o tome naknadno.<\/div><div dir=\"auto\">\u00a0<\/div><div dir=\"auto\">Jo\u0161 \u0107e biti nekih pozitivnih akcija na polju dru\u0161tvene odgovornosti iz Luke Bar, jer svi poslovi koje ugovaramo i radimo su za zaposlene i gra\u0111ane. I uvijek se prisjetim \u0161to mi je rekao dobri kolega Dino prije nepunih godinu dana kada smo diskutovali o svim problemima u kompaniji i time \u0107u i zavr\u0161iti : &#8222;Luka je majka grada, mnogi su to zaboravili.&#8220;\u00a0\u00a0\u00a0\u00a0\u00a0\u00a0\u00a0\u00a0\u00a0\u00a0\u00a0\u00a0\u00a0\u00a0\u00a0\u00a0<\/div><\/div>\t\t\t\t\t\t\t\t<\/div>\n\t\t\t\t<\/div>\n\t\t\t\t<div class=\"elementor-element elementor-element-715492c de_scroll_animation_no exad-sticky-section-no exad-glass-effect-no elementor-widget elementor-widget-text-editor\" data-id=\"715492c\" data-element_type=\"widget\" data-e-type=\"widget\" data-widget_type=\"text-editor.default\">\n\t\t\t\t<div class=\"elementor-widget-container\">\n\t\t\t\t\t\t\t\t\t<div dir=\"auto\"><div dir=\"auto\" style=\"text-align: right;\">Izvr\u0161ni direktor &#8222;Luka Bar&#8220; AD\u00a0<\/div><div dir=\"auto\" style=\"text-align: right;\">Ilija Pje\u0161\u010di\u0107\u00a0\u00a0<\/div><\/div>\t\t\t\t\t\t\t\t<\/div>\n\t\t\t\t<\/div>\n\t\t\t\t\t<\/div>\n\t\t\t\t<\/div>\n\t\t\t\t<\/div>","protected":false},"excerpt":{"rendered":"<p>Vezano za upu\u0107ene li\u010dne opaske kluba odbornika barskog DPS-a, primoran sam na ovaj na\u010din da im odgovorim. Prvenstveno bih se osvrnuo na navode da je moje obrazovanje upitno. Dakle, ta grupa neznavenika naziva upitno obrazovanje ste\u010deno u \u0161koli &#8222;Jugoslavija&#8220; u Baru, zatim poznatoj barskoj Gimnaziji i na kraju ste\u010deno zvanje diplomirani pravnik na Pravnom fakultetu Univerziteta Crne Gore. Ne mogu da vjerujem da proklamovane &#8222;patriote&#8220; nazivaju ove obrazovne ustanove spornim i da se u njima sti\u010du &#8222;sporne kvalifikacije&#8220;. Ali kako su ista lica bili akteri osnivanja velikog broja privatnih fakulteta \u0161irom Crne Gore, jednim dijelom i onih gdje &#8222;uve\u010de prelista\u0161, ujutru zablista\u0161&#8220;, pred profesorom \u010desto i online, onda razumijem nesre\u0107nu konstataciju odbornika barskog DPS-a. Zatim navode moj nelegalni izbor na mjesto Izv\u0161nog direktora?! Izabran sam po Statutu &#8222;Luka Bar&#8220; AD, koji je uskla\u0111en sa privrednim pravom i prema tome morao sam da se javim na konkurs, a zatim da uradim Biznis plan, koji sam obrazlagao pred Komisijom. Medjutim, valjda je nelegalno kada te ne imenuje vrhovni vodja. E to imenovanje zaista nemam.\u00a0Zatim moram da se osvrnem na unapre\u0111enje kolege Peri\u010di\u0107a. Da, dobro ste pro\u010ditali. Kolega je unapre\u0111en na radno mjesto sa ve\u0107im koeficijentom zarade. Ukazano mu je povjerenje da sa mjesta referenta pre\u0111e na mjesto \u0161efa, menad\u017eera i da upravlja ljudima i procesima u kompaniji. Vi\u0161e puta sam ga sretao po hodnicima i holovima Upravne zgrade, pa sam prepoznao da ima vi\u0161ak vremena, dosta energije i da \u017eeli da mijenja sistem na bolje. Prepoznaju\u0107i tu energiju kod njega, insistirao sam da je pravi \u010dovjek da preuzme vo\u0111enje procesa i ljudi u kompaniji, pri \u010demu \u0107e \u010dak i zarada da mu bude ve\u0107a. Sada mi odgovorite gdje vi vidite tu kaznu? Me\u0111utim, znaju\u0107i sistem koji je gra\u0111en decenijama, da se sjedi u jednoj stolici 40 godina do penzije sa floskulom &#8222;pusti to, ko je jo\u0161 zavr\u0161io dr\u017eavnu rabotu&#8220; moram vas razo\u010darati, i navesti da se i ti poslovi uspje\u0161no zavr\u0161avaju. Jo\u0161 bih dodao da je kolega Peri\u010di\u0107, da bi ne\u0161to radio i popunio radno vrijeme, a ne vilenisao po hodnicima i od kancelarije do kancelarije, uklju\u010divan u razna radna tijela, pa \u010dak je radio dobar posao i u disciplinskoj komisiji gdje je saslu\u0161avao i izricao mjere zaposlenima protiv kojih je pokrenut postupak. Tako\u0111e odnos menad\u017ementa ka njemu se ogleda u tome da mu je dato da koristi sav odmor radi u\u010destvovanja u politi\u010dkoj kampanji na lokalnim izborima, i niko ga u tome nije ometao. Jednim dijelom se i tu mo\u017ee vidjeti neophodnost njegovog radnog mjesta, kad je sistem mogao bez njega mjesec dana. U Luci Bar ima dosta politi\u010dki aktivnih kolega i koleginica i svi imaju jednaka prava, dok god ne uru\u0161avaju sistem ili ne poku\u0161avaju da politiku uvedu u kompaniju.\u00a0Rekao bih par rije\u010di i o kompaniji. Od kako je promijenjen menad\u017ement, ljudima koji imaju znanje, iskustvo i kvalitetan su kadar prevashodno data je puna sloboda da vode procese, savjetuju, odlu\u010duju. Spoj energije i iskustva. I odli\u010dan je rezultat. Tome u prilog govori da je zapo\u0161ljeno jo\u0161 130 na\u0161ih sugra\u0111ana i da Luka Bar prihoduje 50-100% vi\u0161e nego u godinama iza nas. Da i pored gomile naslije\u0111enih problema u kompaniji nesre\u0107nim odlukama Vlade Crne Gore u pro\u0161losti, kompanija \u017eivi, razvija se i sada vi\u0161e niko nikad ne mo\u017ee da ka\u017ee da Luka ne mo\u017ee da radi. Ovdje zahvaljujem svakom kolegi pojedina\u010dno, \u0161to brinu o kompaniji iz koje nose hleb ku\u0107i svojim porodicama, a ne okre\u0107u se protiv nje.\u00a0\u00a0Tako\u0111e, moram da se osvrnem na stanare objekata koji gravitiraju ka Slobodnoj zoni. Da, napravili ste nelegalno stambene objekte i na taj na\u010din ste vi do\u0161li do Luke. Ali potpuno vas razumijem, i znam dobro \u0161ta je podstanarski \u017eivot, koliko je gorak, kao i \u0161ta zna\u010di imati krov na glavom.\u00a0Lokalna samouprava bi trebalo da povede ra\u010duna da se stane sa nelegalnom gradnjom koja \u0107e sjutra biti veliki problem razvoju slobodne zone i Luke Bar, jer do sada nisu radili svoj posao.\u00a0U Luci smo odlu\u010dili da putni pravac, nekih 400m, u narednih mjesec-dva oplemenimo sa \u010dempresima, visine 2.5m, gusto zbijenim na pola metra \u0161irine, i tako \u0107emo napraviti dupli drvored uz saobra\u0107ajnicu. Ovi \u010dempresi rastu do 1m za godinu dana, i nadam se da \u0107e dobrim dijelom pomo\u0107i da se smanji zvuk od industrijskih ma\u0161ina, kao i pra\u0161ina no\u0161ena vjetrom. Za ovaj projekat kompanija \u0107e odvojiti cca 20.000 -30.000 eura. Ilustracije radi, trenutno u lu\u010dkoj operativi postoje samo 2 stabla drveta.\u00a0Pravimo plan da postavimo obara\u010de pra\u0161ine u vidu vodenih prskalica. Tako\u0111e smo kupili auto\u010distilicu, koja \u010disti saobra\u0107ajnicu kuda idu kamioni, a ispred magacina gdje se vr\u0161i istovar vagona su stalno 1-2 \u010distilice.\u00a0Tako\u0111e, objedinjavanjem luke \u0107e se u mnogome srediti situacija, jer od kada je tada\u0161nja Vlada Crne Gore, razjedinila luku, po\u010dinju problemi za stanare, i kre\u0107u \u017ealbe na koje nikada do sada nije bilo sluha u lokalnom DPS- u.\u00a0Tako\u0111e, razmatramo jo\u0161 neke korake, da se prevencija od svih vrsta zaga\u0111enja podigne na ve\u0107i nivo, ali obavijesti\u0107emo sugra\u0111ane o tome naknadno.\u00a0Jo\u0161 \u0107e biti nekih pozitivnih akcija na polju dru\u0161tvene odgovornosti iz Luke Bar, jer svi poslovi koje ugovaramo i radimo su za zaposlene i gra\u0111ane. I uvijek se prisjetim \u0161to mi je rekao dobri kolega Dino prije nepunih godinu dana kada smo diskutovali o svim problemima u kompaniji i time \u0107u i zavr\u0161iti : &#8222;Luka je majka grada, mnogi su to zaboravili.&#8220;\u00a0\u00a0\u00a0\u00a0\u00a0\u00a0\u00a0\u00a0\u00a0\u00a0\u00a0\u00a0\u00a0\u00a0\u00a0\u00a0Izvr\u0161ni direktor &#8222;Luka Bar&#8220; AD\u00a0Ilija Pje\u0161\u010di\u0107\u00a0\u00a0<\/p>","protected":false},"author":1,"featured_media":15960,"comment_status":"open","ping_status":"open","sticky":false,"template":"","format":"standard","meta":{"footnotes":""},"categories":[17],"tags":[],"class_list":["post-15996","post","type-post","status-publish","format-standard","has-post-thumbnail","hentry","category-novosti"],"blocksy_meta":[],"yoast_head":"<!-- This site is optimized with the Yoast SEO plugin v27.5 - https:\/\/yoast.com\/product\/yoast-seo-wordpress\/ -->\n<title>Saop\u0161tenje za javnost<\/title>\n<meta name=\"description\" content=\"Vezano za upu\u0107ene li\u010dne opaske kluba odbornika barskog DPS-a, primoran sam na ovaj na\u010din da im odgovorim.Prvenstveno bih se osvrnuo na navode da je moje\" \/>\n<meta name=\"robots\" content=\"index, follow, max-snippet:-1, max-image-preview:large, max-video-preview:-1\" \/>\n<link rel=\"canonical\" href=\"https:\/\/lukabar.me\/en\/saopstenje-za-javnost-3\/\" \/>\n<meta property=\"og:locale\" content=\"en_US\" \/>\n<meta property=\"og:type\" content=\"article\" \/>\n<meta property=\"og:title\" content=\"Saop\u0161tenje za javnost\" \/>\n<meta property=\"og:description\" content=\"Vezano za upu\u0107ene li\u010dne opaske kluba odbornika barskog DPS-a, primoran sam na ovaj na\u010din da im odgovorim.Prvenstveno bih se osvrnuo na navode da je moje\" \/>\n<meta property=\"og:url\" content=\"https:\/\/lukabar.me\/en\/saopstenje-za-javnost-3\/\" \/>\n<meta property=\"og:site_name\" content=\"Luka Bar | Port of Bar - Connecting Montenegro to Global Trade\" \/>\n<meta property=\"article:publisher\" content=\"https:\/\/www.facebook.com\/portofbar\" \/>\n<meta property=\"article:published_time\" content=\"2023-09-06T07:22:00+00:00\" \/>\n<meta property=\"article:modified_time\" content=\"2024-08-21T07:24:19+00:00\" \/>\n<meta property=\"og:image\" content=\"https:\/\/lukabar.me\/wp-content\/uploads\/2024\/08\/Upravna-zgrada-1-scaled.jpg\" \/>\n\t<meta property=\"og:image:width\" content=\"2560\" \/>\n\t<meta property=\"og:image:height\" content=\"1440\" \/>\n\t<meta property=\"og:image:type\" content=\"image\/jpeg\" \/>\n<meta name=\"author\" content=\"qyqzntmy\" \/>\n<meta name=\"twitter:card\" content=\"summary_large_image\" \/>\n<meta name=\"twitter:creator\" content=\"@portofbar\" \/>\n<meta name=\"twitter:site\" content=\"@portofbar\" \/>\n<meta name=\"twitter:label1\" content=\"Written by\" \/>\n\t<meta name=\"twitter:data1\" content=\"qyqzntmy\" \/>\n\t<meta name=\"twitter:label2\" content=\"Est. reading time\" \/>\n\t<meta name=\"twitter:data2\" content=\"5 minutes\" \/>\n<script type=\"application\/ld+json\" class=\"yoast-schema-graph\">{\"@context\":\"https:\\\/\\\/schema.org\",\"@graph\":[{\"@type\":\"Article\",\"@id\":\"https:\\\/\\\/lukabar.me\\\/saopstenje-za-javnost-3\\\/#article\",\"isPartOf\":{\"@id\":\"https:\\\/\\\/lukabar.me\\\/saopstenje-za-javnost-3\\\/\"},\"author\":{\"name\":\"qyqzntmy\",\"@id\":\"https:\\\/\\\/lukabar.me\\\/#\\\/schema\\\/person\\\/84ccd15ea8529df078a6db7f01d0cf50\"},\"headline\":\"Saop\u0161tenje za javnost\",\"datePublished\":\"2023-09-06T07:22:00+00:00\",\"dateModified\":\"2024-08-21T07:24:19+00:00\",\"mainEntityOfPage\":{\"@id\":\"https:\\\/\\\/lukabar.me\\\/saopstenje-za-javnost-3\\\/\"},\"wordCount\":984,\"commentCount\":0,\"publisher\":{\"@id\":\"https:\\\/\\\/lukabar.me\\\/#organization\"},\"image\":{\"@id\":\"https:\\\/\\\/lukabar.me\\\/saopstenje-za-javnost-3\\\/#primaryimage\"},\"thumbnailUrl\":\"https:\\\/\\\/lukabar.me\\\/wp-content\\\/uploads\\\/2024\\\/08\\\/Upravna-zgrada-1-scaled.jpg\",\"articleSection\":[\"Novosti\"],\"inLanguage\":\"en-US\",\"potentialAction\":[{\"@type\":\"CommentAction\",\"name\":\"Comment\",\"target\":[\"https:\\\/\\\/lukabar.me\\\/saopstenje-za-javnost-3\\\/#respond\"]}]},{\"@type\":\"WebPage\",\"@id\":\"https:\\\/\\\/lukabar.me\\\/saopstenje-za-javnost-3\\\/\",\"url\":\"https:\\\/\\\/lukabar.me\\\/saopstenje-za-javnost-3\\\/\",\"name\":\"Saop\u0161tenje za javnost\",\"isPartOf\":{\"@id\":\"https:\\\/\\\/lukabar.me\\\/#website\"},\"primaryImageOfPage\":{\"@id\":\"https:\\\/\\\/lukabar.me\\\/saopstenje-za-javnost-3\\\/#primaryimage\"},\"image\":{\"@id\":\"https:\\\/\\\/lukabar.me\\\/saopstenje-za-javnost-3\\\/#primaryimage\"},\"thumbnailUrl\":\"https:\\\/\\\/lukabar.me\\\/wp-content\\\/uploads\\\/2024\\\/08\\\/Upravna-zgrada-1-scaled.jpg\",\"datePublished\":\"2023-09-06T07:22:00+00:00\",\"dateModified\":\"2024-08-21T07:24:19+00:00\",\"description\":\"Vezano za upu\u0107ene li\u010dne opaske kluba odbornika barskog DPS-a, primoran sam na ovaj na\u010din da im odgovorim.Prvenstveno bih se osvrnuo na navode da je moje\",\"breadcrumb\":{\"@id\":\"https:\\\/\\\/lukabar.me\\\/saopstenje-za-javnost-3\\\/#breadcrumb\"},\"inLanguage\":\"en-US\",\"potentialAction\":[{\"@type\":\"ReadAction\",\"target\":[\"https:\\\/\\\/lukabar.me\\\/saopstenje-za-javnost-3\\\/\"]}]},{\"@type\":\"ImageObject\",\"inLanguage\":\"en-US\",\"@id\":\"https:\\\/\\\/lukabar.me\\\/saopstenje-za-javnost-3\\\/#primaryimage\",\"url\":\"https:\\\/\\\/lukabar.me\\\/wp-content\\\/uploads\\\/2024\\\/08\\\/Upravna-zgrada-1-scaled.jpg\",\"contentUrl\":\"https:\\\/\\\/lukabar.me\\\/wp-content\\\/uploads\\\/2024\\\/08\\\/Upravna-zgrada-1-scaled.jpg\",\"width\":2560,\"height\":1440},{\"@type\":\"BreadcrumbList\",\"@id\":\"https:\\\/\\\/lukabar.me\\\/saopstenje-za-javnost-3\\\/#breadcrumb\",\"itemListElement\":[{\"@type\":\"ListItem\",\"position\":1,\"name\":\"Home\",\"item\":\"https:\\\/\\\/lukabar.me\\\/\"},{\"@type\":\"ListItem\",\"position\":2,\"name\":\"Saop\u0161tenje za javnost\"}]},{\"@type\":\"WebSite\",\"@id\":\"https:\\\/\\\/lukabar.me\\\/#website\",\"url\":\"https:\\\/\\\/lukabar.me\\\/\",\"name\":\"Luka Bar | Port of Bar - Connecting Montenegro to Global Trade\",\"description\":\"Svijet na Dohvat Luke | World Within Port&#039;s Reach\",\"publisher\":{\"@id\":\"https:\\\/\\\/lukabar.me\\\/#organization\"},\"alternateName\":\"Luka Bar | Port of Bar\",\"potentialAction\":[{\"@type\":\"SearchAction\",\"target\":{\"@type\":\"EntryPoint\",\"urlTemplate\":\"https:\\\/\\\/lukabar.me\\\/?s={search_term_string}\"},\"query-input\":{\"@type\":\"PropertyValueSpecification\",\"valueRequired\":true,\"valueName\":\"search_term_string\"}}],\"inLanguage\":\"en-US\"},{\"@type\":\"Organization\",\"@id\":\"https:\\\/\\\/lukabar.me\\\/#organization\",\"name\":\"Luka Bar | Port of Bar - Connecting Montenegro to Global Trade\",\"alternateName\":\"Luka Bar | Port of Bar\",\"url\":\"https:\\\/\\\/lukabar.me\\\/\",\"logo\":{\"@type\":\"ImageObject\",\"inLanguage\":\"en-US\",\"@id\":\"https:\\\/\\\/lukabar.me\\\/#\\\/schema\\\/logo\\\/image\\\/\",\"url\":\"https:\\\/\\\/lukabar.me\\\/wp-content\\\/uploads\\\/2025\\\/01\\\/lukabar-logo-seo-01-scaled.jpg\",\"contentUrl\":\"https:\\\/\\\/lukabar.me\\\/wp-content\\\/uploads\\\/2025\\\/01\\\/lukabar-logo-seo-01-scaled.jpg\",\"width\":2560,\"height\":2560,\"caption\":\"Luka Bar | Port of Bar - Connecting Montenegro to Global Trade\"},\"image\":{\"@id\":\"https:\\\/\\\/lukabar.me\\\/#\\\/schema\\\/logo\\\/image\\\/\"},\"sameAs\":[\"https:\\\/\\\/www.facebook.com\\\/portofbar\",\"https:\\\/\\\/x.com\\\/portofbar\",\"https:\\\/\\\/instagram.com\\\/portofbar\",\"https:\\\/\\\/www.linkedin.com\\\/company\\\/port-of-bar\",\"https:\\\/\\\/www.youtube.com\\\/@portofbarmontenegro\"]},{\"@type\":\"Person\",\"@id\":\"https:\\\/\\\/lukabar.me\\\/#\\\/schema\\\/person\\\/84ccd15ea8529df078a6db7f01d0cf50\",\"name\":\"qyqzntmy\",\"image\":{\"@type\":\"ImageObject\",\"inLanguage\":\"en-US\",\"@id\":\"https:\\\/\\\/secure.gravatar.com\\\/avatar\\\/34512178c8047217f2f61ffdd71737957c3b33f2936e498c6153ae6dab2989ba?s=96&d=mm&r=g\",\"url\":\"https:\\\/\\\/secure.gravatar.com\\\/avatar\\\/34512178c8047217f2f61ffdd71737957c3b33f2936e498c6153ae6dab2989ba?s=96&d=mm&r=g\",\"contentUrl\":\"https:\\\/\\\/secure.gravatar.com\\\/avatar\\\/34512178c8047217f2f61ffdd71737957c3b33f2936e498c6153ae6dab2989ba?s=96&d=mm&r=g\",\"caption\":\"qyqzntmy\"},\"sameAs\":[\"https:\\\/\\\/lukabar.me\"],\"url\":\"https:\\\/\\\/lukabar.me\\\/en\\\/author\\\/qyqzntmy\\\/\"}]}<\/script>\n<!-- \/ Yoast SEO plugin. -->","yoast_head_json":{"title":"Press release","description":"Vezano za upu\u0107ene li\u010dne opaske kluba odbornika barskog DPS-a, primoran sam na ovaj na\u010din da im odgovorim.Prvenstveno bih se osvrnuo na navode da je moje","robots":{"index":"index","follow":"follow","max-snippet":"max-snippet:-1","max-image-preview":"max-image-preview:large","max-video-preview":"max-video-preview:-1"},"canonical":"https:\/\/lukabar.me\/en\/saopstenje-za-javnost-3\/","og_locale":"en_US","og_type":"article","og_title":"Saop\u0161tenje za javnost","og_description":"Vezano za upu\u0107ene li\u010dne opaske kluba odbornika barskog DPS-a, primoran sam na ovaj na\u010din da im odgovorim.Prvenstveno bih se osvrnuo na navode da je moje","og_url":"https:\/\/lukabar.me\/en\/saopstenje-za-javnost-3\/","og_site_name":"Luka Bar | Port of Bar - Connecting Montenegro to Global Trade","article_publisher":"https:\/\/www.facebook.com\/portofbar","article_published_time":"2023-09-06T07:22:00+00:00","article_modified_time":"2024-08-21T07:24:19+00:00","og_image":[{"width":2560,"height":1440,"url":"https:\/\/lukabar.me\/wp-content\/uploads\/2024\/08\/Upravna-zgrada-1-scaled.jpg","type":"image\/jpeg"}],"author":"qyqzntmy","twitter_card":"summary_large_image","twitter_creator":"@portofbar","twitter_site":"@portofbar","twitter_misc":{"Written by":"qyqzntmy","Est. reading time":"5 minutes"},"schema":{"@context":"https:\/\/schema.org","@graph":[{"@type":"Article","@id":"https:\/\/lukabar.me\/saopstenje-za-javnost-3\/#article","isPartOf":{"@id":"https:\/\/lukabar.me\/saopstenje-za-javnost-3\/"},"author":{"name":"qyqzntmy","@id":"https:\/\/lukabar.me\/#\/schema\/person\/84ccd15ea8529df078a6db7f01d0cf50"},"headline":"Saop\u0161tenje za javnost","datePublished":"2023-09-06T07:22:00+00:00","dateModified":"2024-08-21T07:24:19+00:00","mainEntityOfPage":{"@id":"https:\/\/lukabar.me\/saopstenje-za-javnost-3\/"},"wordCount":984,"commentCount":0,"publisher":{"@id":"https:\/\/lukabar.me\/#organization"},"image":{"@id":"https:\/\/lukabar.me\/saopstenje-za-javnost-3\/#primaryimage"},"thumbnailUrl":"https:\/\/lukabar.me\/wp-content\/uploads\/2024\/08\/Upravna-zgrada-1-scaled.jpg","articleSection":["Novosti"],"inLanguage":"en-US","potentialAction":[{"@type":"CommentAction","name":"Comment","target":["https:\/\/lukabar.me\/saopstenje-za-javnost-3\/#respond"]}]},{"@type":"WebPage","@id":"https:\/\/lukabar.me\/saopstenje-za-javnost-3\/","url":"https:\/\/lukabar.me\/saopstenje-za-javnost-3\/","name":"Press release","isPartOf":{"@id":"https:\/\/lukabar.me\/#website"},"primaryImageOfPage":{"@id":"https:\/\/lukabar.me\/saopstenje-za-javnost-3\/#primaryimage"},"image":{"@id":"https:\/\/lukabar.me\/saopstenje-za-javnost-3\/#primaryimage"},"thumbnailUrl":"https:\/\/lukabar.me\/wp-content\/uploads\/2024\/08\/Upravna-zgrada-1-scaled.jpg","datePublished":"2023-09-06T07:22:00+00:00","dateModified":"2024-08-21T07:24:19+00:00","description":"Vezano za upu\u0107ene li\u010dne opaske kluba odbornika barskog DPS-a, primoran sam na ovaj na\u010din da im odgovorim.Prvenstveno bih se osvrnuo na navode da je moje","breadcrumb":{"@id":"https:\/\/lukabar.me\/saopstenje-za-javnost-3\/#breadcrumb"},"inLanguage":"en-US","potentialAction":[{"@type":"ReadAction","target":["https:\/\/lukabar.me\/saopstenje-za-javnost-3\/"]}]},{"@type":"ImageObject","inLanguage":"en-US","@id":"https:\/\/lukabar.me\/saopstenje-za-javnost-3\/#primaryimage","url":"https:\/\/lukabar.me\/wp-content\/uploads\/2024\/08\/Upravna-zgrada-1-scaled.jpg","contentUrl":"https:\/\/lukabar.me\/wp-content\/uploads\/2024\/08\/Upravna-zgrada-1-scaled.jpg","width":2560,"height":1440},{"@type":"BreadcrumbList","@id":"https:\/\/lukabar.me\/saopstenje-za-javnost-3\/#breadcrumb","itemListElement":[{"@type":"ListItem","position":1,"name":"Home","item":"https:\/\/lukabar.me\/"},{"@type":"ListItem","position":2,"name":"Saop\u0161tenje za javnost"}]},{"@type":"WebSite","@id":"https:\/\/lukabar.me\/#website","url":"https:\/\/lukabar.me\/","name":"Port of Bar | Port of Bar - Connecting Montenegro to Global Trade","description":"World at the Reach of Luke | World Within Port&#039;s Reach","publisher":{"@id":"https:\/\/lukabar.me\/#organization"},"alternateName":"Luka Bar | Port of Bar","potentialAction":[{"@type":"SearchAction","target":{"@type":"EntryPoint","urlTemplate":"https:\/\/lukabar.me\/?s={search_term_string}"},"query-input":{"@type":"PropertyValueSpecification","valueRequired":true,"valueName":"search_term_string"}}],"inLanguage":"en-US"},{"@type":"Organization","@id":"https:\/\/lukabar.me\/#organization","name":"Port of Bar | Port of Bar - Connecting Montenegro to Global Trade","alternateName":"Luka Bar | Port of Bar","url":"https:\/\/lukabar.me\/","logo":{"@type":"ImageObject","inLanguage":"en-US","@id":"https:\/\/lukabar.me\/#\/schema\/logo\/image\/","url":"https:\/\/lukabar.me\/wp-content\/uploads\/2025\/01\/lukabar-logo-seo-01-scaled.jpg","contentUrl":"https:\/\/lukabar.me\/wp-content\/uploads\/2025\/01\/lukabar-logo-seo-01-scaled.jpg","width":2560,"height":2560,"caption":"Luka Bar | Port of Bar - Connecting Montenegro to Global Trade"},"image":{"@id":"https:\/\/lukabar.me\/#\/schema\/logo\/image\/"},"sameAs":["https:\/\/www.facebook.com\/portofbar","https:\/\/x.com\/portofbar","https:\/\/instagram.com\/portofbar","https:\/\/www.linkedin.com\/company\/port-of-bar","https:\/\/www.youtube.com\/@portofbarmontenegro"]},{"@type":"Person","@id":"https:\/\/lukabar.me\/#\/schema\/person\/84ccd15ea8529df078a6db7f01d0cf50","name":"qyqzntmy","image":{"@type":"ImageObject","inLanguage":"en-US","@id":"https:\/\/secure.gravatar.com\/avatar\/34512178c8047217f2f61ffdd71737957c3b33f2936e498c6153ae6dab2989ba?s=96&d=mm&r=g","url":"https:\/\/secure.gravatar.com\/avatar\/34512178c8047217f2f61ffdd71737957c3b33f2936e498c6153ae6dab2989ba?s=96&d=mm&r=g","contentUrl":"https:\/\/secure.gravatar.com\/avatar\/34512178c8047217f2f61ffdd71737957c3b33f2936e498c6153ae6dab2989ba?s=96&d=mm&r=g","caption":"qyqzntmy"},"sameAs":["https:\/\/lukabar.me"],"url":"https:\/\/lukabar.me\/en\/author\/qyqzntmy\/"}]}},"_links":{"self":[{"href":"https:\/\/lukabar.me\/en\/wp-json\/wp\/v2\/posts\/15996","targetHints":{"allow":["GET"]}}],"collection":[{"href":"https:\/\/lukabar.me\/en\/wp-json\/wp\/v2\/posts"}],"about":[{"href":"https:\/\/lukabar.me\/en\/wp-json\/wp\/v2\/types\/post"}],"author":[{"embeddable":true,"href":"https:\/\/lukabar.me\/en\/wp-json\/wp\/v2\/users\/1"}],"replies":[{"embeddable":true,"href":"https:\/\/lukabar.me\/en\/wp-json\/wp\/v2\/comments?post=15996"}],"version-history":[{"count":7,"href":"https:\/\/lukabar.me\/en\/wp-json\/wp\/v2\/posts\/15996\/revisions"}],"predecessor-version":[{"id":16004,"href":"https:\/\/lukabar.me\/en\/wp-json\/wp\/v2\/posts\/15996\/revisions\/16004"}],"wp:featuredmedia":[{"embeddable":true,"href":"https:\/\/lukabar.me\/en\/wp-json\/wp\/v2\/media\/15960"}],"wp:attachment":[{"href":"https:\/\/lukabar.me\/en\/wp-json\/wp\/v2\/media?parent=15996"}],"wp:term":[{"taxonomy":"category","embeddable":true,"href":"https:\/\/lukabar.me\/en\/wp-json\/wp\/v2\/categories?post=15996"},{"taxonomy":"post_tag","embeddable":true,"href":"https:\/\/lukabar.me\/en\/wp-json\/wp\/v2\/tags?post=15996"}],"curies":[{"name":"wp","href":"https:\/\/api.w.org\/{rel}","templated":true}]}}