{"id":16024,"date":"2023-11-28T09:32:00","date_gmt":"2023-11-28T07:32:00","guid":{"rendered":"https:\/\/lukabar.me\/?p=16024"},"modified":"2024-08-21T09:33:49","modified_gmt":"2024-08-21T07:33:49","slug":"saopstenje-za-javnost-4","status":"publish","type":"post","link":"https:\/\/lukabar.me\/en\/saopstenje-za-javnost-4\/","title":{"rendered":"Press release"},"content":{"rendered":"<div data-elementor-type=\"wp-post\" data-elementor-id=\"16024\" class=\"elementor elementor-16024\">\n\t\t\t\t<div class=\"elementor-element elementor-element-602900a e-flex e-con-boxed wpr-particle-no wpr-jarallax-no wpr-parallax-no wpr-sticky-section-no wpr-equal-height-no e-con e-parent\" data-id=\"602900a\" data-element_type=\"container\" data-e-type=\"container\">\n\t\t\t\t\t<div class=\"e-con-inner\">\n\t\t\t\t<div class=\"elementor-element elementor-element-50c469a de_scroll_animation_no exad-sticky-section-no exad-glass-effect-no elementor-widget elementor-widget-text-editor\" data-id=\"50c469a\" data-element_type=\"widget\" data-e-type=\"widget\" data-widget_type=\"text-editor.default\">\n\t\t\t\t<div class=\"elementor-widget-container\">\n\t\t\t\t\t\t\t\t\t<p>Postupaju\u0107i po presudi Vi\u0161eg suda u Podgorici, kojom se poni\u0161tava Odluka Odbora direktora br. OD\/220-3-b od 04.10.2021. godine i nala\u017ee da se izvr\u0161i ponovni izbor izme\u0111u prijavljenih kandidata na radno mjesto izvr\u0161nog direktora, u roku od 8 dana od pravosna\u017enosti presude, Odbor direktora je odr\u017eao sjednicu danas, 28.11.2023. godine. Obrazlo\u017eenje iz Presude Vi\u0161eg suda ukazuje, da se iz sadr\u017eine navedene Odluke o izboru Ilije Pje\u0161\u010di\u0107a na radno mjesto Izvr\u0161ni direktor, ne vide precizni razlozi kojima se vodio tada\u0161nji Odbor direktora, prilikom izbora kandidata. Bez obzira na diskreciono pravo koje Odbor direktora ima prilikom odabira kandidata, Vi\u0161i sud je zaklju\u010dio da Odluka o izboru ne mo\u017ee biti done\u0161ena bez obrazlo\u017eenja. Tako\u0111e, Vi\u0161i sud ukazuje da pravo na obrazlo\u017eenje imaju kandidati koji su konkurisali, kao i \u0161ira javnost. Zato Vi\u0161i sud nala\u017ee Odboru direktora, ponovni izbor izme\u0111u prijavljenih kandidata na konkursu od 29.09.2021. godine.<\/p><p>Shodno statutarnim i zakonskim ovla\u0161\u0107enjima, Odbor direktora je blagovremeno postupio po Presudama Osnovnog suda u Baru i Vi\u0161eg suda u Podgorici, pa je uslijedilo razrije\u0161enje Izvr\u0161nog direktora Ilije Pje\u0161\u010di\u0107a. Procedura je dalje nalagala ponovno razmatranje dostavljene dokumentacije trojice kandidata koji su ispunili uslove, po konkursu iz 2021. godine, njihovih biografija i Planova i programa rada za \u201dLuka Bar\u201d AD, \u00a0kao i Zapisnika sa usmenih intervjua koji su tada obavljeni sa kandidatima. Na osnovu navedene dokumentacije, a uz primjenu profesionalnih, stru\u010dnih i eti\u010dkih standarda u biranju najboljeg kandidata za mjesto izvr\u0161nog direktora \u201cLuka Bar\u201d AD, \u00a0uprkos kratkom vremenskom roku koji je ostavljen zbog postupanja po Presudi Vi\u0161eg suda. Odbor direktora je jednoglasno donio Odluku o imenovanju Ilije Pje\u0161\u010di\u0107a na mjesto Izvr\u0161nog direktora, te \u0107e tu funkciju g- din Pje\u0161\u010di\u0107 obavljati do 04.10.2025. godine. Konstatovano je da je g- din Pje\u0161\u010di\u0107 dostavio najkonkretniji i najrealniji Plan i program rada \u201cLuka Bar\u201d AD za mandatni period od 4 godine, \u0161to mu je dalo prednost u odnosu na ostale kandidate.<\/p><p>Odbor direktora od svog imenovanja u ovom sastavu, u martu 2023. godine, razmatrao je i donosio niz veoma te\u0161kih i specifi\u010dnih odluka, po mnogim otvorenim i naslije\u0111enim pitanjima. Sa zadovoljstvom i uvjereno\u0161\u0107u mo\u017eemo konstatovati da smo sve odluke donijeli savjesno, profesionalno i stru\u010dno, a u najboljem interesu kompanije i zapo\u0161ljenih u njoj. Ista\u0107i \u0107emo ovom prilikom dono\u0161enje novog Akta o sistematizaciji radnih mjesta, uvo\u0111enje obaveznog ocjenjivanja i vrednovanja rada svih zapo\u0161ljenih, pokretanje aktivnosti na valorizaciji lu\u010dke imovine, niz realizovanih dru\u0161tveno odgovornih akcija o kojima \u0107emo javnost uskoro informisati, a kao najzna\u010dajniju izdvajamo sadnju 300 sadnica borova u lu\u010dkom podru\u010dju. Na sjednici Odbora direktora odr\u017eanoj pro\u0161le sedmice, done\u0161ena je Odluka o provjeri diploma svih zapo\u0161ljenih u \u201cLuka Bar\u201d AD.<\/p><p>I dana\u0161njim postupanjem po presudi Vi\u0161eg suda u Podgorici i imenovanjem izvr\u0161nog direktora u ponovljenom postupku, kako je i nalo\u017eeno, \u0161titimo interese i poziciju \u201cLuka Bar\u201d AD, \u00a0\u0161to je uostalom i na\u0161 posao i glavni cilj i motiv u radu.<\/p>\t\t\t\t\t\t\t\t<\/div>\n\t\t\t\t<\/div>\n\t\t\t\t\t<\/div>\n\t\t\t\t<\/div>\n\t\t\t\t<\/div>","protected":false},"excerpt":{"rendered":"<p>Postupaju\u0107i po presudi Vi\u0161eg suda u Podgorici, kojom se poni\u0161tava Odluka Odbora direktora br. OD\/220-3-b od 04.10.2021. godine i nala\u017ee da se izvr\u0161i ponovni izbor izme\u0111u prijavljenih kandidata na radno mjesto izvr\u0161nog direktora, u roku od 8 dana od pravosna\u017enosti presude, Odbor direktora je odr\u017eao sjednicu danas, 28.11.2023. godine. Obrazlo\u017eenje iz Presude Vi\u0161eg suda ukazuje, da se iz sadr\u017eine navedene Odluke o izboru Ilije Pje\u0161\u010di\u0107a na radno mjesto Izvr\u0161ni direktor, ne vide precizni razlozi kojima se vodio tada\u0161nji Odbor direktora, prilikom izbora kandidata. Bez obzira na diskreciono pravo koje Odbor direktora ima prilikom odabira kandidata, Vi\u0161i sud je zaklju\u010dio da Odluka o izboru ne mo\u017ee biti done\u0161ena bez obrazlo\u017eenja. Tako\u0111e, Vi\u0161i sud ukazuje da pravo na obrazlo\u017eenje imaju kandidati koji su konkurisali, kao i \u0161ira javnost. Zato Vi\u0161i sud nala\u017ee Odboru direktora, ponovni izbor izme\u0111u prijavljenih kandidata na konkursu od 29.09.2021. godine. Shodno statutarnim i zakonskim ovla\u0161\u0107enjima, Odbor direktora je blagovremeno postupio po Presudama Osnovnog suda u Baru i Vi\u0161eg suda u Podgorici, pa je uslijedilo razrije\u0161enje Izvr\u0161nog direktora Ilije Pje\u0161\u010di\u0107a. Procedura je dalje nalagala ponovno razmatranje dostavljene dokumentacije trojice kandidata koji su ispunili uslove, po konkursu iz 2021. godine, njihovih biografija i Planova i programa rada za \u201dLuka Bar\u201d AD, \u00a0kao i Zapisnika sa usmenih intervjua koji su tada obavljeni sa kandidatima. Na osnovu navedene dokumentacije, a uz primjenu profesionalnih, stru\u010dnih i eti\u010dkih standarda u biranju najboljeg kandidata za mjesto izvr\u0161nog direktora \u201cLuka Bar\u201d AD, \u00a0uprkos kratkom vremenskom roku koji je ostavljen zbog postupanja po Presudi Vi\u0161eg suda. Odbor direktora je jednoglasno donio Odluku o imenovanju Ilije Pje\u0161\u010di\u0107a na mjesto Izvr\u0161nog direktora, te \u0107e tu funkciju g- din Pje\u0161\u010di\u0107 obavljati do 04.10.2025. godine. Konstatovano je da je g- din Pje\u0161\u010di\u0107 dostavio najkonkretniji i najrealniji Plan i program rada \u201cLuka Bar\u201d AD za mandatni period od 4 godine, \u0161to mu je dalo prednost u odnosu na ostale kandidate. Odbor direktora od svog imenovanja u ovom sastavu, u martu 2023. godine, razmatrao je i donosio niz veoma te\u0161kih i specifi\u010dnih odluka, po mnogim otvorenim i naslije\u0111enim pitanjima. Sa zadovoljstvom i uvjereno\u0161\u0107u mo\u017eemo konstatovati da smo sve odluke donijeli savjesno, profesionalno i stru\u010dno, a u najboljem interesu kompanije i zapo\u0161ljenih u njoj. Ista\u0107i \u0107emo ovom prilikom dono\u0161enje novog Akta o sistematizaciji radnih mjesta, uvo\u0111enje obaveznog ocjenjivanja i vrednovanja rada svih zapo\u0161ljenih, pokretanje aktivnosti na valorizaciji lu\u010dke imovine, niz realizovanih dru\u0161tveno odgovornih akcija o kojima \u0107emo javnost uskoro informisati, a kao najzna\u010dajniju izdvajamo sadnju 300 sadnica borova u lu\u010dkom podru\u010dju. Na sjednici Odbora direktora odr\u017eanoj pro\u0161le sedmice, done\u0161ena je Odluka o provjeri diploma svih zapo\u0161ljenih u \u201cLuka Bar\u201d AD. I dana\u0161njim postupanjem po presudi Vi\u0161eg suda u Podgorici i imenovanjem izvr\u0161nog direktora u ponovljenom postupku, kako je i nalo\u017eeno, \u0161titimo interese i poziciju \u201cLuka Bar\u201d AD, \u00a0\u0161to je uostalom i na\u0161 posao i glavni cilj i motiv u radu.<\/p>","protected":false},"author":1,"featured_media":15960,"comment_status":"open","ping_status":"open","sticky":false,"template":"","format":"standard","meta":{"footnotes":""},"categories":[17],"tags":[],"class_list":["post-16024","post","type-post","status-publish","format-standard","has-post-thumbnail","hentry","category-novosti"],"blocksy_meta":[],"yoast_head":"<!-- This site is optimized with the Yoast SEO plugin v27.5 - https:\/\/yoast.com\/product\/yoast-seo-wordpress\/ -->\n<title>Saop\u0161tenje za javnost<\/title>\n<meta name=\"description\" content=\"Postupaju\u0107i po presudi Vi\u0161eg suda u Podgorici, kojom se poni\u0161tava Odluka Odbora direktora br. OD\/220-3-b od 04.10.2021. godine i nala\u017ee da se izvr\u0161i\" \/>\n<meta name=\"robots\" content=\"index, follow, max-snippet:-1, max-image-preview:large, max-video-preview:-1\" \/>\n<link rel=\"canonical\" href=\"https:\/\/lukabar.me\/en\/saopstenje-za-javnost-4\/\" \/>\n<meta property=\"og:locale\" content=\"en_US\" \/>\n<meta property=\"og:type\" content=\"article\" \/>\n<meta property=\"og:title\" content=\"Saop\u0161tenje za javnost\" \/>\n<meta property=\"og:description\" content=\"Postupaju\u0107i po presudi Vi\u0161eg suda u Podgorici, kojom se poni\u0161tava Odluka Odbora direktora br. OD\/220-3-b od 04.10.2021. godine i nala\u017ee da se izvr\u0161i\" \/>\n<meta property=\"og:url\" content=\"https:\/\/lukabar.me\/en\/saopstenje-za-javnost-4\/\" \/>\n<meta property=\"og:site_name\" content=\"Luka Bar | Port of Bar - Connecting Montenegro to Global Trade\" \/>\n<meta property=\"article:publisher\" content=\"https:\/\/www.facebook.com\/portofbar\" \/>\n<meta property=\"article:published_time\" content=\"2023-11-28T07:32:00+00:00\" \/>\n<meta property=\"article:modified_time\" content=\"2024-08-21T07:33:49+00:00\" \/>\n<meta property=\"og:image\" content=\"https:\/\/lukabar.me\/wp-content\/uploads\/2024\/08\/Upravna-zgrada-1-scaled.jpg\" \/>\n\t<meta property=\"og:image:width\" content=\"2560\" \/>\n\t<meta property=\"og:image:height\" content=\"1440\" \/>\n\t<meta property=\"og:image:type\" content=\"image\/jpeg\" \/>\n<meta name=\"author\" content=\"qyqzntmy\" \/>\n<meta name=\"twitter:card\" content=\"summary_large_image\" \/>\n<meta name=\"twitter:creator\" content=\"@portofbar\" \/>\n<meta name=\"twitter:site\" content=\"@portofbar\" \/>\n<meta name=\"twitter:label1\" content=\"Written by\" \/>\n\t<meta name=\"twitter:data1\" content=\"qyqzntmy\" \/>\n\t<meta name=\"twitter:label2\" content=\"Est. reading time\" \/>\n\t<meta name=\"twitter:data2\" content=\"3 minutes\" \/>\n<script type=\"application\/ld+json\" class=\"yoast-schema-graph\">{\"@context\":\"https:\\\/\\\/schema.org\",\"@graph\":[{\"@type\":\"Article\",\"@id\":\"https:\\\/\\\/lukabar.me\\\/saopstenje-za-javnost-4\\\/#article\",\"isPartOf\":{\"@id\":\"https:\\\/\\\/lukabar.me\\\/saopstenje-za-javnost-4\\\/\"},\"author\":{\"name\":\"qyqzntmy\",\"@id\":\"https:\\\/\\\/lukabar.me\\\/#\\\/schema\\\/person\\\/84ccd15ea8529df078a6db7f01d0cf50\"},\"headline\":\"Saop\u0161tenje za javnost\",\"datePublished\":\"2023-11-28T07:32:00+00:00\",\"dateModified\":\"2024-08-21T07:33:49+00:00\",\"mainEntityOfPage\":{\"@id\":\"https:\\\/\\\/lukabar.me\\\/saopstenje-za-javnost-4\\\/\"},\"wordCount\":529,\"commentCount\":0,\"publisher\":{\"@id\":\"https:\\\/\\\/lukabar.me\\\/#organization\"},\"image\":{\"@id\":\"https:\\\/\\\/lukabar.me\\\/saopstenje-za-javnost-4\\\/#primaryimage\"},\"thumbnailUrl\":\"https:\\\/\\\/lukabar.me\\\/wp-content\\\/uploads\\\/2024\\\/08\\\/Upravna-zgrada-1-scaled.jpg\",\"articleSection\":[\"Novosti\"],\"inLanguage\":\"en-US\",\"potentialAction\":[{\"@type\":\"CommentAction\",\"name\":\"Comment\",\"target\":[\"https:\\\/\\\/lukabar.me\\\/saopstenje-za-javnost-4\\\/#respond\"]}]},{\"@type\":\"WebPage\",\"@id\":\"https:\\\/\\\/lukabar.me\\\/saopstenje-za-javnost-4\\\/\",\"url\":\"https:\\\/\\\/lukabar.me\\\/saopstenje-za-javnost-4\\\/\",\"name\":\"Saop\u0161tenje za javnost\",\"isPartOf\":{\"@id\":\"https:\\\/\\\/lukabar.me\\\/#website\"},\"primaryImageOfPage\":{\"@id\":\"https:\\\/\\\/lukabar.me\\\/saopstenje-za-javnost-4\\\/#primaryimage\"},\"image\":{\"@id\":\"https:\\\/\\\/lukabar.me\\\/saopstenje-za-javnost-4\\\/#primaryimage\"},\"thumbnailUrl\":\"https:\\\/\\\/lukabar.me\\\/wp-content\\\/uploads\\\/2024\\\/08\\\/Upravna-zgrada-1-scaled.jpg\",\"datePublished\":\"2023-11-28T07:32:00+00:00\",\"dateModified\":\"2024-08-21T07:33:49+00:00\",\"description\":\"Postupaju\u0107i po presudi Vi\u0161eg suda u Podgorici, kojom se poni\u0161tava Odluka Odbora direktora br. OD\\\/220-3-b od 04.10.2021. godine i nala\u017ee da se izvr\u0161i\",\"breadcrumb\":{\"@id\":\"https:\\\/\\\/lukabar.me\\\/saopstenje-za-javnost-4\\\/#breadcrumb\"},\"inLanguage\":\"en-US\",\"potentialAction\":[{\"@type\":\"ReadAction\",\"target\":[\"https:\\\/\\\/lukabar.me\\\/saopstenje-za-javnost-4\\\/\"]}]},{\"@type\":\"ImageObject\",\"inLanguage\":\"en-US\",\"@id\":\"https:\\\/\\\/lukabar.me\\\/saopstenje-za-javnost-4\\\/#primaryimage\",\"url\":\"https:\\\/\\\/lukabar.me\\\/wp-content\\\/uploads\\\/2024\\\/08\\\/Upravna-zgrada-1-scaled.jpg\",\"contentUrl\":\"https:\\\/\\\/lukabar.me\\\/wp-content\\\/uploads\\\/2024\\\/08\\\/Upravna-zgrada-1-scaled.jpg\",\"width\":2560,\"height\":1440},{\"@type\":\"BreadcrumbList\",\"@id\":\"https:\\\/\\\/lukabar.me\\\/saopstenje-za-javnost-4\\\/#breadcrumb\",\"itemListElement\":[{\"@type\":\"ListItem\",\"position\":1,\"name\":\"Home\",\"item\":\"https:\\\/\\\/lukabar.me\\\/\"},{\"@type\":\"ListItem\",\"position\":2,\"name\":\"Saop\u0161tenje za javnost\"}]},{\"@type\":\"WebSite\",\"@id\":\"https:\\\/\\\/lukabar.me\\\/#website\",\"url\":\"https:\\\/\\\/lukabar.me\\\/\",\"name\":\"Luka Bar | Port of Bar - Connecting Montenegro to Global Trade\",\"description\":\"Svijet na Dohvat Luke | World Within Port&#039;s Reach\",\"publisher\":{\"@id\":\"https:\\\/\\\/lukabar.me\\\/#organization\"},\"alternateName\":\"Luka Bar | Port of Bar\",\"potentialAction\":[{\"@type\":\"SearchAction\",\"target\":{\"@type\":\"EntryPoint\",\"urlTemplate\":\"https:\\\/\\\/lukabar.me\\\/?s={search_term_string}\"},\"query-input\":{\"@type\":\"PropertyValueSpecification\",\"valueRequired\":true,\"valueName\":\"search_term_string\"}}],\"inLanguage\":\"en-US\"},{\"@type\":\"Organization\",\"@id\":\"https:\\\/\\\/lukabar.me\\\/#organization\",\"name\":\"Luka Bar | Port of Bar - Connecting Montenegro to Global Trade\",\"alternateName\":\"Luka Bar | Port of Bar\",\"url\":\"https:\\\/\\\/lukabar.me\\\/\",\"logo\":{\"@type\":\"ImageObject\",\"inLanguage\":\"en-US\",\"@id\":\"https:\\\/\\\/lukabar.me\\\/#\\\/schema\\\/logo\\\/image\\\/\",\"url\":\"https:\\\/\\\/lukabar.me\\\/wp-content\\\/uploads\\\/2025\\\/01\\\/lukabar-logo-seo-01-scaled.jpg\",\"contentUrl\":\"https:\\\/\\\/lukabar.me\\\/wp-content\\\/uploads\\\/2025\\\/01\\\/lukabar-logo-seo-01-scaled.jpg\",\"width\":2560,\"height\":2560,\"caption\":\"Luka Bar | Port of Bar - Connecting Montenegro to Global Trade\"},\"image\":{\"@id\":\"https:\\\/\\\/lukabar.me\\\/#\\\/schema\\\/logo\\\/image\\\/\"},\"sameAs\":[\"https:\\\/\\\/www.facebook.com\\\/portofbar\",\"https:\\\/\\\/x.com\\\/portofbar\",\"https:\\\/\\\/instagram.com\\\/portofbar\",\"https:\\\/\\\/www.linkedin.com\\\/company\\\/port-of-bar\",\"https:\\\/\\\/www.youtube.com\\\/@portofbarmontenegro\"]},{\"@type\":\"Person\",\"@id\":\"https:\\\/\\\/lukabar.me\\\/#\\\/schema\\\/person\\\/84ccd15ea8529df078a6db7f01d0cf50\",\"name\":\"qyqzntmy\",\"image\":{\"@type\":\"ImageObject\",\"inLanguage\":\"en-US\",\"@id\":\"https:\\\/\\\/secure.gravatar.com\\\/avatar\\\/34512178c8047217f2f61ffdd71737957c3b33f2936e498c6153ae6dab2989ba?s=96&d=mm&r=g\",\"url\":\"https:\\\/\\\/secure.gravatar.com\\\/avatar\\\/34512178c8047217f2f61ffdd71737957c3b33f2936e498c6153ae6dab2989ba?s=96&d=mm&r=g\",\"contentUrl\":\"https:\\\/\\\/secure.gravatar.com\\\/avatar\\\/34512178c8047217f2f61ffdd71737957c3b33f2936e498c6153ae6dab2989ba?s=96&d=mm&r=g\",\"caption\":\"qyqzntmy\"},\"sameAs\":[\"https:\\\/\\\/lukabar.me\"],\"url\":\"https:\\\/\\\/lukabar.me\\\/en\\\/author\\\/qyqzntmy\\\/\"}]}<\/script>\n<!-- \/ Yoast SEO plugin. -->","yoast_head_json":{"title":"Press release","description":"Postupaju\u0107i po presudi Vi\u0161eg suda u Podgorici, kojom se poni\u0161tava Odluka Odbora direktora br. OD\/220-3-b od 04.10.2021. godine i nala\u017ee da se izvr\u0161i","robots":{"index":"index","follow":"follow","max-snippet":"max-snippet:-1","max-image-preview":"max-image-preview:large","max-video-preview":"max-video-preview:-1"},"canonical":"https:\/\/lukabar.me\/en\/saopstenje-za-javnost-4\/","og_locale":"en_US","og_type":"article","og_title":"Saop\u0161tenje za javnost","og_description":"Postupaju\u0107i po presudi Vi\u0161eg suda u Podgorici, kojom se poni\u0161tava Odluka Odbora direktora br. OD\/220-3-b od 04.10.2021. godine i nala\u017ee da se izvr\u0161i","og_url":"https:\/\/lukabar.me\/en\/saopstenje-za-javnost-4\/","og_site_name":"Luka Bar | Port of Bar - Connecting Montenegro to Global Trade","article_publisher":"https:\/\/www.facebook.com\/portofbar","article_published_time":"2023-11-28T07:32:00+00:00","article_modified_time":"2024-08-21T07:33:49+00:00","og_image":[{"width":2560,"height":1440,"url":"https:\/\/lukabar.me\/wp-content\/uploads\/2024\/08\/Upravna-zgrada-1-scaled.jpg","type":"image\/jpeg"}],"author":"qyqzntmy","twitter_card":"summary_large_image","twitter_creator":"@portofbar","twitter_site":"@portofbar","twitter_misc":{"Written by":"qyqzntmy","Est. reading time":"3 minutes"},"schema":{"@context":"https:\/\/schema.org","@graph":[{"@type":"Article","@id":"https:\/\/lukabar.me\/saopstenje-za-javnost-4\/#article","isPartOf":{"@id":"https:\/\/lukabar.me\/saopstenje-za-javnost-4\/"},"author":{"name":"qyqzntmy","@id":"https:\/\/lukabar.me\/#\/schema\/person\/84ccd15ea8529df078a6db7f01d0cf50"},"headline":"Saop\u0161tenje za javnost","datePublished":"2023-11-28T07:32:00+00:00","dateModified":"2024-08-21T07:33:49+00:00","mainEntityOfPage":{"@id":"https:\/\/lukabar.me\/saopstenje-za-javnost-4\/"},"wordCount":529,"commentCount":0,"publisher":{"@id":"https:\/\/lukabar.me\/#organization"},"image":{"@id":"https:\/\/lukabar.me\/saopstenje-za-javnost-4\/#primaryimage"},"thumbnailUrl":"https:\/\/lukabar.me\/wp-content\/uploads\/2024\/08\/Upravna-zgrada-1-scaled.jpg","articleSection":["Novosti"],"inLanguage":"en-US","potentialAction":[{"@type":"CommentAction","name":"Comment","target":["https:\/\/lukabar.me\/saopstenje-za-javnost-4\/#respond"]}]},{"@type":"WebPage","@id":"https:\/\/lukabar.me\/saopstenje-za-javnost-4\/","url":"https:\/\/lukabar.me\/saopstenje-za-javnost-4\/","name":"Press release","isPartOf":{"@id":"https:\/\/lukabar.me\/#website"},"primaryImageOfPage":{"@id":"https:\/\/lukabar.me\/saopstenje-za-javnost-4\/#primaryimage"},"image":{"@id":"https:\/\/lukabar.me\/saopstenje-za-javnost-4\/#primaryimage"},"thumbnailUrl":"https:\/\/lukabar.me\/wp-content\/uploads\/2024\/08\/Upravna-zgrada-1-scaled.jpg","datePublished":"2023-11-28T07:32:00+00:00","dateModified":"2024-08-21T07:33:49+00:00","description":"Postupaju\u0107i po presudi Vi\u0161eg suda u Podgorici, kojom se poni\u0161tava Odluka Odbora direktora br. OD\/220-3-b od 04.10.2021. godine i nala\u017ee da se izvr\u0161i","breadcrumb":{"@id":"https:\/\/lukabar.me\/saopstenje-za-javnost-4\/#breadcrumb"},"inLanguage":"en-US","potentialAction":[{"@type":"ReadAction","target":["https:\/\/lukabar.me\/saopstenje-za-javnost-4\/"]}]},{"@type":"ImageObject","inLanguage":"en-US","@id":"https:\/\/lukabar.me\/saopstenje-za-javnost-4\/#primaryimage","url":"https:\/\/lukabar.me\/wp-content\/uploads\/2024\/08\/Upravna-zgrada-1-scaled.jpg","contentUrl":"https:\/\/lukabar.me\/wp-content\/uploads\/2024\/08\/Upravna-zgrada-1-scaled.jpg","width":2560,"height":1440},{"@type":"BreadcrumbList","@id":"https:\/\/lukabar.me\/saopstenje-za-javnost-4\/#breadcrumb","itemListElement":[{"@type":"ListItem","position":1,"name":"Home","item":"https:\/\/lukabar.me\/"},{"@type":"ListItem","position":2,"name":"Saop\u0161tenje za javnost"}]},{"@type":"WebSite","@id":"https:\/\/lukabar.me\/#website","url":"https:\/\/lukabar.me\/","name":"Port of Bar | Port of Bar - Connecting Montenegro to Global Trade","description":"World at the Reach of Luke | World Within Port&#039;s Reach","publisher":{"@id":"https:\/\/lukabar.me\/#organization"},"alternateName":"Luka Bar | Port of Bar","potentialAction":[{"@type":"SearchAction","target":{"@type":"EntryPoint","urlTemplate":"https:\/\/lukabar.me\/?s={search_term_string}"},"query-input":{"@type":"PropertyValueSpecification","valueRequired":true,"valueName":"search_term_string"}}],"inLanguage":"en-US"},{"@type":"Organization","@id":"https:\/\/lukabar.me\/#organization","name":"Port of Bar | Port of Bar - Connecting Montenegro to Global Trade","alternateName":"Luka Bar | Port of Bar","url":"https:\/\/lukabar.me\/","logo":{"@type":"ImageObject","inLanguage":"en-US","@id":"https:\/\/lukabar.me\/#\/schema\/logo\/image\/","url":"https:\/\/lukabar.me\/wp-content\/uploads\/2025\/01\/lukabar-logo-seo-01-scaled.jpg","contentUrl":"https:\/\/lukabar.me\/wp-content\/uploads\/2025\/01\/lukabar-logo-seo-01-scaled.jpg","width":2560,"height":2560,"caption":"Luka Bar | Port of Bar - Connecting Montenegro to Global Trade"},"image":{"@id":"https:\/\/lukabar.me\/#\/schema\/logo\/image\/"},"sameAs":["https:\/\/www.facebook.com\/portofbar","https:\/\/x.com\/portofbar","https:\/\/instagram.com\/portofbar","https:\/\/www.linkedin.com\/company\/port-of-bar","https:\/\/www.youtube.com\/@portofbarmontenegro"]},{"@type":"Person","@id":"https:\/\/lukabar.me\/#\/schema\/person\/84ccd15ea8529df078a6db7f01d0cf50","name":"qyqzntmy","image":{"@type":"ImageObject","inLanguage":"en-US","@id":"https:\/\/secure.gravatar.com\/avatar\/34512178c8047217f2f61ffdd71737957c3b33f2936e498c6153ae6dab2989ba?s=96&d=mm&r=g","url":"https:\/\/secure.gravatar.com\/avatar\/34512178c8047217f2f61ffdd71737957c3b33f2936e498c6153ae6dab2989ba?s=96&d=mm&r=g","contentUrl":"https:\/\/secure.gravatar.com\/avatar\/34512178c8047217f2f61ffdd71737957c3b33f2936e498c6153ae6dab2989ba?s=96&d=mm&r=g","caption":"qyqzntmy"},"sameAs":["https:\/\/lukabar.me"],"url":"https:\/\/lukabar.me\/en\/author\/qyqzntmy\/"}]}},"_links":{"self":[{"href":"https:\/\/lukabar.me\/en\/wp-json\/wp\/v2\/posts\/16024","targetHints":{"allow":["GET"]}}],"collection":[{"href":"https:\/\/lukabar.me\/en\/wp-json\/wp\/v2\/posts"}],"about":[{"href":"https:\/\/lukabar.me\/en\/wp-json\/wp\/v2\/types\/post"}],"author":[{"embeddable":true,"href":"https:\/\/lukabar.me\/en\/wp-json\/wp\/v2\/users\/1"}],"replies":[{"embeddable":true,"href":"https:\/\/lukabar.me\/en\/wp-json\/wp\/v2\/comments?post=16024"}],"version-history":[{"count":4,"href":"https:\/\/lukabar.me\/en\/wp-json\/wp\/v2\/posts\/16024\/revisions"}],"predecessor-version":[{"id":16033,"href":"https:\/\/lukabar.me\/en\/wp-json\/wp\/v2\/posts\/16024\/revisions\/16033"}],"wp:featuredmedia":[{"embeddable":true,"href":"https:\/\/lukabar.me\/en\/wp-json\/wp\/v2\/media\/15960"}],"wp:attachment":[{"href":"https:\/\/lukabar.me\/en\/wp-json\/wp\/v2\/media?parent=16024"}],"wp:term":[{"taxonomy":"category","embeddable":true,"href":"https:\/\/lukabar.me\/en\/wp-json\/wp\/v2\/categories?post=16024"},{"taxonomy":"post_tag","embeddable":true,"href":"https:\/\/lukabar.me\/en\/wp-json\/wp\/v2\/tags?post=16024"}],"curies":[{"name":"wp","href":"https:\/\/api.w.org\/{rel}","templated":true}]}}