{"id":16041,"date":"2023-12-05T09:36:00","date_gmt":"2023-12-05T07:36:00","guid":{"rendered":"https:\/\/lukabar.me\/?p=16041"},"modified":"2024-08-21T09:39:38","modified_gmt":"2024-08-21T07:39:38","slug":"zamjenik-predsjednika-odbora-direktora-ucestvovao-na-sastanku-u-uniji-poslodavaca-srbije","status":"publish","type":"post","link":"https:\/\/lukabar.me\/en\/zamjenik-predsjednika-odbora-direktora-ucestvovao-na-sastanku-u-uniji-poslodavaca-srbije\/","title":{"rendered":"Zamjenik predsjednika Odbora direktora u\u010destvovao na sastanku u Uniji poslodavaca Srbije"},"content":{"rendered":"<div data-elementor-type=\"wp-post\" data-elementor-id=\"16041\" class=\"elementor elementor-16041\">\n\t\t\t\t<div class=\"elementor-element elementor-element-5ad5d9f e-flex e-con-boxed wpr-particle-no wpr-jarallax-no wpr-parallax-no wpr-sticky-section-no wpr-equal-height-no e-con e-parent\" data-id=\"5ad5d9f\" data-element_type=\"container\" data-e-type=\"container\">\n\t\t\t\t\t<div class=\"e-con-inner\">\n\t\t\t\t<div class=\"elementor-element elementor-element-a04fe43 de_scroll_animation_no exad-sticky-section-no exad-glass-effect-no elementor-widget elementor-widget-text-editor\" data-id=\"a04fe43\" data-element_type=\"widget\" data-e-type=\"widget\" data-widget_type=\"text-editor.default\">\n\t\t\t\t<div class=\"elementor-widget-container\">\n\t\t\t\t\t\t\t\t\t<p>Zamjenik predsjednika Odbora direktora, Marko Mara\u0161 je kao \u010dlan delegacije Unije poslodavaca Crne Gore, u\u010destvovao na sastanku koji je organizovan u Uniji poslodavaca Srbije. Na sastanku je bilo rije\u010di o poslovnom ambijentu i biznis barijerama, tr\u017ei\u0161tu rada, prometu ljudi, roba i usluga izme\u0111u dvije dr\u017eave. Sastanku je prisustvovao i otpravnik poslova u Ambasadi Crne Gore u Srbiji, Predrag Mitrovi\u0107.<\/p><p>Unija poslodavaca Crne Gore i Unija poslodavaca Srbije zajedni\u010dki se zala\u017eu za ukidanje barijera izme\u0111u dva nacionalna tr\u017ei\u0161ta, kao i ve\u0107u saradnju, kako ovih poslodava\u010dkih organizacija, tako i dvije privrede u cjelini.<\/p><p>Mara\u0161 je prisutnima prezentovao ulogu Luke Bar u crnogorskoj privredi, njen zna\u010daj za dalji razvoj i unapre\u0111enje regionalne povezanosti i saradnje. Valorizacija punih kapaciteta Luke Bar, njeno bolje infrastrukturno povezivanje sa zale\u0111em, prije svega sa Srbijom, prema kojoj prirodno gravitira, od izuzetnog su zna\u010daja ne samo za Crnu Goru, ve\u0107 za cijeli region. U tom smislu, Mara\u0161 je iskazao punu spremnost rukovodstva Luke Bar da u\u010destvuje u svim aktivnostima \u010diji \u0107e rezultat biti ukidanje biznis barijera, bolja trgovinska razmjena, otvaranje tr\u017ei\u0161ta, a naro\u010dito bolje, modernije i efikasnije razvijanje putne i \u017eeljezni\u010dke infrastrukture.<\/p><p>Ovom zna\u010dajnom sastanku, na kojem su identifikovani glavni problemi u me\u0111usobnom funkcionisanju dvije privrede, ali i razmatrani modeli njihovog prevazila\u017eenja, prisustvovali su i predstavnici crnogorskih kompanija CEDIS, Budvanska rivijera, Aerodromi Crne Gore, Data lab, Investteam LLC, Tina Time i Volim Podgoricu.<\/p>\t\t\t\t\t\t\t\t<\/div>\n\t\t\t\t<\/div>\n\t\t\t\t\t<\/div>\n\t\t\t\t<\/div>\n\t\t\t\t<\/div>","protected":false},"excerpt":{"rendered":"<p>Zamjenik predsjednika Odbora direktora, Marko Mara\u0161 je kao \u010dlan delegacije Unije poslodavaca Crne Gore, u\u010destvovao na sastanku koji je organizovan u Uniji poslodavaca Srbije. Na sastanku je bilo rije\u010di o poslovnom ambijentu i biznis barijerama, tr\u017ei\u0161tu rada, prometu ljudi, roba i usluga izme\u0111u dvije dr\u017eave. Sastanku je prisustvovao i otpravnik poslova u Ambasadi Crne Gore u Srbiji, Predrag Mitrovi\u0107. Unija poslodavaca Crne Gore i Unija poslodavaca Srbije zajedni\u010dki se zala\u017eu za ukidanje barijera izme\u0111u dva nacionalna tr\u017ei\u0161ta, kao i ve\u0107u saradnju, kako ovih poslodava\u010dkih organizacija, tako i dvije privrede u cjelini. Mara\u0161 je prisutnima prezentovao ulogu Luke Bar u crnogorskoj privredi, njen zna\u010daj za dalji razvoj i unapre\u0111enje regionalne povezanosti i saradnje. Valorizacija punih kapaciteta Luke Bar, njeno bolje infrastrukturno povezivanje sa zale\u0111em, prije svega sa Srbijom, prema kojoj prirodno gravitira, od izuzetnog su zna\u010daja ne samo za Crnu Goru, ve\u0107 za cijeli region. U tom smislu, Mara\u0161 je iskazao punu spremnost rukovodstva Luke Bar da u\u010destvuje u svim aktivnostima \u010diji \u0107e rezultat biti ukidanje biznis barijera, bolja trgovinska razmjena, otvaranje tr\u017ei\u0161ta, a naro\u010dito bolje, modernije i efikasnije razvijanje putne i \u017eeljezni\u010dke infrastrukture. Ovom zna\u010dajnom sastanku, na kojem su identifikovani glavni problemi u me\u0111usobnom funkcionisanju dvije privrede, ali i razmatrani modeli njihovog prevazila\u017eenja, prisustvovali su i predstavnici crnogorskih kompanija CEDIS, Budvanska rivijera, Aerodromi Crne Gore, Data lab, Investteam LLC, Tina Time i Volim Podgoricu.<\/p>","protected":false},"author":1,"featured_media":16043,"comment_status":"open","ping_status":"open","sticky":false,"template":"","format":"standard","meta":{"footnotes":""},"categories":[17],"tags":[],"class_list":["post-16041","post","type-post","status-publish","format-standard","has-post-thumbnail","hentry","category-novosti"],"blocksy_meta":[],"yoast_head":"<!-- This site is optimized with the Yoast SEO plugin v27.5 - https:\/\/yoast.com\/product\/yoast-seo-wordpress\/ -->\n<title>Zamjenik predsjednika Odbora direktora u\u010destvovao na sastanku u Uniji poslodavaca Srbije<\/title>\n<meta name=\"description\" content=\"Zamjenik predsjednika Odbora direktora, Marko Mara\u0161 je kao \u010dlan delegacije Unije poslodavaca Crne Gore, u\u010destvovao na sastanku koji je organizovan u Uniji\" \/>\n<meta name=\"robots\" content=\"index, follow, max-snippet:-1, max-image-preview:large, max-video-preview:-1\" \/>\n<link rel=\"canonical\" href=\"https:\/\/lukabar.me\/en\/zamjenik-predsjednika-odbora-direktora-ucestvovao-na-sastanku-u-uniji-poslodavaca-srbije\/\" \/>\n<meta property=\"og:locale\" content=\"en_US\" \/>\n<meta property=\"og:type\" content=\"article\" \/>\n<meta property=\"og:title\" content=\"Zamjenik predsjednika Odbora direktora u\u010destvovao na sastanku u Uniji poslodavaca Srbije\" \/>\n<meta property=\"og:description\" content=\"Zamjenik predsjednika Odbora direktora, Marko Mara\u0161 je kao \u010dlan delegacije Unije poslodavaca Crne Gore, u\u010destvovao na sastanku koji je organizovan u Uniji\" \/>\n<meta property=\"og:url\" content=\"https:\/\/lukabar.me\/en\/zamjenik-predsjednika-odbora-direktora-ucestvovao-na-sastanku-u-uniji-poslodavaca-srbije\/\" \/>\n<meta property=\"og:site_name\" content=\"Luka Bar | Port of Bar - Connecting Montenegro to Global Trade\" \/>\n<meta property=\"article:publisher\" content=\"https:\/\/www.facebook.com\/portofbar\" \/>\n<meta property=\"article:published_time\" content=\"2023-12-05T07:36:00+00:00\" \/>\n<meta property=\"article:modified_time\" content=\"2024-08-21T07:39:38+00:00\" \/>\n<meta property=\"og:image\" content=\"https:\/\/lukabar.me\/wp-content\/uploads\/2024\/08\/Zamjenik-predsjednika-Odbora-direktora-ucestvovao-na-sastanku-u-Uniji-poslodavaca-Srbije.jpg\" \/>\n\t<meta property=\"og:image:width\" content=\"1170\" \/>\n\t<meta property=\"og:image:height\" content=\"540\" \/>\n\t<meta property=\"og:image:type\" content=\"image\/jpeg\" \/>\n<meta name=\"author\" content=\"qyqzntmy\" \/>\n<meta name=\"twitter:card\" content=\"summary_large_image\" \/>\n<meta name=\"twitter:creator\" content=\"@portofbar\" \/>\n<meta name=\"twitter:site\" content=\"@portofbar\" \/>\n<meta name=\"twitter:label1\" content=\"Written by\" \/>\n\t<meta name=\"twitter:data1\" content=\"qyqzntmy\" \/>\n\t<meta name=\"twitter:label2\" content=\"Est. reading time\" \/>\n\t<meta name=\"twitter:data2\" content=\"1 minute\" \/>\n<script type=\"application\/ld+json\" class=\"yoast-schema-graph\">{\"@context\":\"https:\\\/\\\/schema.org\",\"@graph\":[{\"@type\":\"Article\",\"@id\":\"https:\\\/\\\/lukabar.me\\\/zamjenik-predsjednika-odbora-direktora-ucestvovao-na-sastanku-u-uniji-poslodavaca-srbije\\\/#article\",\"isPartOf\":{\"@id\":\"https:\\\/\\\/lukabar.me\\\/zamjenik-predsjednika-odbora-direktora-ucestvovao-na-sastanku-u-uniji-poslodavaca-srbije\\\/\"},\"author\":{\"name\":\"qyqzntmy\",\"@id\":\"https:\\\/\\\/lukabar.me\\\/#\\\/schema\\\/person\\\/84ccd15ea8529df078a6db7f01d0cf50\"},\"headline\":\"Zamjenik predsjednika Odbora direktora u\u010destvovao na sastanku u Uniji poslodavaca Srbije\",\"datePublished\":\"2023-12-05T07:36:00+00:00\",\"dateModified\":\"2024-08-21T07:39:38+00:00\",\"mainEntityOfPage\":{\"@id\":\"https:\\\/\\\/lukabar.me\\\/zamjenik-predsjednika-odbora-direktora-ucestvovao-na-sastanku-u-uniji-poslodavaca-srbije\\\/\"},\"wordCount\":261,\"commentCount\":0,\"publisher\":{\"@id\":\"https:\\\/\\\/lukabar.me\\\/#organization\"},\"image\":{\"@id\":\"https:\\\/\\\/lukabar.me\\\/zamjenik-predsjednika-odbora-direktora-ucestvovao-na-sastanku-u-uniji-poslodavaca-srbije\\\/#primaryimage\"},\"thumbnailUrl\":\"https:\\\/\\\/lukabar.me\\\/wp-content\\\/uploads\\\/2024\\\/08\\\/Zamjenik-predsjednika-Odbora-direktora-ucestvovao-na-sastanku-u-Uniji-poslodavaca-Srbije.jpg\",\"articleSection\":[\"Novosti\"],\"inLanguage\":\"en-US\",\"potentialAction\":[{\"@type\":\"CommentAction\",\"name\":\"Comment\",\"target\":[\"https:\\\/\\\/lukabar.me\\\/zamjenik-predsjednika-odbora-direktora-ucestvovao-na-sastanku-u-uniji-poslodavaca-srbije\\\/#respond\"]}]},{\"@type\":\"WebPage\",\"@id\":\"https:\\\/\\\/lukabar.me\\\/zamjenik-predsjednika-odbora-direktora-ucestvovao-na-sastanku-u-uniji-poslodavaca-srbije\\\/\",\"url\":\"https:\\\/\\\/lukabar.me\\\/zamjenik-predsjednika-odbora-direktora-ucestvovao-na-sastanku-u-uniji-poslodavaca-srbije\\\/\",\"name\":\"Zamjenik predsjednika Odbora direktora u\u010destvovao na sastanku u Uniji poslodavaca Srbije\",\"isPartOf\":{\"@id\":\"https:\\\/\\\/lukabar.me\\\/#website\"},\"primaryImageOfPage\":{\"@id\":\"https:\\\/\\\/lukabar.me\\\/zamjenik-predsjednika-odbora-direktora-ucestvovao-na-sastanku-u-uniji-poslodavaca-srbije\\\/#primaryimage\"},\"image\":{\"@id\":\"https:\\\/\\\/lukabar.me\\\/zamjenik-predsjednika-odbora-direktora-ucestvovao-na-sastanku-u-uniji-poslodavaca-srbije\\\/#primaryimage\"},\"thumbnailUrl\":\"https:\\\/\\\/lukabar.me\\\/wp-content\\\/uploads\\\/2024\\\/08\\\/Zamjenik-predsjednika-Odbora-direktora-ucestvovao-na-sastanku-u-Uniji-poslodavaca-Srbije.jpg\",\"datePublished\":\"2023-12-05T07:36:00+00:00\",\"dateModified\":\"2024-08-21T07:39:38+00:00\",\"description\":\"Zamjenik predsjednika Odbora direktora, Marko Mara\u0161 je kao \u010dlan delegacije Unije poslodavaca Crne Gore, u\u010destvovao na sastanku koji je organizovan u Uniji\",\"breadcrumb\":{\"@id\":\"https:\\\/\\\/lukabar.me\\\/zamjenik-predsjednika-odbora-direktora-ucestvovao-na-sastanku-u-uniji-poslodavaca-srbije\\\/#breadcrumb\"},\"inLanguage\":\"en-US\",\"potentialAction\":[{\"@type\":\"ReadAction\",\"target\":[\"https:\\\/\\\/lukabar.me\\\/zamjenik-predsjednika-odbora-direktora-ucestvovao-na-sastanku-u-uniji-poslodavaca-srbije\\\/\"]}]},{\"@type\":\"ImageObject\",\"inLanguage\":\"en-US\",\"@id\":\"https:\\\/\\\/lukabar.me\\\/zamjenik-predsjednika-odbora-direktora-ucestvovao-na-sastanku-u-uniji-poslodavaca-srbije\\\/#primaryimage\",\"url\":\"https:\\\/\\\/lukabar.me\\\/wp-content\\\/uploads\\\/2024\\\/08\\\/Zamjenik-predsjednika-Odbora-direktora-ucestvovao-na-sastanku-u-Uniji-poslodavaca-Srbije.jpg\",\"contentUrl\":\"https:\\\/\\\/lukabar.me\\\/wp-content\\\/uploads\\\/2024\\\/08\\\/Zamjenik-predsjednika-Odbora-direktora-ucestvovao-na-sastanku-u-Uniji-poslodavaca-Srbije.jpg\",\"width\":1170,\"height\":540},{\"@type\":\"BreadcrumbList\",\"@id\":\"https:\\\/\\\/lukabar.me\\\/zamjenik-predsjednika-odbora-direktora-ucestvovao-na-sastanku-u-uniji-poslodavaca-srbije\\\/#breadcrumb\",\"itemListElement\":[{\"@type\":\"ListItem\",\"position\":1,\"name\":\"Home\",\"item\":\"https:\\\/\\\/lukabar.me\\\/\"},{\"@type\":\"ListItem\",\"position\":2,\"name\":\"Zamjenik predsjednika Odbora direktora u\u010destvovao na sastanku u Uniji poslodavaca Srbije\"}]},{\"@type\":\"WebSite\",\"@id\":\"https:\\\/\\\/lukabar.me\\\/#website\",\"url\":\"https:\\\/\\\/lukabar.me\\\/\",\"name\":\"Luka Bar | Port of Bar - Connecting Montenegro to Global Trade\",\"description\":\"Svijet na Dohvat Luke | World Within Port&#039;s Reach\",\"publisher\":{\"@id\":\"https:\\\/\\\/lukabar.me\\\/#organization\"},\"alternateName\":\"Luka Bar | Port of Bar\",\"potentialAction\":[{\"@type\":\"SearchAction\",\"target\":{\"@type\":\"EntryPoint\",\"urlTemplate\":\"https:\\\/\\\/lukabar.me\\\/?s={search_term_string}\"},\"query-input\":{\"@type\":\"PropertyValueSpecification\",\"valueRequired\":true,\"valueName\":\"search_term_string\"}}],\"inLanguage\":\"en-US\"},{\"@type\":\"Organization\",\"@id\":\"https:\\\/\\\/lukabar.me\\\/#organization\",\"name\":\"Luka Bar | Port of Bar - Connecting Montenegro to Global Trade\",\"alternateName\":\"Luka Bar | Port of Bar\",\"url\":\"https:\\\/\\\/lukabar.me\\\/\",\"logo\":{\"@type\":\"ImageObject\",\"inLanguage\":\"en-US\",\"@id\":\"https:\\\/\\\/lukabar.me\\\/#\\\/schema\\\/logo\\\/image\\\/\",\"url\":\"https:\\\/\\\/lukabar.me\\\/wp-content\\\/uploads\\\/2025\\\/01\\\/lukabar-logo-seo-01-scaled.jpg\",\"contentUrl\":\"https:\\\/\\\/lukabar.me\\\/wp-content\\\/uploads\\\/2025\\\/01\\\/lukabar-logo-seo-01-scaled.jpg\",\"width\":2560,\"height\":2560,\"caption\":\"Luka Bar | Port of Bar - Connecting Montenegro to Global Trade\"},\"image\":{\"@id\":\"https:\\\/\\\/lukabar.me\\\/#\\\/schema\\\/logo\\\/image\\\/\"},\"sameAs\":[\"https:\\\/\\\/www.facebook.com\\\/portofbar\",\"https:\\\/\\\/x.com\\\/portofbar\",\"https:\\\/\\\/instagram.com\\\/portofbar\",\"https:\\\/\\\/www.linkedin.com\\\/company\\\/port-of-bar\",\"https:\\\/\\\/www.youtube.com\\\/@portofbarmontenegro\"]},{\"@type\":\"Person\",\"@id\":\"https:\\\/\\\/lukabar.me\\\/#\\\/schema\\\/person\\\/84ccd15ea8529df078a6db7f01d0cf50\",\"name\":\"qyqzntmy\",\"image\":{\"@type\":\"ImageObject\",\"inLanguage\":\"en-US\",\"@id\":\"https:\\\/\\\/secure.gravatar.com\\\/avatar\\\/34512178c8047217f2f61ffdd71737957c3b33f2936e498c6153ae6dab2989ba?s=96&d=mm&r=g\",\"url\":\"https:\\\/\\\/secure.gravatar.com\\\/avatar\\\/34512178c8047217f2f61ffdd71737957c3b33f2936e498c6153ae6dab2989ba?s=96&d=mm&r=g\",\"contentUrl\":\"https:\\\/\\\/secure.gravatar.com\\\/avatar\\\/34512178c8047217f2f61ffdd71737957c3b33f2936e498c6153ae6dab2989ba?s=96&d=mm&r=g\",\"caption\":\"qyqzntmy\"},\"sameAs\":[\"https:\\\/\\\/lukabar.me\"],\"url\":\"https:\\\/\\\/lukabar.me\\\/en\\\/author\\\/qyqzntmy\\\/\"}]}<\/script>\n<!-- \/ Yoast SEO plugin. -->","yoast_head_json":{"title":"Zamjenik predsjednika Odbora direktora u\u010destvovao na sastanku u Uniji poslodavaca Srbije","description":"Zamjenik predsjednika Odbora direktora, Marko Mara\u0161 je kao \u010dlan delegacije Unije poslodavaca Crne Gore, u\u010destvovao na sastanku koji je organizovan u Uniji","robots":{"index":"index","follow":"follow","max-snippet":"max-snippet:-1","max-image-preview":"max-image-preview:large","max-video-preview":"max-video-preview:-1"},"canonical":"https:\/\/lukabar.me\/en\/zamjenik-predsjednika-odbora-direktora-ucestvovao-na-sastanku-u-uniji-poslodavaca-srbije\/","og_locale":"en_US","og_type":"article","og_title":"Zamjenik predsjednika Odbora direktora u\u010destvovao na sastanku u Uniji poslodavaca Srbije","og_description":"Zamjenik predsjednika Odbora direktora, Marko Mara\u0161 je kao \u010dlan delegacije Unije poslodavaca Crne Gore, u\u010destvovao na sastanku koji je organizovan u Uniji","og_url":"https:\/\/lukabar.me\/en\/zamjenik-predsjednika-odbora-direktora-ucestvovao-na-sastanku-u-uniji-poslodavaca-srbije\/","og_site_name":"Luka Bar | Port of Bar - Connecting Montenegro to Global Trade","article_publisher":"https:\/\/www.facebook.com\/portofbar","article_published_time":"2023-12-05T07:36:00+00:00","article_modified_time":"2024-08-21T07:39:38+00:00","og_image":[{"width":1170,"height":540,"url":"https:\/\/lukabar.me\/wp-content\/uploads\/2024\/08\/Zamjenik-predsjednika-Odbora-direktora-ucestvovao-na-sastanku-u-Uniji-poslodavaca-Srbije.jpg","type":"image\/jpeg"}],"author":"qyqzntmy","twitter_card":"summary_large_image","twitter_creator":"@portofbar","twitter_site":"@portofbar","twitter_misc":{"Written by":"qyqzntmy","Est. reading time":"1 minute"},"schema":{"@context":"https:\/\/schema.org","@graph":[{"@type":"Article","@id":"https:\/\/lukabar.me\/zamjenik-predsjednika-odbora-direktora-ucestvovao-na-sastanku-u-uniji-poslodavaca-srbije\/#article","isPartOf":{"@id":"https:\/\/lukabar.me\/zamjenik-predsjednika-odbora-direktora-ucestvovao-na-sastanku-u-uniji-poslodavaca-srbije\/"},"author":{"name":"qyqzntmy","@id":"https:\/\/lukabar.me\/#\/schema\/person\/84ccd15ea8529df078a6db7f01d0cf50"},"headline":"Zamjenik predsjednika Odbora direktora u\u010destvovao na sastanku u Uniji poslodavaca Srbije","datePublished":"2023-12-05T07:36:00+00:00","dateModified":"2024-08-21T07:39:38+00:00","mainEntityOfPage":{"@id":"https:\/\/lukabar.me\/zamjenik-predsjednika-odbora-direktora-ucestvovao-na-sastanku-u-uniji-poslodavaca-srbije\/"},"wordCount":261,"commentCount":0,"publisher":{"@id":"https:\/\/lukabar.me\/#organization"},"image":{"@id":"https:\/\/lukabar.me\/zamjenik-predsjednika-odbora-direktora-ucestvovao-na-sastanku-u-uniji-poslodavaca-srbije\/#primaryimage"},"thumbnailUrl":"https:\/\/lukabar.me\/wp-content\/uploads\/2024\/08\/Zamjenik-predsjednika-Odbora-direktora-ucestvovao-na-sastanku-u-Uniji-poslodavaca-Srbije.jpg","articleSection":["Novosti"],"inLanguage":"en-US","potentialAction":[{"@type":"CommentAction","name":"Comment","target":["https:\/\/lukabar.me\/zamjenik-predsjednika-odbora-direktora-ucestvovao-na-sastanku-u-uniji-poslodavaca-srbije\/#respond"]}]},{"@type":"WebPage","@id":"https:\/\/lukabar.me\/zamjenik-predsjednika-odbora-direktora-ucestvovao-na-sastanku-u-uniji-poslodavaca-srbije\/","url":"https:\/\/lukabar.me\/zamjenik-predsjednika-odbora-direktora-ucestvovao-na-sastanku-u-uniji-poslodavaca-srbije\/","name":"Zamjenik predsjednika Odbora direktora u\u010destvovao na sastanku u Uniji poslodavaca Srbije","isPartOf":{"@id":"https:\/\/lukabar.me\/#website"},"primaryImageOfPage":{"@id":"https:\/\/lukabar.me\/zamjenik-predsjednika-odbora-direktora-ucestvovao-na-sastanku-u-uniji-poslodavaca-srbije\/#primaryimage"},"image":{"@id":"https:\/\/lukabar.me\/zamjenik-predsjednika-odbora-direktora-ucestvovao-na-sastanku-u-uniji-poslodavaca-srbije\/#primaryimage"},"thumbnailUrl":"https:\/\/lukabar.me\/wp-content\/uploads\/2024\/08\/Zamjenik-predsjednika-Odbora-direktora-ucestvovao-na-sastanku-u-Uniji-poslodavaca-Srbije.jpg","datePublished":"2023-12-05T07:36:00+00:00","dateModified":"2024-08-21T07:39:38+00:00","description":"Zamjenik predsjednika Odbora direktora, Marko Mara\u0161 je kao \u010dlan delegacije Unije poslodavaca Crne Gore, u\u010destvovao na sastanku koji je organizovan u Uniji","breadcrumb":{"@id":"https:\/\/lukabar.me\/zamjenik-predsjednika-odbora-direktora-ucestvovao-na-sastanku-u-uniji-poslodavaca-srbije\/#breadcrumb"},"inLanguage":"en-US","potentialAction":[{"@type":"ReadAction","target":["https:\/\/lukabar.me\/zamjenik-predsjednika-odbora-direktora-ucestvovao-na-sastanku-u-uniji-poslodavaca-srbije\/"]}]},{"@type":"ImageObject","inLanguage":"en-US","@id":"https:\/\/lukabar.me\/zamjenik-predsjednika-odbora-direktora-ucestvovao-na-sastanku-u-uniji-poslodavaca-srbije\/#primaryimage","url":"https:\/\/lukabar.me\/wp-content\/uploads\/2024\/08\/Zamjenik-predsjednika-Odbora-direktora-ucestvovao-na-sastanku-u-Uniji-poslodavaca-Srbije.jpg","contentUrl":"https:\/\/lukabar.me\/wp-content\/uploads\/2024\/08\/Zamjenik-predsjednika-Odbora-direktora-ucestvovao-na-sastanku-u-Uniji-poslodavaca-Srbije.jpg","width":1170,"height":540},{"@type":"BreadcrumbList","@id":"https:\/\/lukabar.me\/zamjenik-predsjednika-odbora-direktora-ucestvovao-na-sastanku-u-uniji-poslodavaca-srbije\/#breadcrumb","itemListElement":[{"@type":"ListItem","position":1,"name":"Home","item":"https:\/\/lukabar.me\/"},{"@type":"ListItem","position":2,"name":"Zamjenik predsjednika Odbora direktora u\u010destvovao na sastanku u Uniji poslodavaca Srbije"}]},{"@type":"WebSite","@id":"https:\/\/lukabar.me\/#website","url":"https:\/\/lukabar.me\/","name":"Port of Bar | Port of Bar - Connecting Montenegro to Global Trade","description":"World at the Reach of Luke | World Within Port&#039;s Reach","publisher":{"@id":"https:\/\/lukabar.me\/#organization"},"alternateName":"Luka Bar | Port of Bar","potentialAction":[{"@type":"SearchAction","target":{"@type":"EntryPoint","urlTemplate":"https:\/\/lukabar.me\/?s={search_term_string}"},"query-input":{"@type":"PropertyValueSpecification","valueRequired":true,"valueName":"search_term_string"}}],"inLanguage":"en-US"},{"@type":"Organization","@id":"https:\/\/lukabar.me\/#organization","name":"Port of Bar | Port of Bar - Connecting Montenegro to Global Trade","alternateName":"Luka Bar | Port of Bar","url":"https:\/\/lukabar.me\/","logo":{"@type":"ImageObject","inLanguage":"en-US","@id":"https:\/\/lukabar.me\/#\/schema\/logo\/image\/","url":"https:\/\/lukabar.me\/wp-content\/uploads\/2025\/01\/lukabar-logo-seo-01-scaled.jpg","contentUrl":"https:\/\/lukabar.me\/wp-content\/uploads\/2025\/01\/lukabar-logo-seo-01-scaled.jpg","width":2560,"height":2560,"caption":"Luka Bar | Port of Bar - Connecting Montenegro to Global Trade"},"image":{"@id":"https:\/\/lukabar.me\/#\/schema\/logo\/image\/"},"sameAs":["https:\/\/www.facebook.com\/portofbar","https:\/\/x.com\/portofbar","https:\/\/instagram.com\/portofbar","https:\/\/www.linkedin.com\/company\/port-of-bar","https:\/\/www.youtube.com\/@portofbarmontenegro"]},{"@type":"Person","@id":"https:\/\/lukabar.me\/#\/schema\/person\/84ccd15ea8529df078a6db7f01d0cf50","name":"qyqzntmy","image":{"@type":"ImageObject","inLanguage":"en-US","@id":"https:\/\/secure.gravatar.com\/avatar\/34512178c8047217f2f61ffdd71737957c3b33f2936e498c6153ae6dab2989ba?s=96&d=mm&r=g","url":"https:\/\/secure.gravatar.com\/avatar\/34512178c8047217f2f61ffdd71737957c3b33f2936e498c6153ae6dab2989ba?s=96&d=mm&r=g","contentUrl":"https:\/\/secure.gravatar.com\/avatar\/34512178c8047217f2f61ffdd71737957c3b33f2936e498c6153ae6dab2989ba?s=96&d=mm&r=g","caption":"qyqzntmy"},"sameAs":["https:\/\/lukabar.me"],"url":"https:\/\/lukabar.me\/en\/author\/qyqzntmy\/"}]}},"_links":{"self":[{"href":"https:\/\/lukabar.me\/en\/wp-json\/wp\/v2\/posts\/16041","targetHints":{"allow":["GET"]}}],"collection":[{"href":"https:\/\/lukabar.me\/en\/wp-json\/wp\/v2\/posts"}],"about":[{"href":"https:\/\/lukabar.me\/en\/wp-json\/wp\/v2\/types\/post"}],"author":[{"embeddable":true,"href":"https:\/\/lukabar.me\/en\/wp-json\/wp\/v2\/users\/1"}],"replies":[{"embeddable":true,"href":"https:\/\/lukabar.me\/en\/wp-json\/wp\/v2\/comments?post=16041"}],"version-history":[{"count":4,"href":"https:\/\/lukabar.me\/en\/wp-json\/wp\/v2\/posts\/16041\/revisions"}],"predecessor-version":[{"id":16047,"href":"https:\/\/lukabar.me\/en\/wp-json\/wp\/v2\/posts\/16041\/revisions\/16047"}],"wp:featuredmedia":[{"embeddable":true,"href":"https:\/\/lukabar.me\/en\/wp-json\/wp\/v2\/media\/16043"}],"wp:attachment":[{"href":"https:\/\/lukabar.me\/en\/wp-json\/wp\/v2\/media?parent=16041"}],"wp:term":[{"taxonomy":"category","embeddable":true,"href":"https:\/\/lukabar.me\/en\/wp-json\/wp\/v2\/categories?post=16041"},{"taxonomy":"post_tag","embeddable":true,"href":"https:\/\/lukabar.me\/en\/wp-json\/wp\/v2\/tags?post=16041"}],"curies":[{"name":"wp","href":"https:\/\/api.w.org\/{rel}","templated":true}]}}