{"id":16048,"date":"2024-01-11T09:40:00","date_gmt":"2024-01-11T07:40:00","guid":{"rendered":"https:\/\/lukabar.me\/?p=16048"},"modified":"2024-08-21T09:41:34","modified_gmt":"2024-08-21T07:41:34","slug":"saopstenje-za-javnost-5","status":"publish","type":"post","link":"https:\/\/lukabar.me\/en\/saopstenje-za-javnost-5\/","title":{"rendered":"Press release"},"content":{"rendered":"<div data-elementor-type=\"wp-post\" data-elementor-id=\"16048\" class=\"elementor elementor-16048\">\n\t\t\t\t<div class=\"elementor-element elementor-element-1232692 e-flex e-con-boxed wpr-particle-no wpr-jarallax-no wpr-parallax-no wpr-sticky-section-no wpr-equal-height-no e-con e-parent\" data-id=\"1232692\" data-element_type=\"container\" data-e-type=\"container\">\n\t\t\t\t\t<div class=\"e-con-inner\">\n\t\t\t\t<div class=\"elementor-element elementor-element-ac5c774 de_scroll_animation_no exad-sticky-section-no exad-glass-effect-no elementor-widget elementor-widget-text-editor\" data-id=\"ac5c774\" data-element_type=\"widget\" data-e-type=\"widget\" data-widget_type=\"text-editor.default\">\n\t\t\t\t<div class=\"elementor-widget-container\">\n\t\t\t\t\t\t\t\t\t<p>Povodom teksta objavljenog na Primorskom portalu 10.01.2024.godine pod naslovom \u201dlskliznuo teretni voz u Luci Bar\u201d obavje\u0161tavamo Vas sljede\u0107e.<\/p><p>U posljednje dvije godine od kada je novi menad\u017ement preuzeo rukovo\u0111enje kompanijom, u Luci Bar u industrijske kolosijeke investirano je cca 250.000 eura. Primjera radi, za \u010detiri godine prije toga, ulaganje je iznosilo cca 140.000eura. Naravno, tada\u0161nji menad\u017ement je sanacije izvodio shodno finansijskoj situaciji, ali i optere\u0107enosti industrijskih kolosijeka u samoj luci. Napominjemo da na lu\u010dkom podru\u010dju (koje koriste oba koncesionara) ima oko 22 kilometra pruge. Jedan dio je u \u201dLuka Bar\u201dAD, drugi dio je u koncesionom podru\u010dju Port of Adria. Dio kolosijeka na kojem je skretnica nalazi se upravo u koncesionom dijelu Port of Adria. &#8222;Luka Bar\u201dAD takodje koristi taj pravac za ulazak vagona sa teretom u svoje koncesiono podru\u010dje, te se eksces dogodio prilikom prolaska kompozicije kroz podru\u010dje POA. Na\u0161a kompanija nije u obavezi da odr\u017eava te kolosijeke, ali kako se nezgoda desila u toku manevrisanja sa teretom na\u0161eg komitenta, odmah smo preuzeli saniranje nastale \u0161tete na kolosijecima. I sanirana je u roku od 24h, pri \u010demu sam posao i partneri nisu trpijeli zastoj.<\/p><p>Vratimo se na Va\u0161e, moramo re\u0107i maliciozne navode da su \u017eeljezni\u010dki kolosijeci propali i pragovi truli. Zaista je nevjerovatno da se koristite takvim senzacionalisti\u010dkim tvrdnjama, a da prethodno nijeste uputili pitanje ka \u201dLuka Bar\u201d AD radi provjere ta\u010dnosti informacija. Da ste pratili objave u pre\u0111a\u0161njem periodu, gdje smo u 2022.godini, kao i u 2023.godini ukupno odradili 40.000 vagona, ili preko 3.000 kompozicija mar\u0161rutnih vozova, jasno bi Vam bilo da kolosijeci nijesu propali i truli. To bi onda pokazivalo druga\u010diju sliku o Va\u0161oj profesionalnosti i Va\u0161em portalu.<\/p><p>Po\u010detkom 2022. godine Glavni dr\u017eavni inspektor za \u017eeljeznicu g-din Veselin Mandi\u0107, je na na\u0161u inicijativu upu\u0107enu ka resornom ministarstvu obi\u0161ao cijelu Luku Bar, oba koncesionara i sa\u010dinio zapisnik o stanju kolosijeka. Na\u0161oj kompaniji je nalo\u017eio odredjene aktivnosti, koje dosljedno pratimo sa planom investicija i g- din Mandi\u0107 je vi\u0161e nego zadovoljan sa ostvarenim napretkom u sanaciji skretnica, zamjeni pragova i \u0161ina.<\/p><p>Tako\u0111e Planom javnih nabavki za 2024. godinu smo predvidjeli ulaganje od 200.000 eura u \u017eeljezni\u010dku infrastrukturu na na\u0161em podru\u010dju, a planiramo dugoro\u010dno da revitalizujemo sve investicione projekte i kontinuirano ula\u017eemo u infrastrukturu i suprastrukturu.<\/p>\t\t\t\t\t\t\t\t<\/div>\n\t\t\t\t<\/div>\n\t\t\t\t\t<\/div>\n\t\t\t\t<\/div>\n\t\t\t\t<\/div>","protected":false},"excerpt":{"rendered":"<p>Povodom teksta objavljenog na Primorskom portalu 10.01.2024.godine pod naslovom \u201dlskliznuo teretni voz u Luci Bar\u201d obavje\u0161tavamo Vas sljede\u0107e. U posljednje dvije godine od kada je novi menad\u017ement preuzeo rukovo\u0111enje kompanijom, u Luci Bar u industrijske kolosijeke investirano je cca 250.000 eura. Primjera radi, za \u010detiri godine prije toga, ulaganje je iznosilo cca 140.000eura. Naravno, tada\u0161nji menad\u017ement je sanacije izvodio shodno finansijskoj situaciji, ali i optere\u0107enosti industrijskih kolosijeka u samoj luci. Napominjemo da na lu\u010dkom podru\u010dju (koje koriste oba koncesionara) ima oko 22 kilometra pruge. Jedan dio je u \u201dLuka Bar\u201dAD, drugi dio je u koncesionom podru\u010dju Port of Adria. Dio kolosijeka na kojem je skretnica nalazi se upravo u koncesionom dijelu Port of Adria. &#8222;Luka Bar\u201dAD takodje koristi taj pravac za ulazak vagona sa teretom u svoje koncesiono podru\u010dje, te se eksces dogodio prilikom prolaska kompozicije kroz podru\u010dje POA. Na\u0161a kompanija nije u obavezi da odr\u017eava te kolosijeke, ali kako se nezgoda desila u toku manevrisanja sa teretom na\u0161eg komitenta, odmah smo preuzeli saniranje nastale \u0161tete na kolosijecima. I sanirana je u roku od 24h, pri \u010demu sam posao i partneri nisu trpijeli zastoj. Vratimo se na Va\u0161e, moramo re\u0107i maliciozne navode da su \u017eeljezni\u010dki kolosijeci propali i pragovi truli. Zaista je nevjerovatno da se koristite takvim senzacionalisti\u010dkim tvrdnjama, a da prethodno nijeste uputili pitanje ka \u201dLuka Bar\u201d AD radi provjere ta\u010dnosti informacija. Da ste pratili objave u pre\u0111a\u0161njem periodu, gdje smo u 2022.godini, kao i u 2023.godini ukupno odradili 40.000 vagona, ili preko 3.000 kompozicija mar\u0161rutnih vozova, jasno bi Vam bilo da kolosijeci nijesu propali i truli. To bi onda pokazivalo druga\u010diju sliku o Va\u0161oj profesionalnosti i Va\u0161em portalu. Po\u010detkom 2022. godine Glavni dr\u017eavni inspektor za \u017eeljeznicu g-din Veselin Mandi\u0107, je na na\u0161u inicijativu upu\u0107enu ka resornom ministarstvu obi\u0161ao cijelu Luku Bar, oba koncesionara i sa\u010dinio zapisnik o stanju kolosijeka. Na\u0161oj kompaniji je nalo\u017eio odredjene aktivnosti, koje dosljedno pratimo sa planom investicija i g- din Mandi\u0107 je vi\u0161e nego zadovoljan sa ostvarenim napretkom u sanaciji skretnica, zamjeni pragova i \u0161ina. Tako\u0111e Planom javnih nabavki za 2024. godinu smo predvidjeli ulaganje od 200.000 eura u \u017eeljezni\u010dku infrastrukturu na na\u0161em podru\u010dju, a planiramo dugoro\u010dno da revitalizujemo sve investicione projekte i kontinuirano ula\u017eemo u infrastrukturu i suprastrukturu.<\/p>","protected":false},"author":1,"featured_media":16050,"comment_status":"open","ping_status":"open","sticky":false,"template":"","format":"standard","meta":{"footnotes":""},"categories":[17],"tags":[],"class_list":["post-16048","post","type-post","status-publish","format-standard","has-post-thumbnail","hentry","category-novosti"],"blocksy_meta":[],"yoast_head":"<!-- This site is optimized with the Yoast SEO plugin v27.5 - https:\/\/yoast.com\/product\/yoast-seo-wordpress\/ -->\n<title>Saop\u0161tenje za javnost<\/title>\n<meta name=\"description\" content=\"Povodom teksta objavljenog na Primorskom portalu 10.01.2024.godine pod naslovom \u201dlskliznuo teretni voz u Luci Bar\u201d obavje\u0161tavamo Vas sljede\u0107e.U posljednje\" \/>\n<meta name=\"robots\" content=\"index, follow, max-snippet:-1, max-image-preview:large, max-video-preview:-1\" \/>\n<link rel=\"canonical\" href=\"https:\/\/lukabar.me\/en\/saopstenje-za-javnost-5\/\" \/>\n<meta property=\"og:locale\" content=\"en_US\" \/>\n<meta property=\"og:type\" content=\"article\" \/>\n<meta property=\"og:title\" content=\"Saop\u0161tenje za javnost\" \/>\n<meta property=\"og:description\" content=\"Povodom teksta objavljenog na Primorskom portalu 10.01.2024.godine pod naslovom \u201dlskliznuo teretni voz u Luci Bar\u201d obavje\u0161tavamo Vas sljede\u0107e.U posljednje\" \/>\n<meta property=\"og:url\" content=\"https:\/\/lukabar.me\/en\/saopstenje-za-javnost-5\/\" \/>\n<meta property=\"og:site_name\" content=\"Luka Bar | Port of Bar - Connecting Montenegro to Global Trade\" \/>\n<meta property=\"article:publisher\" content=\"https:\/\/www.facebook.com\/portofbar\" \/>\n<meta property=\"article:published_time\" content=\"2024-01-11T07:40:00+00:00\" \/>\n<meta property=\"article:modified_time\" content=\"2024-08-21T07:41:34+00:00\" \/>\n<meta property=\"og:image\" content=\"https:\/\/lukabar.me\/wp-content\/uploads\/2024\/08\/Upravna-zgrada-2.jpg\" \/>\n\t<meta property=\"og:image:width\" content=\"1170\" \/>\n\t<meta property=\"og:image:height\" content=\"540\" \/>\n\t<meta property=\"og:image:type\" content=\"image\/jpeg\" \/>\n<meta name=\"author\" content=\"qyqzntmy\" \/>\n<meta name=\"twitter:card\" content=\"summary_large_image\" \/>\n<meta name=\"twitter:creator\" content=\"@portofbar\" \/>\n<meta name=\"twitter:site\" content=\"@portofbar\" \/>\n<meta name=\"twitter:label1\" content=\"Written by\" \/>\n\t<meta name=\"twitter:data1\" content=\"qyqzntmy\" \/>\n\t<meta name=\"twitter:label2\" content=\"Est. reading time\" \/>\n\t<meta name=\"twitter:data2\" content=\"2 minutes\" \/>\n<script type=\"application\/ld+json\" class=\"yoast-schema-graph\">{\"@context\":\"https:\\\/\\\/schema.org\",\"@graph\":[{\"@type\":\"Article\",\"@id\":\"https:\\\/\\\/lukabar.me\\\/saopstenje-za-javnost-5\\\/#article\",\"isPartOf\":{\"@id\":\"https:\\\/\\\/lukabar.me\\\/saopstenje-za-javnost-5\\\/\"},\"author\":{\"name\":\"qyqzntmy\",\"@id\":\"https:\\\/\\\/lukabar.me\\\/#\\\/schema\\\/person\\\/84ccd15ea8529df078a6db7f01d0cf50\"},\"headline\":\"Saop\u0161tenje za javnost\",\"datePublished\":\"2024-01-11T07:40:00+00:00\",\"dateModified\":\"2024-08-21T07:41:34+00:00\",\"mainEntityOfPage\":{\"@id\":\"https:\\\/\\\/lukabar.me\\\/saopstenje-za-javnost-5\\\/\"},\"wordCount\":405,\"commentCount\":0,\"publisher\":{\"@id\":\"https:\\\/\\\/lukabar.me\\\/#organization\"},\"image\":{\"@id\":\"https:\\\/\\\/lukabar.me\\\/saopstenje-za-javnost-5\\\/#primaryimage\"},\"thumbnailUrl\":\"https:\\\/\\\/lukabar.me\\\/wp-content\\\/uploads\\\/2024\\\/08\\\/Upravna-zgrada-2.jpg\",\"articleSection\":[\"Novosti\"],\"inLanguage\":\"en-US\",\"potentialAction\":[{\"@type\":\"CommentAction\",\"name\":\"Comment\",\"target\":[\"https:\\\/\\\/lukabar.me\\\/saopstenje-za-javnost-5\\\/#respond\"]}]},{\"@type\":\"WebPage\",\"@id\":\"https:\\\/\\\/lukabar.me\\\/saopstenje-za-javnost-5\\\/\",\"url\":\"https:\\\/\\\/lukabar.me\\\/saopstenje-za-javnost-5\\\/\",\"name\":\"Saop\u0161tenje za javnost\",\"isPartOf\":{\"@id\":\"https:\\\/\\\/lukabar.me\\\/#website\"},\"primaryImageOfPage\":{\"@id\":\"https:\\\/\\\/lukabar.me\\\/saopstenje-za-javnost-5\\\/#primaryimage\"},\"image\":{\"@id\":\"https:\\\/\\\/lukabar.me\\\/saopstenje-za-javnost-5\\\/#primaryimage\"},\"thumbnailUrl\":\"https:\\\/\\\/lukabar.me\\\/wp-content\\\/uploads\\\/2024\\\/08\\\/Upravna-zgrada-2.jpg\",\"datePublished\":\"2024-01-11T07:40:00+00:00\",\"dateModified\":\"2024-08-21T07:41:34+00:00\",\"description\":\"Povodom teksta objavljenog na Primorskom portalu 10.01.2024.godine pod naslovom \u201dlskliznuo teretni voz u Luci Bar\u201d obavje\u0161tavamo Vas sljede\u0107e.U posljednje\",\"breadcrumb\":{\"@id\":\"https:\\\/\\\/lukabar.me\\\/saopstenje-za-javnost-5\\\/#breadcrumb\"},\"inLanguage\":\"en-US\",\"potentialAction\":[{\"@type\":\"ReadAction\",\"target\":[\"https:\\\/\\\/lukabar.me\\\/saopstenje-za-javnost-5\\\/\"]}]},{\"@type\":\"ImageObject\",\"inLanguage\":\"en-US\",\"@id\":\"https:\\\/\\\/lukabar.me\\\/saopstenje-za-javnost-5\\\/#primaryimage\",\"url\":\"https:\\\/\\\/lukabar.me\\\/wp-content\\\/uploads\\\/2024\\\/08\\\/Upravna-zgrada-2.jpg\",\"contentUrl\":\"https:\\\/\\\/lukabar.me\\\/wp-content\\\/uploads\\\/2024\\\/08\\\/Upravna-zgrada-2.jpg\",\"width\":1170,\"height\":540},{\"@type\":\"BreadcrumbList\",\"@id\":\"https:\\\/\\\/lukabar.me\\\/saopstenje-za-javnost-5\\\/#breadcrumb\",\"itemListElement\":[{\"@type\":\"ListItem\",\"position\":1,\"name\":\"Home\",\"item\":\"https:\\\/\\\/lukabar.me\\\/\"},{\"@type\":\"ListItem\",\"position\":2,\"name\":\"Saop\u0161tenje za javnost\"}]},{\"@type\":\"WebSite\",\"@id\":\"https:\\\/\\\/lukabar.me\\\/#website\",\"url\":\"https:\\\/\\\/lukabar.me\\\/\",\"name\":\"Luka Bar | Port of Bar - Connecting Montenegro to Global Trade\",\"description\":\"Svijet na Dohvat Luke | World Within Port&#039;s Reach\",\"publisher\":{\"@id\":\"https:\\\/\\\/lukabar.me\\\/#organization\"},\"alternateName\":\"Luka Bar | Port of Bar\",\"potentialAction\":[{\"@type\":\"SearchAction\",\"target\":{\"@type\":\"EntryPoint\",\"urlTemplate\":\"https:\\\/\\\/lukabar.me\\\/?s={search_term_string}\"},\"query-input\":{\"@type\":\"PropertyValueSpecification\",\"valueRequired\":true,\"valueName\":\"search_term_string\"}}],\"inLanguage\":\"en-US\"},{\"@type\":\"Organization\",\"@id\":\"https:\\\/\\\/lukabar.me\\\/#organization\",\"name\":\"Luka Bar | Port of Bar - Connecting Montenegro to Global Trade\",\"alternateName\":\"Luka Bar | Port of Bar\",\"url\":\"https:\\\/\\\/lukabar.me\\\/\",\"logo\":{\"@type\":\"ImageObject\",\"inLanguage\":\"en-US\",\"@id\":\"https:\\\/\\\/lukabar.me\\\/#\\\/schema\\\/logo\\\/image\\\/\",\"url\":\"https:\\\/\\\/lukabar.me\\\/wp-content\\\/uploads\\\/2025\\\/01\\\/lukabar-logo-seo-01-scaled.jpg\",\"contentUrl\":\"https:\\\/\\\/lukabar.me\\\/wp-content\\\/uploads\\\/2025\\\/01\\\/lukabar-logo-seo-01-scaled.jpg\",\"width\":2560,\"height\":2560,\"caption\":\"Luka Bar | Port of Bar - Connecting Montenegro to Global Trade\"},\"image\":{\"@id\":\"https:\\\/\\\/lukabar.me\\\/#\\\/schema\\\/logo\\\/image\\\/\"},\"sameAs\":[\"https:\\\/\\\/www.facebook.com\\\/portofbar\",\"https:\\\/\\\/x.com\\\/portofbar\",\"https:\\\/\\\/instagram.com\\\/portofbar\",\"https:\\\/\\\/www.linkedin.com\\\/company\\\/port-of-bar\",\"https:\\\/\\\/www.youtube.com\\\/@portofbarmontenegro\"]},{\"@type\":\"Person\",\"@id\":\"https:\\\/\\\/lukabar.me\\\/#\\\/schema\\\/person\\\/84ccd15ea8529df078a6db7f01d0cf50\",\"name\":\"qyqzntmy\",\"image\":{\"@type\":\"ImageObject\",\"inLanguage\":\"en-US\",\"@id\":\"https:\\\/\\\/secure.gravatar.com\\\/avatar\\\/34512178c8047217f2f61ffdd71737957c3b33f2936e498c6153ae6dab2989ba?s=96&d=mm&r=g\",\"url\":\"https:\\\/\\\/secure.gravatar.com\\\/avatar\\\/34512178c8047217f2f61ffdd71737957c3b33f2936e498c6153ae6dab2989ba?s=96&d=mm&r=g\",\"contentUrl\":\"https:\\\/\\\/secure.gravatar.com\\\/avatar\\\/34512178c8047217f2f61ffdd71737957c3b33f2936e498c6153ae6dab2989ba?s=96&d=mm&r=g\",\"caption\":\"qyqzntmy\"},\"sameAs\":[\"https:\\\/\\\/lukabar.me\"],\"url\":\"https:\\\/\\\/lukabar.me\\\/en\\\/author\\\/qyqzntmy\\\/\"}]}<\/script>\n<!-- \/ Yoast SEO plugin. -->","yoast_head_json":{"title":"Press release","description":"Povodom teksta objavljenog na Primorskom portalu 10.01.2024.godine pod naslovom \u201dlskliznuo teretni voz u Luci Bar\u201d obavje\u0161tavamo Vas sljede\u0107e.U posljednje","robots":{"index":"index","follow":"follow","max-snippet":"max-snippet:-1","max-image-preview":"max-image-preview:large","max-video-preview":"max-video-preview:-1"},"canonical":"https:\/\/lukabar.me\/en\/saopstenje-za-javnost-5\/","og_locale":"en_US","og_type":"article","og_title":"Saop\u0161tenje za javnost","og_description":"Povodom teksta objavljenog na Primorskom portalu 10.01.2024.godine pod naslovom \u201dlskliznuo teretni voz u Luci Bar\u201d obavje\u0161tavamo Vas sljede\u0107e.U posljednje","og_url":"https:\/\/lukabar.me\/en\/saopstenje-za-javnost-5\/","og_site_name":"Luka Bar | Port of Bar - Connecting Montenegro to Global Trade","article_publisher":"https:\/\/www.facebook.com\/portofbar","article_published_time":"2024-01-11T07:40:00+00:00","article_modified_time":"2024-08-21T07:41:34+00:00","og_image":[{"width":1170,"height":540,"url":"https:\/\/lukabar.me\/wp-content\/uploads\/2024\/08\/Upravna-zgrada-2.jpg","type":"image\/jpeg"}],"author":"qyqzntmy","twitter_card":"summary_large_image","twitter_creator":"@portofbar","twitter_site":"@portofbar","twitter_misc":{"Written by":"qyqzntmy","Est. reading time":"2 minutes"},"schema":{"@context":"https:\/\/schema.org","@graph":[{"@type":"Article","@id":"https:\/\/lukabar.me\/saopstenje-za-javnost-5\/#article","isPartOf":{"@id":"https:\/\/lukabar.me\/saopstenje-za-javnost-5\/"},"author":{"name":"qyqzntmy","@id":"https:\/\/lukabar.me\/#\/schema\/person\/84ccd15ea8529df078a6db7f01d0cf50"},"headline":"Saop\u0161tenje za javnost","datePublished":"2024-01-11T07:40:00+00:00","dateModified":"2024-08-21T07:41:34+00:00","mainEntityOfPage":{"@id":"https:\/\/lukabar.me\/saopstenje-za-javnost-5\/"},"wordCount":405,"commentCount":0,"publisher":{"@id":"https:\/\/lukabar.me\/#organization"},"image":{"@id":"https:\/\/lukabar.me\/saopstenje-za-javnost-5\/#primaryimage"},"thumbnailUrl":"https:\/\/lukabar.me\/wp-content\/uploads\/2024\/08\/Upravna-zgrada-2.jpg","articleSection":["Novosti"],"inLanguage":"en-US","potentialAction":[{"@type":"CommentAction","name":"Comment","target":["https:\/\/lukabar.me\/saopstenje-za-javnost-5\/#respond"]}]},{"@type":"WebPage","@id":"https:\/\/lukabar.me\/saopstenje-za-javnost-5\/","url":"https:\/\/lukabar.me\/saopstenje-za-javnost-5\/","name":"Press release","isPartOf":{"@id":"https:\/\/lukabar.me\/#website"},"primaryImageOfPage":{"@id":"https:\/\/lukabar.me\/saopstenje-za-javnost-5\/#primaryimage"},"image":{"@id":"https:\/\/lukabar.me\/saopstenje-za-javnost-5\/#primaryimage"},"thumbnailUrl":"https:\/\/lukabar.me\/wp-content\/uploads\/2024\/08\/Upravna-zgrada-2.jpg","datePublished":"2024-01-11T07:40:00+00:00","dateModified":"2024-08-21T07:41:34+00:00","description":"Povodom teksta objavljenog na Primorskom portalu 10.01.2024.godine pod naslovom \u201dlskliznuo teretni voz u Luci Bar\u201d obavje\u0161tavamo Vas sljede\u0107e.U posljednje","breadcrumb":{"@id":"https:\/\/lukabar.me\/saopstenje-za-javnost-5\/#breadcrumb"},"inLanguage":"en-US","potentialAction":[{"@type":"ReadAction","target":["https:\/\/lukabar.me\/saopstenje-za-javnost-5\/"]}]},{"@type":"ImageObject","inLanguage":"en-US","@id":"https:\/\/lukabar.me\/saopstenje-za-javnost-5\/#primaryimage","url":"https:\/\/lukabar.me\/wp-content\/uploads\/2024\/08\/Upravna-zgrada-2.jpg","contentUrl":"https:\/\/lukabar.me\/wp-content\/uploads\/2024\/08\/Upravna-zgrada-2.jpg","width":1170,"height":540},{"@type":"BreadcrumbList","@id":"https:\/\/lukabar.me\/saopstenje-za-javnost-5\/#breadcrumb","itemListElement":[{"@type":"ListItem","position":1,"name":"Home","item":"https:\/\/lukabar.me\/"},{"@type":"ListItem","position":2,"name":"Saop\u0161tenje za javnost"}]},{"@type":"WebSite","@id":"https:\/\/lukabar.me\/#website","url":"https:\/\/lukabar.me\/","name":"Port of Bar | Port of Bar - Connecting Montenegro to Global Trade","description":"World at the Reach of Luke | World Within Port&#039;s Reach","publisher":{"@id":"https:\/\/lukabar.me\/#organization"},"alternateName":"Luka Bar | Port of Bar","potentialAction":[{"@type":"SearchAction","target":{"@type":"EntryPoint","urlTemplate":"https:\/\/lukabar.me\/?s={search_term_string}"},"query-input":{"@type":"PropertyValueSpecification","valueRequired":true,"valueName":"search_term_string"}}],"inLanguage":"en-US"},{"@type":"Organization","@id":"https:\/\/lukabar.me\/#organization","name":"Port of Bar | Port of Bar - Connecting Montenegro to Global Trade","alternateName":"Luka Bar | Port of Bar","url":"https:\/\/lukabar.me\/","logo":{"@type":"ImageObject","inLanguage":"en-US","@id":"https:\/\/lukabar.me\/#\/schema\/logo\/image\/","url":"https:\/\/lukabar.me\/wp-content\/uploads\/2025\/01\/lukabar-logo-seo-01-scaled.jpg","contentUrl":"https:\/\/lukabar.me\/wp-content\/uploads\/2025\/01\/lukabar-logo-seo-01-scaled.jpg","width":2560,"height":2560,"caption":"Luka Bar | Port of Bar - Connecting Montenegro to Global Trade"},"image":{"@id":"https:\/\/lukabar.me\/#\/schema\/logo\/image\/"},"sameAs":["https:\/\/www.facebook.com\/portofbar","https:\/\/x.com\/portofbar","https:\/\/instagram.com\/portofbar","https:\/\/www.linkedin.com\/company\/port-of-bar","https:\/\/www.youtube.com\/@portofbarmontenegro"]},{"@type":"Person","@id":"https:\/\/lukabar.me\/#\/schema\/person\/84ccd15ea8529df078a6db7f01d0cf50","name":"qyqzntmy","image":{"@type":"ImageObject","inLanguage":"en-US","@id":"https:\/\/secure.gravatar.com\/avatar\/34512178c8047217f2f61ffdd71737957c3b33f2936e498c6153ae6dab2989ba?s=96&d=mm&r=g","url":"https:\/\/secure.gravatar.com\/avatar\/34512178c8047217f2f61ffdd71737957c3b33f2936e498c6153ae6dab2989ba?s=96&d=mm&r=g","contentUrl":"https:\/\/secure.gravatar.com\/avatar\/34512178c8047217f2f61ffdd71737957c3b33f2936e498c6153ae6dab2989ba?s=96&d=mm&r=g","caption":"qyqzntmy"},"sameAs":["https:\/\/lukabar.me"],"url":"https:\/\/lukabar.me\/en\/author\/qyqzntmy\/"}]}},"_links":{"self":[{"href":"https:\/\/lukabar.me\/en\/wp-json\/wp\/v2\/posts\/16048","targetHints":{"allow":["GET"]}}],"collection":[{"href":"https:\/\/lukabar.me\/en\/wp-json\/wp\/v2\/posts"}],"about":[{"href":"https:\/\/lukabar.me\/en\/wp-json\/wp\/v2\/types\/post"}],"author":[{"embeddable":true,"href":"https:\/\/lukabar.me\/en\/wp-json\/wp\/v2\/users\/1"}],"replies":[{"embeddable":true,"href":"https:\/\/lukabar.me\/en\/wp-json\/wp\/v2\/comments?post=16048"}],"version-history":[{"count":4,"href":"https:\/\/lukabar.me\/en\/wp-json\/wp\/v2\/posts\/16048\/revisions"}],"predecessor-version":[{"id":16054,"href":"https:\/\/lukabar.me\/en\/wp-json\/wp\/v2\/posts\/16048\/revisions\/16054"}],"wp:featuredmedia":[{"embeddable":true,"href":"https:\/\/lukabar.me\/en\/wp-json\/wp\/v2\/media\/16050"}],"wp:attachment":[{"href":"https:\/\/lukabar.me\/en\/wp-json\/wp\/v2\/media?parent=16048"}],"wp:term":[{"taxonomy":"category","embeddable":true,"href":"https:\/\/lukabar.me\/en\/wp-json\/wp\/v2\/categories?post=16048"},{"taxonomy":"post_tag","embeddable":true,"href":"https:\/\/lukabar.me\/en\/wp-json\/wp\/v2\/tags?post=16048"}],"curies":[{"name":"wp","href":"https:\/\/api.w.org\/{rel}","templated":true}]}}