{"id":16285,"date":"2018-06-29T14:14:00","date_gmt":"2018-06-29T12:14:00","guid":{"rendered":"https:\/\/lukabar.me\/?p=16285"},"modified":"2024-08-21T14:16:29","modified_gmt":"2024-08-21T12:16:29","slug":"skupstina-akcionara-29-06-2018","status":"publish","type":"post","link":"https:\/\/lukabar.me\/en\/skupstina-akcionara-29-06-2018\/","title":{"rendered":"Skup\u0161tina akcionara &#8211; 29.06.2018."},"content":{"rendered":"<div data-elementor-type=\"wp-post\" data-elementor-id=\"16285\" class=\"elementor elementor-16285\">\n\t\t\t\t<div class=\"elementor-element elementor-element-3dc595b e-flex e-con-boxed wpr-particle-no wpr-jarallax-no wpr-parallax-no wpr-sticky-section-no wpr-equal-height-no e-con e-parent\" data-id=\"3dc595b\" data-element_type=\"container\" data-e-type=\"container\">\n\t\t\t\t\t<div class=\"e-con-inner\">\n\t\t\t\t<div class=\"elementor-element elementor-element-06712a2 de_scroll_animation_no exad-sticky-section-no exad-glass-effect-no elementor-widget elementor-widget-text-editor\" data-id=\"06712a2\" data-element_type=\"widget\" data-e-type=\"widget\" data-widget_type=\"text-editor.default\">\n\t\t\t\t<div class=\"elementor-widget-container\">\n\t\t\t\t\t\t\t\t\t<p>Na osnovu \u010dl. 36. Zakona o privrednim dru\u0161tvima (\u00abSl.list RCG\u00bb br. 6\/02, \u00abSl. list CG\u00bb br. 17\/07, br. 80\/08, 40\/10, 36\/11 i 40\/11) i \u010dl. 27. Statuta \u00abLuka Bar\u00bb AD, sazivam<\/p><p><strong>R E D O V N U<\/strong><br \/><strong>S K U P \u0160 T I N U\u00a0 A K C I O N A R A<\/strong><br \/><strong>\u00abLUKA BAR\u00bb AD BAR<\/strong><\/p><p>Skup\u0161tina \u0107e se odr\u017eati dana 29.06.2018. godine (petak), sa po\u010detkom u 10,00 \u010dasova, u prostorijama Upravne zgrade \u00abLuka Bar\u00bb AD.<\/p><p>Za Skup\u0161tinu predla\u017eem slijede\u0107i:<\/p><p><strong>D N E V N I\u00a0 R E D<\/strong><\/p>\t\t\t\t\t\t\t\t<\/div>\n\t\t\t\t<\/div>\n\t\t\t\t<div class=\"elementor-element elementor-element-4abd397 de_scroll_animation_no exad-sticky-section-no exad-glass-effect-no elementor-widget elementor-widget-text-editor\" data-id=\"4abd397\" data-element_type=\"widget\" data-e-type=\"widget\" data-widget_type=\"text-editor.default\">\n\t\t\t\t<div class=\"elementor-widget-container\">\n\t\t\t\t\t\t\t\t\t<p>1. Usvajanje Zapisnika sa prethodne sjednice Skup\u0161tine akcionara, odr\u017eane dana 23.03.2018.godine.<br \/>2. Usvajanje Godi\u0161njih finansijskih iskaza i Izvje\u0161taja o poslovanju \u00abLuka Bar\u00bb AD za 2017.g., sa Izvje\u0161tajem revizora.<br \/>3. Usvajanje Izvje\u0161taja o radu Odbora direktora.<br \/>4. Razrje\u0161enje i izbor \u010dlanova Odbora direktora.<br \/>5. Imenovanje revizora za 2018. godinu.<\/p>\t\t\t\t\t\t\t\t<\/div>\n\t\t\t\t<\/div>\n\t\t\t\t<div class=\"elementor-element elementor-element-b1e8f22 de_scroll_animation_no exad-sticky-section-no exad-glass-effect-no elementor-widget elementor-widget-text-editor\" data-id=\"b1e8f22\" data-element_type=\"widget\" data-e-type=\"widget\" data-widget_type=\"text-editor.default\">\n\t\t\t\t<div class=\"elementor-widget-container\">\n\t\t\t\t\t\t\t\t\t<p>Odluke po svim ta\u010dkama dnevnog reda donose se ve\u0107inom glasova prisutnih ili zastupanih akcionara od kvoruma koji \u010dini najmanje polovina ukupnog broja akcija Dru\u0161tva sa pravom glasa.<br \/>Izbor \u010dlanova Odbora direktora bi\u0107e sproveden, putem glasa\u010dkih listi\u0107a, po tzv. kumulativnom principu.<\/p><p>Akcionari su du\u017eni da svoje prisustvo na Skup\u0161tini najave najkasnije 24 \u010dasa prije odr\u017eavanja sjednice, na telefon 030\/300-545.<\/p><p>Akcionar ima pravo da opunomo\u0107i drugo lice za prisustvo i glasanje na Skup\u0161tini. Punomo\u0107je mora biti ovjereno, u skladu sa Zakonom.<\/p><p>Materijal za redovnu Skup\u0161tinu stavi\u0107e se na raspolaganje akcionarima u Upravnoj zgradi Dru\u0161tva, svakog radnog dana (u toku radnog vremena), shodno Zakonu, Statutu i Poslovniku o radu Skup\u0161tine akcionara \u00abLuka Bar\u00bb AD.<\/p><p>Materijal za Skup\u0161tinu mo\u017ee se vidjeti na web site Luke www.lukabar.me<\/p><p>CHAIRMAN OF THE BOARD OF DIRECTORS<\/p><p>Prof. dr An\u0111elko Lojpur, s.r.<\/p><p>\u00abLUKA BAR\u00ab AD BAR<\/p>\t\t\t\t\t\t\t\t<\/div>\n\t\t\t\t<\/div>\n\t\t\t\t\t<\/div>\n\t\t\t\t<\/div>\n\t\t\t\t<\/div>","protected":false},"excerpt":{"rendered":"<p>Na osnovu \u010dl. 36. Zakona o privrednim dru\u0161tvima (\u00abSl.list RCG\u00bb br. 6\/02, \u00abSl. list CG\u00bb br. 17\/07, br. 80\/08, 40\/10, 36\/11 i 40\/11) i \u010dl. 27. Statuta \u00abLuka Bar\u00bb AD, sazivam R E D O V N US K U P \u0160 T I N U\u00a0 A K C I O N A R A\u00abLUKA BAR\u00bb AD BAR Skup\u0161tina \u0107e se odr\u017eati dana 29.06.2018. godine (petak), sa po\u010detkom u 10,00 \u010dasova, u prostorijama Upravne zgrade \u00abLuka Bar\u00bb AD. Za Skup\u0161tinu predla\u017eem slijede\u0107i: D N E V N I\u00a0 R E D 1. Usvajanje Zapisnika sa prethodne sjednice Skup\u0161tine akcionara, odr\u017eane dana 23.03.2018.godine.2. Usvajanje Godi\u0161njih finansijskih iskaza i Izvje\u0161taja o poslovanju \u00abLuka Bar\u00bb AD za 2017.g., sa Izvje\u0161tajem revizora.3. Usvajanje Izvje\u0161taja o radu Odbora direktora.4. Razrje\u0161enje i izbor \u010dlanova Odbora direktora.5. Imenovanje revizora za 2018. godinu. Odluke po svim ta\u010dkama dnevnog reda donose se ve\u0107inom glasova prisutnih ili zastupanih akcionara od kvoruma koji \u010dini najmanje polovina ukupnog broja akcija Dru\u0161tva sa pravom glasa.Izbor \u010dlanova Odbora direktora bi\u0107e sproveden, putem glasa\u010dkih listi\u0107a, po tzv. kumulativnom principu. Akcionari su du\u017eni da svoje prisustvo na Skup\u0161tini najave najkasnije 24 \u010dasa prije odr\u017eavanja sjednice, na telefon 030\/300-545. Akcionar ima pravo da opunomo\u0107i drugo lice za prisustvo i glasanje na Skup\u0161tini. Punomo\u0107je mora biti ovjereno, u skladu sa Zakonom. Materijal za redovnu Skup\u0161tinu stavi\u0107e se na raspolaganje akcionarima u Upravnoj zgradi Dru\u0161tva, svakog radnog dana (u toku radnog vremena), shodno Zakonu, Statutu i Poslovniku o radu Skup\u0161tine akcionara \u00abLuka Bar\u00bb AD. Materijal za Skup\u0161tinu mo\u017ee se vidjeti na web site Luke www.lukabar.me PREDSJEDNIK ODBORA DIREKTORA Prof. dr An\u0111elko Lojpur, s.r. \u00abLUKA BAR\u00ab AD BAR<\/p>","protected":false},"author":1,"featured_media":16249,"comment_status":"open","ping_status":"open","sticky":false,"template":"","format":"standard","meta":{"footnotes":""},"categories":[22],"tags":[],"class_list":["post-16285","post","type-post","status-publish","format-standard","has-post-thumbnail","hentry","category-skupstine-akcionara"],"blocksy_meta":[],"yoast_head":"<!-- This site is optimized with the Yoast SEO plugin v27.4 - https:\/\/yoast.com\/product\/yoast-seo-wordpress\/ -->\n<title>Skup\u0161tina akcionara - 29.06.2018.<\/title>\n<meta name=\"description\" content=\"Na osnovu \u010dl. 36. Zakona o privrednim dru\u0161tvima (\u00abSl.list RCG\u00bb br. 6\/02, \u00abSl. list CG\u00bb br. 17\/07, br. 80\/08, 40\/10, 36\/11 i 40\/11) i \u010dl. 27. Statuta \u00abLuka\" \/>\n<meta name=\"robots\" content=\"index, follow, max-snippet:-1, max-image-preview:large, max-video-preview:-1\" \/>\n<link rel=\"canonical\" href=\"https:\/\/lukabar.me\/en\/skupstina-akcionara-29-06-2018\/\" \/>\n<meta property=\"og:locale\" content=\"en_US\" \/>\n<meta property=\"og:type\" content=\"article\" \/>\n<meta property=\"og:title\" content=\"Skup\u0161tina akcionara - 29.06.2018.\" \/>\n<meta property=\"og:description\" content=\"Na osnovu \u010dl. 36. Zakona o privrednim dru\u0161tvima (\u00abSl.list RCG\u00bb br. 6\/02, \u00abSl. list CG\u00bb br. 17\/07, br. 80\/08, 40\/10, 36\/11 i 40\/11) i \u010dl. 27. Statuta \u00abLuka\" \/>\n<meta property=\"og:url\" content=\"https:\/\/lukabar.me\/en\/skupstina-akcionara-29-06-2018\/\" \/>\n<meta property=\"og:site_name\" content=\"Luka Bar | Port of Bar - Connecting Montenegro to Global Trade\" \/>\n<meta property=\"article:publisher\" content=\"https:\/\/www.facebook.com\/portofbar\" \/>\n<meta property=\"article:published_time\" content=\"2018-06-29T12:14:00+00:00\" \/>\n<meta property=\"article:modified_time\" content=\"2024-08-21T12:16:29+00:00\" \/>\n<meta property=\"og:image\" content=\"https:\/\/lukabar.me\/wp-content\/uploads\/2024\/08\/skupstina-akcionara-01-scaled.jpg\" \/>\n\t<meta property=\"og:image:width\" content=\"2560\" \/>\n\t<meta property=\"og:image:height\" content=\"812\" \/>\n\t<meta property=\"og:image:type\" content=\"image\/jpeg\" \/>\n<meta name=\"author\" content=\"qyqzntmy\" \/>\n<meta name=\"twitter:card\" content=\"summary_large_image\" \/>\n<meta name=\"twitter:creator\" content=\"@portofbar\" \/>\n<meta name=\"twitter:site\" content=\"@portofbar\" \/>\n<meta name=\"twitter:label1\" content=\"Written by\" \/>\n\t<meta name=\"twitter:data1\" content=\"qyqzntmy\" \/>\n\t<meta name=\"twitter:label2\" content=\"Est. reading time\" \/>\n\t<meta name=\"twitter:data2\" content=\"1 minute\" \/>\n<script type=\"application\/ld+json\" class=\"yoast-schema-graph\">{\"@context\":\"https:\\\/\\\/schema.org\",\"@graph\":[{\"@type\":\"Article\",\"@id\":\"https:\\\/\\\/lukabar.me\\\/skupstina-akcionara-29-06-2018\\\/#article\",\"isPartOf\":{\"@id\":\"https:\\\/\\\/lukabar.me\\\/skupstina-akcionara-29-06-2018\\\/\"},\"author\":{\"name\":\"qyqzntmy\",\"@id\":\"https:\\\/\\\/lukabar.me\\\/#\\\/schema\\\/person\\\/84ccd15ea8529df078a6db7f01d0cf50\"},\"headline\":\"Skup\u0161tina akcionara &#8211; 29.06.2018.\",\"datePublished\":\"2018-06-29T12:14:00+00:00\",\"dateModified\":\"2024-08-21T12:16:29+00:00\",\"mainEntityOfPage\":{\"@id\":\"https:\\\/\\\/lukabar.me\\\/skupstina-akcionara-29-06-2018\\\/\"},\"wordCount\":298,\"commentCount\":0,\"publisher\":{\"@id\":\"https:\\\/\\\/lukabar.me\\\/#organization\"},\"image\":{\"@id\":\"https:\\\/\\\/lukabar.me\\\/skupstina-akcionara-29-06-2018\\\/#primaryimage\"},\"thumbnailUrl\":\"https:\\\/\\\/lukabar.me\\\/wp-content\\\/uploads\\\/2024\\\/08\\\/skupstina-akcionara-01-scaled.jpg\",\"articleSection\":[\"Skup\u0161tine akcionara\"],\"inLanguage\":\"en-US\",\"potentialAction\":[{\"@type\":\"CommentAction\",\"name\":\"Comment\",\"target\":[\"https:\\\/\\\/lukabar.me\\\/skupstina-akcionara-29-06-2018\\\/#respond\"]}]},{\"@type\":\"WebPage\",\"@id\":\"https:\\\/\\\/lukabar.me\\\/skupstina-akcionara-29-06-2018\\\/\",\"url\":\"https:\\\/\\\/lukabar.me\\\/skupstina-akcionara-29-06-2018\\\/\",\"name\":\"Skup\u0161tina akcionara - 29.06.2018.\",\"isPartOf\":{\"@id\":\"https:\\\/\\\/lukabar.me\\\/#website\"},\"primaryImageOfPage\":{\"@id\":\"https:\\\/\\\/lukabar.me\\\/skupstina-akcionara-29-06-2018\\\/#primaryimage\"},\"image\":{\"@id\":\"https:\\\/\\\/lukabar.me\\\/skupstina-akcionara-29-06-2018\\\/#primaryimage\"},\"thumbnailUrl\":\"https:\\\/\\\/lukabar.me\\\/wp-content\\\/uploads\\\/2024\\\/08\\\/skupstina-akcionara-01-scaled.jpg\",\"datePublished\":\"2018-06-29T12:14:00+00:00\",\"dateModified\":\"2024-08-21T12:16:29+00:00\",\"description\":\"Na osnovu \u010dl. 36. Zakona o privrednim dru\u0161tvima (\u00abSl.list RCG\u00bb br. 6\\\/02, \u00abSl. list CG\u00bb br. 17\\\/07, br. 80\\\/08, 40\\\/10, 36\\\/11 i 40\\\/11) i \u010dl. 27. Statuta \u00abLuka\",\"breadcrumb\":{\"@id\":\"https:\\\/\\\/lukabar.me\\\/skupstina-akcionara-29-06-2018\\\/#breadcrumb\"},\"inLanguage\":\"en-US\",\"potentialAction\":[{\"@type\":\"ReadAction\",\"target\":[\"https:\\\/\\\/lukabar.me\\\/skupstina-akcionara-29-06-2018\\\/\"]}]},{\"@type\":\"ImageObject\",\"inLanguage\":\"en-US\",\"@id\":\"https:\\\/\\\/lukabar.me\\\/skupstina-akcionara-29-06-2018\\\/#primaryimage\",\"url\":\"https:\\\/\\\/lukabar.me\\\/wp-content\\\/uploads\\\/2024\\\/08\\\/skupstina-akcionara-01-scaled.jpg\",\"contentUrl\":\"https:\\\/\\\/lukabar.me\\\/wp-content\\\/uploads\\\/2024\\\/08\\\/skupstina-akcionara-01-scaled.jpg\",\"width\":2560,\"height\":812},{\"@type\":\"BreadcrumbList\",\"@id\":\"https:\\\/\\\/lukabar.me\\\/skupstina-akcionara-29-06-2018\\\/#breadcrumb\",\"itemListElement\":[{\"@type\":\"ListItem\",\"position\":1,\"name\":\"Home\",\"item\":\"https:\\\/\\\/lukabar.me\\\/\"},{\"@type\":\"ListItem\",\"position\":2,\"name\":\"Skup\u0161tina akcionara &#8211; 29.06.2018.\"}]},{\"@type\":\"WebSite\",\"@id\":\"https:\\\/\\\/lukabar.me\\\/#website\",\"url\":\"https:\\\/\\\/lukabar.me\\\/\",\"name\":\"Luka Bar | Port of Bar - Connecting Montenegro to Global Trade\",\"description\":\"Svijet na Dohvat Luke | World Within Port&#039;s Reach\",\"publisher\":{\"@id\":\"https:\\\/\\\/lukabar.me\\\/#organization\"},\"alternateName\":\"Luka Bar | Port of Bar\",\"potentialAction\":[{\"@type\":\"SearchAction\",\"target\":{\"@type\":\"EntryPoint\",\"urlTemplate\":\"https:\\\/\\\/lukabar.me\\\/?s={search_term_string}\"},\"query-input\":{\"@type\":\"PropertyValueSpecification\",\"valueRequired\":true,\"valueName\":\"search_term_string\"}}],\"inLanguage\":\"en-US\"},{\"@type\":\"Organization\",\"@id\":\"https:\\\/\\\/lukabar.me\\\/#organization\",\"name\":\"Luka Bar | Port of Bar - Connecting Montenegro to Global Trade\",\"alternateName\":\"Luka Bar | Port of Bar\",\"url\":\"https:\\\/\\\/lukabar.me\\\/\",\"logo\":{\"@type\":\"ImageObject\",\"inLanguage\":\"en-US\",\"@id\":\"https:\\\/\\\/lukabar.me\\\/#\\\/schema\\\/logo\\\/image\\\/\",\"url\":\"https:\\\/\\\/lukabar.me\\\/wp-content\\\/uploads\\\/2025\\\/01\\\/lukabar-logo-seo-01-scaled.jpg\",\"contentUrl\":\"https:\\\/\\\/lukabar.me\\\/wp-content\\\/uploads\\\/2025\\\/01\\\/lukabar-logo-seo-01-scaled.jpg\",\"width\":2560,\"height\":2560,\"caption\":\"Luka Bar | Port of Bar - Connecting Montenegro to Global Trade\"},\"image\":{\"@id\":\"https:\\\/\\\/lukabar.me\\\/#\\\/schema\\\/logo\\\/image\\\/\"},\"sameAs\":[\"https:\\\/\\\/www.facebook.com\\\/portofbar\",\"https:\\\/\\\/x.com\\\/portofbar\",\"https:\\\/\\\/instagram.com\\\/portofbar\",\"https:\\\/\\\/www.linkedin.com\\\/company\\\/port-of-bar\",\"https:\\\/\\\/www.youtube.com\\\/@portofbarmontenegro\"]},{\"@type\":\"Person\",\"@id\":\"https:\\\/\\\/lukabar.me\\\/#\\\/schema\\\/person\\\/84ccd15ea8529df078a6db7f01d0cf50\",\"name\":\"qyqzntmy\",\"image\":{\"@type\":\"ImageObject\",\"inLanguage\":\"en-US\",\"@id\":\"https:\\\/\\\/secure.gravatar.com\\\/avatar\\\/34512178c8047217f2f61ffdd71737957c3b33f2936e498c6153ae6dab2989ba?s=96&d=mm&r=g\",\"url\":\"https:\\\/\\\/secure.gravatar.com\\\/avatar\\\/34512178c8047217f2f61ffdd71737957c3b33f2936e498c6153ae6dab2989ba?s=96&d=mm&r=g\",\"contentUrl\":\"https:\\\/\\\/secure.gravatar.com\\\/avatar\\\/34512178c8047217f2f61ffdd71737957c3b33f2936e498c6153ae6dab2989ba?s=96&d=mm&r=g\",\"caption\":\"qyqzntmy\"},\"sameAs\":[\"https:\\\/\\\/lukabar.me\"],\"url\":\"https:\\\/\\\/lukabar.me\\\/en\\\/author\\\/qyqzntmy\\\/\"}]}<\/script>\n<!-- \/ Yoast SEO plugin. -->","yoast_head_json":{"title":"Skup\u0161tina akcionara - 29.06.2018.","description":"Na osnovu \u010dl. 36. Zakona o privrednim dru\u0161tvima (\u00abSl.list RCG\u00bb br. 6\/02, \u00abSl. list CG\u00bb br. 17\/07, br. 80\/08, 40\/10, 36\/11 i 40\/11) i \u010dl. 27. Statuta \u00abLuka","robots":{"index":"index","follow":"follow","max-snippet":"max-snippet:-1","max-image-preview":"max-image-preview:large","max-video-preview":"max-video-preview:-1"},"canonical":"https:\/\/lukabar.me\/en\/skupstina-akcionara-29-06-2018\/","og_locale":"en_US","og_type":"article","og_title":"Skup\u0161tina akcionara - 29.06.2018.","og_description":"Na osnovu \u010dl. 36. Zakona o privrednim dru\u0161tvima (\u00abSl.list RCG\u00bb br. 6\/02, \u00abSl. list CG\u00bb br. 17\/07, br. 80\/08, 40\/10, 36\/11 i 40\/11) i \u010dl. 27. Statuta \u00abLuka","og_url":"https:\/\/lukabar.me\/en\/skupstina-akcionara-29-06-2018\/","og_site_name":"Luka Bar | Port of Bar - Connecting Montenegro to Global Trade","article_publisher":"https:\/\/www.facebook.com\/portofbar","article_published_time":"2018-06-29T12:14:00+00:00","article_modified_time":"2024-08-21T12:16:29+00:00","og_image":[{"width":2560,"height":812,"url":"https:\/\/lukabar.me\/wp-content\/uploads\/2024\/08\/skupstina-akcionara-01-scaled.jpg","type":"image\/jpeg"}],"author":"qyqzntmy","twitter_card":"summary_large_image","twitter_creator":"@portofbar","twitter_site":"@portofbar","twitter_misc":{"Written by":"qyqzntmy","Est. reading time":"1 minute"},"schema":{"@context":"https:\/\/schema.org","@graph":[{"@type":"Article","@id":"https:\/\/lukabar.me\/skupstina-akcionara-29-06-2018\/#article","isPartOf":{"@id":"https:\/\/lukabar.me\/skupstina-akcionara-29-06-2018\/"},"author":{"name":"qyqzntmy","@id":"https:\/\/lukabar.me\/#\/schema\/person\/84ccd15ea8529df078a6db7f01d0cf50"},"headline":"Skup\u0161tina akcionara &#8211; 29.06.2018.","datePublished":"2018-06-29T12:14:00+00:00","dateModified":"2024-08-21T12:16:29+00:00","mainEntityOfPage":{"@id":"https:\/\/lukabar.me\/skupstina-akcionara-29-06-2018\/"},"wordCount":298,"commentCount":0,"publisher":{"@id":"https:\/\/lukabar.me\/#organization"},"image":{"@id":"https:\/\/lukabar.me\/skupstina-akcionara-29-06-2018\/#primaryimage"},"thumbnailUrl":"https:\/\/lukabar.me\/wp-content\/uploads\/2024\/08\/skupstina-akcionara-01-scaled.jpg","articleSection":["Skup\u0161tine akcionara"],"inLanguage":"en-US","potentialAction":[{"@type":"CommentAction","name":"Comment","target":["https:\/\/lukabar.me\/skupstina-akcionara-29-06-2018\/#respond"]}]},{"@type":"WebPage","@id":"https:\/\/lukabar.me\/skupstina-akcionara-29-06-2018\/","url":"https:\/\/lukabar.me\/skupstina-akcionara-29-06-2018\/","name":"Skup\u0161tina akcionara - 29.06.2018.","isPartOf":{"@id":"https:\/\/lukabar.me\/#website"},"primaryImageOfPage":{"@id":"https:\/\/lukabar.me\/skupstina-akcionara-29-06-2018\/#primaryimage"},"image":{"@id":"https:\/\/lukabar.me\/skupstina-akcionara-29-06-2018\/#primaryimage"},"thumbnailUrl":"https:\/\/lukabar.me\/wp-content\/uploads\/2024\/08\/skupstina-akcionara-01-scaled.jpg","datePublished":"2018-06-29T12:14:00+00:00","dateModified":"2024-08-21T12:16:29+00:00","description":"Na osnovu \u010dl. 36. Zakona o privrednim dru\u0161tvima (\u00abSl.list RCG\u00bb br. 6\/02, \u00abSl. list CG\u00bb br. 17\/07, br. 80\/08, 40\/10, 36\/11 i 40\/11) i \u010dl. 27. Statuta \u00abLuka","breadcrumb":{"@id":"https:\/\/lukabar.me\/skupstina-akcionara-29-06-2018\/#breadcrumb"},"inLanguage":"en-US","potentialAction":[{"@type":"ReadAction","target":["https:\/\/lukabar.me\/skupstina-akcionara-29-06-2018\/"]}]},{"@type":"ImageObject","inLanguage":"en-US","@id":"https:\/\/lukabar.me\/skupstina-akcionara-29-06-2018\/#primaryimage","url":"https:\/\/lukabar.me\/wp-content\/uploads\/2024\/08\/skupstina-akcionara-01-scaled.jpg","contentUrl":"https:\/\/lukabar.me\/wp-content\/uploads\/2024\/08\/skupstina-akcionara-01-scaled.jpg","width":2560,"height":812},{"@type":"BreadcrumbList","@id":"https:\/\/lukabar.me\/skupstina-akcionara-29-06-2018\/#breadcrumb","itemListElement":[{"@type":"ListItem","position":1,"name":"Home","item":"https:\/\/lukabar.me\/"},{"@type":"ListItem","position":2,"name":"Skup\u0161tina akcionara &#8211; 29.06.2018."}]},{"@type":"WebSite","@id":"https:\/\/lukabar.me\/#website","url":"https:\/\/lukabar.me\/","name":"Port of Bar | Port of Bar - Connecting Montenegro to Global Trade","description":"World at the Reach of Luke | World Within Port&#039;s Reach","publisher":{"@id":"https:\/\/lukabar.me\/#organization"},"alternateName":"Luka Bar | Port of Bar","potentialAction":[{"@type":"SearchAction","target":{"@type":"EntryPoint","urlTemplate":"https:\/\/lukabar.me\/?s={search_term_string}"},"query-input":{"@type":"PropertyValueSpecification","valueRequired":true,"valueName":"search_term_string"}}],"inLanguage":"en-US"},{"@type":"Organization","@id":"https:\/\/lukabar.me\/#organization","name":"Port of Bar | Port of Bar - Connecting Montenegro to Global Trade","alternateName":"Luka Bar | Port of Bar","url":"https:\/\/lukabar.me\/","logo":{"@type":"ImageObject","inLanguage":"en-US","@id":"https:\/\/lukabar.me\/#\/schema\/logo\/image\/","url":"https:\/\/lukabar.me\/wp-content\/uploads\/2025\/01\/lukabar-logo-seo-01-scaled.jpg","contentUrl":"https:\/\/lukabar.me\/wp-content\/uploads\/2025\/01\/lukabar-logo-seo-01-scaled.jpg","width":2560,"height":2560,"caption":"Luka Bar | Port of Bar - Connecting Montenegro to Global Trade"},"image":{"@id":"https:\/\/lukabar.me\/#\/schema\/logo\/image\/"},"sameAs":["https:\/\/www.facebook.com\/portofbar","https:\/\/x.com\/portofbar","https:\/\/instagram.com\/portofbar","https:\/\/www.linkedin.com\/company\/port-of-bar","https:\/\/www.youtube.com\/@portofbarmontenegro"]},{"@type":"Person","@id":"https:\/\/lukabar.me\/#\/schema\/person\/84ccd15ea8529df078a6db7f01d0cf50","name":"qyqzntmy","image":{"@type":"ImageObject","inLanguage":"en-US","@id":"https:\/\/secure.gravatar.com\/avatar\/34512178c8047217f2f61ffdd71737957c3b33f2936e498c6153ae6dab2989ba?s=96&d=mm&r=g","url":"https:\/\/secure.gravatar.com\/avatar\/34512178c8047217f2f61ffdd71737957c3b33f2936e498c6153ae6dab2989ba?s=96&d=mm&r=g","contentUrl":"https:\/\/secure.gravatar.com\/avatar\/34512178c8047217f2f61ffdd71737957c3b33f2936e498c6153ae6dab2989ba?s=96&d=mm&r=g","caption":"qyqzntmy"},"sameAs":["https:\/\/lukabar.me"],"url":"https:\/\/lukabar.me\/en\/author\/qyqzntmy\/"}]}},"_links":{"self":[{"href":"https:\/\/lukabar.me\/en\/wp-json\/wp\/v2\/posts\/16285","targetHints":{"allow":["GET"]}}],"collection":[{"href":"https:\/\/lukabar.me\/en\/wp-json\/wp\/v2\/posts"}],"about":[{"href":"https:\/\/lukabar.me\/en\/wp-json\/wp\/v2\/types\/post"}],"author":[{"embeddable":true,"href":"https:\/\/lukabar.me\/en\/wp-json\/wp\/v2\/users\/1"}],"replies":[{"embeddable":true,"href":"https:\/\/lukabar.me\/en\/wp-json\/wp\/v2\/comments?post=16285"}],"version-history":[{"count":4,"href":"https:\/\/lukabar.me\/en\/wp-json\/wp\/v2\/posts\/16285\/revisions"}],"predecessor-version":[{"id":16290,"href":"https:\/\/lukabar.me\/en\/wp-json\/wp\/v2\/posts\/16285\/revisions\/16290"}],"wp:featuredmedia":[{"embeddable":true,"href":"https:\/\/lukabar.me\/en\/wp-json\/wp\/v2\/media\/16249"}],"wp:attachment":[{"href":"https:\/\/lukabar.me\/en\/wp-json\/wp\/v2\/media?parent=16285"}],"wp:term":[{"taxonomy":"category","embeddable":true,"href":"https:\/\/lukabar.me\/en\/wp-json\/wp\/v2\/categories?post=16285"},{"taxonomy":"post_tag","embeddable":true,"href":"https:\/\/lukabar.me\/en\/wp-json\/wp\/v2\/tags?post=16285"}],"curies":[{"name":"wp","href":"https:\/\/api.w.org\/{rel}","templated":true}]}}