{"id":16441,"date":"2023-02-24T11:02:00","date_gmt":"2023-02-24T09:02:00","guid":{"rendered":"https:\/\/lukabar.me\/?p=16441"},"modified":"2024-08-22T11:06:00","modified_gmt":"2024-08-22T09:06:00","slug":"skupstina-akcionara-24-02-2023","status":"publish","type":"post","link":"https:\/\/lukabar.me\/en\/skupstina-akcionara-24-02-2023\/","title":{"rendered":"Skup\u0161tina akcionara &#8211; 24.02.2023."},"content":{"rendered":"<div data-elementor-type=\"wp-post\" data-elementor-id=\"16441\" class=\"elementor elementor-16441\">\n\t\t\t\t<div class=\"elementor-element elementor-element-44b5046 e-flex e-con-boxed wpr-particle-no wpr-jarallax-no wpr-parallax-no wpr-sticky-section-no wpr-equal-height-no e-con e-parent\" data-id=\"44b5046\" data-element_type=\"container\" data-e-type=\"container\">\n\t\t\t\t\t<div class=\"e-con-inner\">\n\t\t\t\t<div class=\"elementor-element elementor-element-cd3cf98 de_scroll_animation_no exad-sticky-section-no exad-glass-effect-no elementor-widget elementor-widget-text-editor\" data-id=\"cd3cf98\" data-element_type=\"widget\" data-e-type=\"widget\" data-widget_type=\"text-editor.default\">\n\t\t\t\t<div class=\"elementor-widget-container\">\n\t\t\t\t\t\t\t\t\t<p>Na\u00a0 osnovu\u00a0 \u010dlana 135, 136, 149 i 151 Zakona o privrednim dru\u0161tvima (\u00abSl.list\u00a0 CG\u00bb br.65\/20 i 146\/21) i \u010dlana 33. Statuta\u00a0 \u00abLuka Bar\u00bb AD, Odbor direktora saziva<\/p><p><strong>Extraordinary General\u00a0\u00a0<\/strong><strong>S K U P \u0160 T I N U\u00a0\u00a0\u00a0 A K C I O N A R A\u00a0\u00a0\u00a0\u00a0<\/strong><strong>\u00abLUKA BAR\u00bb\u00a0 AD BAR<\/strong><\/p><p>Skup\u0161tina \u0107e se odr\u017eati dana\u00ad\u00ad\u00ad\u00ad\u00ad\u00ad\u00ad\u00ad 24.02.2023.godine (petak), sa po\u010detkom u 10:00 \u010dasova, u\u00a0 prostorijama\u00a0 Upravne zgrade \u00abLuka Bar\u00bb AD.<\/p><p>The following was proposed for the Assembly:<\/p><p><strong>AGENDA<\/strong><\/p>\t\t\t\t\t\t\t\t<\/div>\n\t\t\t\t<\/div>\n\t\t\t\t<div class=\"elementor-element elementor-element-c745f2f de_scroll_animation_no exad-sticky-section-no exad-glass-effect-no elementor-widget elementor-widget-text-editor\" data-id=\"c745f2f\" data-element_type=\"widget\" data-e-type=\"widget\" data-widget_type=\"text-editor.default\">\n\t\t\t\t<div class=\"elementor-widget-container\">\n\t\t\t\t\t\t\t\t\t<ol><li>Usvajanje Zapisnika sa ponovljene redovne sjednice Skup\u0161tine akcionara, odr\u017eane dana 17.06.2022.godine.<\/li><li>Usvajanje Izmjena i dopuna Statuta \u201eLuka Bar\u201c AD Bar.<\/li><li>Razrje\u0161enje i izbor \u010dlanova Odbora direktora.<\/li><\/ol>\t\t\t\t\t\t\t\t<\/div>\n\t\t\t\t<\/div>\n\t\t\t\t<div class=\"elementor-element elementor-element-4475e65 de_scroll_animation_no exad-sticky-section-no exad-glass-effect-no elementor-widget elementor-widget-text-editor\" data-id=\"4475e65\" data-element_type=\"widget\" data-e-type=\"widget\" data-widget_type=\"text-editor.default\">\n\t\t\t\t<div class=\"elementor-widget-container\">\n\t\t\t\t\t\t\t\t\t<p>Decisions on all items of the agenda are made by the majority of votes of the present or represented shareholders from a quorum that is at least half of the total number of Company shares with voting rights.<\/p><p>The election of members of the Board of Directors will be conducted through ballots. During the election of the members of the Board of Directors, each share with the right to vote gives the number of votes equal to the number of members determined by the Statute.<\/p><p>Shareholders are obliged to announce their presence at the Assembly no later than 24 hours before the session, by calling 030\/300-545.<\/p><p>The shareholder has the right to authorize another person to attend and vote at the Assembly. The power of attorney must be certified, in accordance with the Law.<\/p><p>Materijal\u00a0 za vanrednu Skup\u0161tinu\u00a0 stavi\u0107e se\u00a0 na raspolaganje akcionarima u Upravnoj\u00a0 zgradi\u00a0 Dru\u0161tva, svakog radnog dana (u toku radnog vremena), shodno\u00a0 Zakonu, Statutu\u00a0 i Poslovniku o radu Skup\u0161tine akcionara \u00abLuka Bar\u00bb AD.<\/p><p>Material for the Assembly can be seen on the website of the Port of Bar\u00a0<a href=\"https:\/\/lukabar.me\/en\/\">www.lukabar.me<\/a>.<\/p><p>ZAMJENIK PREDSJEDNIKA<br \/>ODBORA DIREKTORA<br \/>Mr Darko Peki\u0107,s.r.<\/p>\t\t\t\t\t\t\t\t<\/div>\n\t\t\t\t<\/div>\n\t\t\t\t<div class=\"elementor-element elementor-element-fc7ce49 premium-title-color de_scroll_animation_no exad-sticky-section-no exad-glass-effect-no elementor-widget elementor-widget-premium-addon-title\" data-id=\"fc7ce49\" data-element_type=\"widget\" data-e-type=\"widget\" data-widget_type=\"premium-addon-title.default\">\n\t\t\t\t<div class=\"elementor-widget-container\">\n\t\t\t\t\t\n\t\t<div class=\"premium-title-wrapper\">\n\t\t\t<div class=\"premium-title-container style1\">\n\t\t\t\t<h3 class=\"premium-title-header premium-title-style1\">\n\t\t\t\t\t\n\t\t\t\t\t\n\t\t\t\t\t\t\t\t\t\t\t\t\t\t\t<span class=\"premium-title-text\">\n\t\t\t\t\t\tATTACHMENTS\t\t\t\t\t<\/span>\n\t\t\t\t\t\t\n\t\t\t\t\t\t\t\t\t\t\n\t\t\t\t\t\t\t\t\t<\/h3>\n\n\t\t\t<\/div>\n\n\t\t\t\t\t<\/div>\n\n\t\t\t\t\t\t<\/div>\n\t\t\t\t<\/div>\n\t\t\t\t<div class=\"exad-link-anything-wrapper elementor-element elementor-element-ba6a5ea jkit-equal-height-disable de_scroll_animation_no exad-sticky-section-no exad-glass-effect-no elementor-widget elementor-widget-jkit_icon_box\" data-exad-element-link=\"{&quot;url&quot;:&quot;https:\\\/\\\/lukabar.me\\\/wp-content\\\/uploads\\\/2024\\\/08\\\/Skupstina-akcionara-24.02.2023.-Glasacki-listici-24.02.23.zip&quot;,&quot;is_external&quot;:&quot;&quot;,&quot;nofollow&quot;:&quot;&quot;,&quot;custom_attributes&quot;:&quot;&quot;}\" style=\"cursor: pointer\" data-id=\"ba6a5ea\" data-element_type=\"widget\" data-e-type=\"widget\" data-widget_type=\"jkit_icon_box.default\">\n\t\t\t\t<div class=\"elementor-widget-container\">\n\t\t\t\t\t<div  class=\"jeg-elementor-kit jkit-icon-box icon-position-left elementor-animation-float jeg_module___69f337441651d\" ><div class=\"jkit-icon-box-wrapper hover-from-left\"><div class=\"icon-box icon-box-header elementor-animation-\"><div class=\"icon style-color\"><i aria-hidden=\"true\" class=\"remixicon ri-file-download-fill\"><\/i><\/div><\/div><div class=\"icon-box icon-box-body\">\n                <h2 class=\"title\">Ballots (Download .zip)<\/h2>\n            <\/div>\n            \n            <\/div><\/div>\t\t\t\t<\/div>\n\t\t\t\t<\/div>\n\t\t\t\t<div class=\"exad-link-anything-wrapper elementor-element elementor-element-0f7655b jkit-equal-height-disable de_scroll_animation_no exad-sticky-section-no exad-glass-effect-no elementor-widget elementor-widget-jkit_icon_box\" data-exad-element-link=\"{&quot;url&quot;:&quot;https:\\\/\\\/lukabar.me\\\/wp-content\\\/uploads\\\/2024\\\/08\\\/Skupstina-akcionara-24.02.2023.-Punomocje.pdf&quot;,&quot;is_external&quot;:&quot;&quot;,&quot;nofollow&quot;:&quot;&quot;,&quot;custom_attributes&quot;:&quot;&quot;}\" style=\"cursor: pointer\" data-id=\"0f7655b\" data-element_type=\"widget\" data-e-type=\"widget\" data-widget_type=\"jkit_icon_box.default\">\n\t\t\t\t<div class=\"elementor-widget-container\">\n\t\t\t\t\t<div  class=\"jeg-elementor-kit jkit-icon-box icon-position-left elementor-animation-float jeg_module__1_69f3374418927\" ><div class=\"jkit-icon-box-wrapper hover-from-left\"><div class=\"icon-box icon-box-header elementor-animation-\"><div class=\"icon style-color\"><i aria-hidden=\"true\" class=\"remixicon ri-file-download-fill\"><\/i><\/div><\/div><div class=\"icon-box icon-box-body\">\n                <h2 class=\"title\">Power of attorney (Download .pdf)<\/h2>\n            <\/div>\n            \n            <\/div><\/div>\t\t\t\t<\/div>\n\t\t\t\t<\/div>\n\t\t\t\t\t<\/div>\n\t\t\t\t<\/div>\n\t\t\t\t<\/div>","protected":false},"excerpt":{"rendered":"<p>Na\u00a0 osnovu\u00a0 \u010dlana 135, 136, 149 i 151 Zakona o privrednim dru\u0161tvima (\u00abSl.list\u00a0 CG\u00bb br.65\/20 i 146\/21) i \u010dlana 33. Statuta\u00a0 \u00abLuka Bar\u00bb AD, Odbor direktora saziva V A N R E D N U\u00a0\u00a0S K U P \u0160 T I N U\u00a0\u00a0\u00a0 A K C I O N A R A\u00a0\u00a0\u00a0\u00a0\u00abLUKA BAR\u00bb\u00a0 AD BAR Skup\u0161tina \u0107e se odr\u017eati dana\u00ad\u00ad\u00ad\u00ad\u00ad\u00ad\u00ad\u00ad 24.02.2023.godine (petak), sa po\u010detkom u 10:00 \u010dasova, u\u00a0 prostorijama\u00a0 Upravne zgrade \u00abLuka Bar\u00bb AD. Za Skup\u0161tinu je predlo\u017een slijede\u0107i: D N E V N I\u00a0\u00a0 R E D Usvajanje Zapisnika sa ponovljene redovne sjednice Skup\u0161tine akcionara, odr\u017eane dana 17.06.2022.godine. Usvajanje Izmjena i dopuna Statuta \u201eLuka Bar\u201c AD Bar. Razrje\u0161enje i izbor \u010dlanova Odbora direktora. Odluke po svim ta\u010dkama dnevnog reda, donose se ve\u0107inom glasova prisutnih ili zastupanih akcionara od kvoruma koji \u010dini najmanje polovina ukupnog broja akcija Dru\u0161tva sa pravom glasa. Izbor \u010dlanova Odbora direktora bi\u0107e sproveden putem glasa\u010dkih listi\u0107a. Prilikom izbora \u010dlanova Odbora direktora svaka akcija sa pravom glasa daje broj glasova jednak broju \u010dlanova utvr\u0111enih Statutom. Akcionari su\u00a0 du\u017eni\u00a0 da svoje prisustvo na Skup\u0161tini najave najkasnije 24 \u010dasa prije odr\u017eavanja sjednice, na telefon\u00a0 030\/300-545. Akcionar ima pravo da opunomo\u0107i drugo lice za prisustvo i glasanje na Skup\u0161tini. Punomo\u0107je\u00a0 mora biti\u00a0 ovjereno, u skladu sa Zakonom. Materijal\u00a0 za vanrednu Skup\u0161tinu\u00a0 stavi\u0107e se\u00a0 na raspolaganje akcionarima u Upravnoj\u00a0 zgradi\u00a0 Dru\u0161tva, svakog radnog dana (u toku radnog vremena), shodno\u00a0 Zakonu, Statutu\u00a0 i Poslovniku o radu Skup\u0161tine akcionara \u00abLuka Bar\u00bb AD. Materijal za Skup\u0161tinu mo\u017ee\u00a0 se vidjeti na web site Luke\u00a0www.lukabar.me. ZAMJENIK PREDSJEDNIKAODBORA DIREKTORAMr Darko Peki\u0107,s.r. prilozi Glasa\u010dki listi\u0107i (Download .zip) Punomo\u0107je (Download .pdf)<\/p>","protected":false},"author":1,"featured_media":16249,"comment_status":"open","ping_status":"open","sticky":false,"template":"","format":"standard","meta":{"footnotes":""},"categories":[22],"tags":[],"class_list":["post-16441","post","type-post","status-publish","format-standard","has-post-thumbnail","hentry","category-skupstine-akcionara"],"blocksy_meta":[],"yoast_head":"<!-- This site is optimized with the Yoast SEO plugin v27.5 - https:\/\/yoast.com\/product\/yoast-seo-wordpress\/ -->\n<title>Skup\u0161tina akcionara - 24.02.2023.<\/title>\n<meta name=\"description\" content=\"Na\u00a0 osnovu\u00a0 \u010dlana 135, 136, 149 i 151 Zakona o privrednim dru\u0161tvima (\u00abSl.list\u00a0 CG\u00bb br.65\/20 i 146\/21) i \u010dlana 33. Statuta\u00a0 \u00abLuka Bar\u00bb AD, Odbor direktora\" \/>\n<meta name=\"robots\" content=\"index, follow, max-snippet:-1, max-image-preview:large, max-video-preview:-1\" \/>\n<link rel=\"canonical\" href=\"https:\/\/lukabar.me\/en\/skupstina-akcionara-24-02-2023\/\" \/>\n<meta property=\"og:locale\" content=\"en_US\" \/>\n<meta property=\"og:type\" content=\"article\" \/>\n<meta property=\"og:title\" content=\"Skup\u0161tina akcionara - 24.02.2023.\" \/>\n<meta property=\"og:description\" content=\"Na\u00a0 osnovu\u00a0 \u010dlana 135, 136, 149 i 151 Zakona o privrednim dru\u0161tvima (\u00abSl.list\u00a0 CG\u00bb br.65\/20 i 146\/21) i \u010dlana 33. Statuta\u00a0 \u00abLuka Bar\u00bb AD, Odbor direktora\" \/>\n<meta property=\"og:url\" content=\"https:\/\/lukabar.me\/en\/skupstina-akcionara-24-02-2023\/\" \/>\n<meta property=\"og:site_name\" content=\"Luka Bar | Port of Bar - Connecting Montenegro to Global Trade\" \/>\n<meta property=\"article:publisher\" content=\"https:\/\/www.facebook.com\/portofbar\" \/>\n<meta property=\"article:published_time\" content=\"2023-02-24T09:02:00+00:00\" \/>\n<meta property=\"article:modified_time\" content=\"2024-08-22T09:06:00+00:00\" \/>\n<meta property=\"og:image\" content=\"https:\/\/lukabar.me\/wp-content\/uploads\/2024\/08\/skupstina-akcionara-01-scaled.jpg\" \/>\n\t<meta property=\"og:image:width\" content=\"2560\" \/>\n\t<meta property=\"og:image:height\" content=\"812\" \/>\n\t<meta property=\"og:image:type\" content=\"image\/jpeg\" \/>\n<meta name=\"author\" content=\"qyqzntmy\" \/>\n<meta name=\"twitter:card\" content=\"summary_large_image\" \/>\n<meta name=\"twitter:creator\" content=\"@portofbar\" \/>\n<meta name=\"twitter:site\" content=\"@portofbar\" \/>\n<meta name=\"twitter:label1\" content=\"Written by\" \/>\n\t<meta name=\"twitter:data1\" content=\"qyqzntmy\" \/>\n\t<meta name=\"twitter:label2\" content=\"Est. reading time\" \/>\n\t<meta name=\"twitter:data2\" content=\"1 minute\" \/>\n<script type=\"application\/ld+json\" class=\"yoast-schema-graph\">{\"@context\":\"https:\\\/\\\/schema.org\",\"@graph\":[{\"@type\":\"Article\",\"@id\":\"https:\\\/\\\/lukabar.me\\\/skupstina-akcionara-24-02-2023\\\/#article\",\"isPartOf\":{\"@id\":\"https:\\\/\\\/lukabar.me\\\/skupstina-akcionara-24-02-2023\\\/\"},\"author\":{\"name\":\"qyqzntmy\",\"@id\":\"https:\\\/\\\/lukabar.me\\\/#\\\/schema\\\/person\\\/84ccd15ea8529df078a6db7f01d0cf50\"},\"headline\":\"Skup\u0161tina akcionara &#8211; 24.02.2023.\",\"datePublished\":\"2023-02-24T09:02:00+00:00\",\"dateModified\":\"2024-08-22T09:06:00+00:00\",\"mainEntityOfPage\":{\"@id\":\"https:\\\/\\\/lukabar.me\\\/skupstina-akcionara-24-02-2023\\\/\"},\"wordCount\":297,\"commentCount\":0,\"publisher\":{\"@id\":\"https:\\\/\\\/lukabar.me\\\/#organization\"},\"image\":{\"@id\":\"https:\\\/\\\/lukabar.me\\\/skupstina-akcionara-24-02-2023\\\/#primaryimage\"},\"thumbnailUrl\":\"https:\\\/\\\/lukabar.me\\\/wp-content\\\/uploads\\\/2024\\\/08\\\/skupstina-akcionara-01-scaled.jpg\",\"articleSection\":[\"Skup\u0161tine akcionara\"],\"inLanguage\":\"en-US\",\"potentialAction\":[{\"@type\":\"CommentAction\",\"name\":\"Comment\",\"target\":[\"https:\\\/\\\/lukabar.me\\\/skupstina-akcionara-24-02-2023\\\/#respond\"]}]},{\"@type\":\"WebPage\",\"@id\":\"https:\\\/\\\/lukabar.me\\\/skupstina-akcionara-24-02-2023\\\/\",\"url\":\"https:\\\/\\\/lukabar.me\\\/skupstina-akcionara-24-02-2023\\\/\",\"name\":\"Skup\u0161tina akcionara - 24.02.2023.\",\"isPartOf\":{\"@id\":\"https:\\\/\\\/lukabar.me\\\/#website\"},\"primaryImageOfPage\":{\"@id\":\"https:\\\/\\\/lukabar.me\\\/skupstina-akcionara-24-02-2023\\\/#primaryimage\"},\"image\":{\"@id\":\"https:\\\/\\\/lukabar.me\\\/skupstina-akcionara-24-02-2023\\\/#primaryimage\"},\"thumbnailUrl\":\"https:\\\/\\\/lukabar.me\\\/wp-content\\\/uploads\\\/2024\\\/08\\\/skupstina-akcionara-01-scaled.jpg\",\"datePublished\":\"2023-02-24T09:02:00+00:00\",\"dateModified\":\"2024-08-22T09:06:00+00:00\",\"description\":\"Na\u00a0 osnovu\u00a0 \u010dlana 135, 136, 149 i 151 Zakona o privrednim dru\u0161tvima (\u00abSl.list\u00a0 CG\u00bb br.65\\\/20 i 146\\\/21) i \u010dlana 33. Statuta\u00a0 \u00abLuka Bar\u00bb AD, Odbor direktora\",\"breadcrumb\":{\"@id\":\"https:\\\/\\\/lukabar.me\\\/skupstina-akcionara-24-02-2023\\\/#breadcrumb\"},\"inLanguage\":\"en-US\",\"potentialAction\":[{\"@type\":\"ReadAction\",\"target\":[\"https:\\\/\\\/lukabar.me\\\/skupstina-akcionara-24-02-2023\\\/\"]}]},{\"@type\":\"ImageObject\",\"inLanguage\":\"en-US\",\"@id\":\"https:\\\/\\\/lukabar.me\\\/skupstina-akcionara-24-02-2023\\\/#primaryimage\",\"url\":\"https:\\\/\\\/lukabar.me\\\/wp-content\\\/uploads\\\/2024\\\/08\\\/skupstina-akcionara-01-scaled.jpg\",\"contentUrl\":\"https:\\\/\\\/lukabar.me\\\/wp-content\\\/uploads\\\/2024\\\/08\\\/skupstina-akcionara-01-scaled.jpg\",\"width\":2560,\"height\":812},{\"@type\":\"BreadcrumbList\",\"@id\":\"https:\\\/\\\/lukabar.me\\\/skupstina-akcionara-24-02-2023\\\/#breadcrumb\",\"itemListElement\":[{\"@type\":\"ListItem\",\"position\":1,\"name\":\"Home\",\"item\":\"https:\\\/\\\/lukabar.me\\\/\"},{\"@type\":\"ListItem\",\"position\":2,\"name\":\"Skup\u0161tina akcionara &#8211; 24.02.2023.\"}]},{\"@type\":\"WebSite\",\"@id\":\"https:\\\/\\\/lukabar.me\\\/#website\",\"url\":\"https:\\\/\\\/lukabar.me\\\/\",\"name\":\"Luka Bar | Port of Bar - Connecting Montenegro to Global Trade\",\"description\":\"Svijet na Dohvat Luke | World Within Port&#039;s Reach\",\"publisher\":{\"@id\":\"https:\\\/\\\/lukabar.me\\\/#organization\"},\"alternateName\":\"Luka Bar | Port of Bar\",\"potentialAction\":[{\"@type\":\"SearchAction\",\"target\":{\"@type\":\"EntryPoint\",\"urlTemplate\":\"https:\\\/\\\/lukabar.me\\\/?s={search_term_string}\"},\"query-input\":{\"@type\":\"PropertyValueSpecification\",\"valueRequired\":true,\"valueName\":\"search_term_string\"}}],\"inLanguage\":\"en-US\"},{\"@type\":\"Organization\",\"@id\":\"https:\\\/\\\/lukabar.me\\\/#organization\",\"name\":\"Luka Bar | Port of Bar - Connecting Montenegro to Global Trade\",\"alternateName\":\"Luka Bar | Port of Bar\",\"url\":\"https:\\\/\\\/lukabar.me\\\/\",\"logo\":{\"@type\":\"ImageObject\",\"inLanguage\":\"en-US\",\"@id\":\"https:\\\/\\\/lukabar.me\\\/#\\\/schema\\\/logo\\\/image\\\/\",\"url\":\"https:\\\/\\\/lukabar.me\\\/wp-content\\\/uploads\\\/2025\\\/01\\\/lukabar-logo-seo-01-scaled.jpg\",\"contentUrl\":\"https:\\\/\\\/lukabar.me\\\/wp-content\\\/uploads\\\/2025\\\/01\\\/lukabar-logo-seo-01-scaled.jpg\",\"width\":2560,\"height\":2560,\"caption\":\"Luka Bar | Port of Bar - Connecting Montenegro to Global Trade\"},\"image\":{\"@id\":\"https:\\\/\\\/lukabar.me\\\/#\\\/schema\\\/logo\\\/image\\\/\"},\"sameAs\":[\"https:\\\/\\\/www.facebook.com\\\/portofbar\",\"https:\\\/\\\/x.com\\\/portofbar\",\"https:\\\/\\\/instagram.com\\\/portofbar\",\"https:\\\/\\\/www.linkedin.com\\\/company\\\/port-of-bar\",\"https:\\\/\\\/www.youtube.com\\\/@portofbarmontenegro\"]},{\"@type\":\"Person\",\"@id\":\"https:\\\/\\\/lukabar.me\\\/#\\\/schema\\\/person\\\/84ccd15ea8529df078a6db7f01d0cf50\",\"name\":\"qyqzntmy\",\"image\":{\"@type\":\"ImageObject\",\"inLanguage\":\"en-US\",\"@id\":\"https:\\\/\\\/secure.gravatar.com\\\/avatar\\\/34512178c8047217f2f61ffdd71737957c3b33f2936e498c6153ae6dab2989ba?s=96&d=mm&r=g\",\"url\":\"https:\\\/\\\/secure.gravatar.com\\\/avatar\\\/34512178c8047217f2f61ffdd71737957c3b33f2936e498c6153ae6dab2989ba?s=96&d=mm&r=g\",\"contentUrl\":\"https:\\\/\\\/secure.gravatar.com\\\/avatar\\\/34512178c8047217f2f61ffdd71737957c3b33f2936e498c6153ae6dab2989ba?s=96&d=mm&r=g\",\"caption\":\"qyqzntmy\"},\"sameAs\":[\"https:\\\/\\\/lukabar.me\"],\"url\":\"https:\\\/\\\/lukabar.me\\\/en\\\/author\\\/qyqzntmy\\\/\"}]}<\/script>\n<!-- \/ Yoast SEO plugin. -->","yoast_head_json":{"title":"Skup\u0161tina akcionara - 24.02.2023.","description":"Na\u00a0 osnovu\u00a0 \u010dlana 135, 136, 149 i 151 Zakona o privrednim dru\u0161tvima (\u00abSl.list\u00a0 CG\u00bb br.65\/20 i 146\/21) i \u010dlana 33. Statuta\u00a0 \u00abLuka Bar\u00bb AD, Odbor direktora","robots":{"index":"index","follow":"follow","max-snippet":"max-snippet:-1","max-image-preview":"max-image-preview:large","max-video-preview":"max-video-preview:-1"},"canonical":"https:\/\/lukabar.me\/en\/skupstina-akcionara-24-02-2023\/","og_locale":"en_US","og_type":"article","og_title":"Skup\u0161tina akcionara - 24.02.2023.","og_description":"Na\u00a0 osnovu\u00a0 \u010dlana 135, 136, 149 i 151 Zakona o privrednim dru\u0161tvima (\u00abSl.list\u00a0 CG\u00bb br.65\/20 i 146\/21) i \u010dlana 33. Statuta\u00a0 \u00abLuka Bar\u00bb AD, Odbor direktora","og_url":"https:\/\/lukabar.me\/en\/skupstina-akcionara-24-02-2023\/","og_site_name":"Luka Bar | Port of Bar - Connecting Montenegro to Global Trade","article_publisher":"https:\/\/www.facebook.com\/portofbar","article_published_time":"2023-02-24T09:02:00+00:00","article_modified_time":"2024-08-22T09:06:00+00:00","og_image":[{"width":2560,"height":812,"url":"https:\/\/lukabar.me\/wp-content\/uploads\/2024\/08\/skupstina-akcionara-01-scaled.jpg","type":"image\/jpeg"}],"author":"qyqzntmy","twitter_card":"summary_large_image","twitter_creator":"@portofbar","twitter_site":"@portofbar","twitter_misc":{"Written by":"qyqzntmy","Est. reading time":"1 minute"},"schema":{"@context":"https:\/\/schema.org","@graph":[{"@type":"Article","@id":"https:\/\/lukabar.me\/skupstina-akcionara-24-02-2023\/#article","isPartOf":{"@id":"https:\/\/lukabar.me\/skupstina-akcionara-24-02-2023\/"},"author":{"name":"qyqzntmy","@id":"https:\/\/lukabar.me\/#\/schema\/person\/84ccd15ea8529df078a6db7f01d0cf50"},"headline":"Skup\u0161tina akcionara &#8211; 24.02.2023.","datePublished":"2023-02-24T09:02:00+00:00","dateModified":"2024-08-22T09:06:00+00:00","mainEntityOfPage":{"@id":"https:\/\/lukabar.me\/skupstina-akcionara-24-02-2023\/"},"wordCount":297,"commentCount":0,"publisher":{"@id":"https:\/\/lukabar.me\/#organization"},"image":{"@id":"https:\/\/lukabar.me\/skupstina-akcionara-24-02-2023\/#primaryimage"},"thumbnailUrl":"https:\/\/lukabar.me\/wp-content\/uploads\/2024\/08\/skupstina-akcionara-01-scaled.jpg","articleSection":["Skup\u0161tine akcionara"],"inLanguage":"en-US","potentialAction":[{"@type":"CommentAction","name":"Comment","target":["https:\/\/lukabar.me\/skupstina-akcionara-24-02-2023\/#respond"]}]},{"@type":"WebPage","@id":"https:\/\/lukabar.me\/skupstina-akcionara-24-02-2023\/","url":"https:\/\/lukabar.me\/skupstina-akcionara-24-02-2023\/","name":"Skup\u0161tina akcionara - 24.02.2023.","isPartOf":{"@id":"https:\/\/lukabar.me\/#website"},"primaryImageOfPage":{"@id":"https:\/\/lukabar.me\/skupstina-akcionara-24-02-2023\/#primaryimage"},"image":{"@id":"https:\/\/lukabar.me\/skupstina-akcionara-24-02-2023\/#primaryimage"},"thumbnailUrl":"https:\/\/lukabar.me\/wp-content\/uploads\/2024\/08\/skupstina-akcionara-01-scaled.jpg","datePublished":"2023-02-24T09:02:00+00:00","dateModified":"2024-08-22T09:06:00+00:00","description":"Na\u00a0 osnovu\u00a0 \u010dlana 135, 136, 149 i 151 Zakona o privrednim dru\u0161tvima (\u00abSl.list\u00a0 CG\u00bb br.65\/20 i 146\/21) i \u010dlana 33. Statuta\u00a0 \u00abLuka Bar\u00bb AD, Odbor direktora","breadcrumb":{"@id":"https:\/\/lukabar.me\/skupstina-akcionara-24-02-2023\/#breadcrumb"},"inLanguage":"en-US","potentialAction":[{"@type":"ReadAction","target":["https:\/\/lukabar.me\/skupstina-akcionara-24-02-2023\/"]}]},{"@type":"ImageObject","inLanguage":"en-US","@id":"https:\/\/lukabar.me\/skupstina-akcionara-24-02-2023\/#primaryimage","url":"https:\/\/lukabar.me\/wp-content\/uploads\/2024\/08\/skupstina-akcionara-01-scaled.jpg","contentUrl":"https:\/\/lukabar.me\/wp-content\/uploads\/2024\/08\/skupstina-akcionara-01-scaled.jpg","width":2560,"height":812},{"@type":"BreadcrumbList","@id":"https:\/\/lukabar.me\/skupstina-akcionara-24-02-2023\/#breadcrumb","itemListElement":[{"@type":"ListItem","position":1,"name":"Home","item":"https:\/\/lukabar.me\/"},{"@type":"ListItem","position":2,"name":"Skup\u0161tina akcionara &#8211; 24.02.2023."}]},{"@type":"WebSite","@id":"https:\/\/lukabar.me\/#website","url":"https:\/\/lukabar.me\/","name":"Port of Bar | Port of Bar - Connecting Montenegro to Global Trade","description":"World at the Reach of Luke | World Within Port&#039;s Reach","publisher":{"@id":"https:\/\/lukabar.me\/#organization"},"alternateName":"Luka Bar | Port of Bar","potentialAction":[{"@type":"SearchAction","target":{"@type":"EntryPoint","urlTemplate":"https:\/\/lukabar.me\/?s={search_term_string}"},"query-input":{"@type":"PropertyValueSpecification","valueRequired":true,"valueName":"search_term_string"}}],"inLanguage":"en-US"},{"@type":"Organization","@id":"https:\/\/lukabar.me\/#organization","name":"Port of Bar | Port of Bar - Connecting Montenegro to Global Trade","alternateName":"Luka Bar | Port of Bar","url":"https:\/\/lukabar.me\/","logo":{"@type":"ImageObject","inLanguage":"en-US","@id":"https:\/\/lukabar.me\/#\/schema\/logo\/image\/","url":"https:\/\/lukabar.me\/wp-content\/uploads\/2025\/01\/lukabar-logo-seo-01-scaled.jpg","contentUrl":"https:\/\/lukabar.me\/wp-content\/uploads\/2025\/01\/lukabar-logo-seo-01-scaled.jpg","width":2560,"height":2560,"caption":"Luka Bar | Port of Bar - Connecting Montenegro to Global Trade"},"image":{"@id":"https:\/\/lukabar.me\/#\/schema\/logo\/image\/"},"sameAs":["https:\/\/www.facebook.com\/portofbar","https:\/\/x.com\/portofbar","https:\/\/instagram.com\/portofbar","https:\/\/www.linkedin.com\/company\/port-of-bar","https:\/\/www.youtube.com\/@portofbarmontenegro"]},{"@type":"Person","@id":"https:\/\/lukabar.me\/#\/schema\/person\/84ccd15ea8529df078a6db7f01d0cf50","name":"qyqzntmy","image":{"@type":"ImageObject","inLanguage":"en-US","@id":"https:\/\/secure.gravatar.com\/avatar\/34512178c8047217f2f61ffdd71737957c3b33f2936e498c6153ae6dab2989ba?s=96&d=mm&r=g","url":"https:\/\/secure.gravatar.com\/avatar\/34512178c8047217f2f61ffdd71737957c3b33f2936e498c6153ae6dab2989ba?s=96&d=mm&r=g","contentUrl":"https:\/\/secure.gravatar.com\/avatar\/34512178c8047217f2f61ffdd71737957c3b33f2936e498c6153ae6dab2989ba?s=96&d=mm&r=g","caption":"qyqzntmy"},"sameAs":["https:\/\/lukabar.me"],"url":"https:\/\/lukabar.me\/en\/author\/qyqzntmy\/"}]}},"_links":{"self":[{"href":"https:\/\/lukabar.me\/en\/wp-json\/wp\/v2\/posts\/16441","targetHints":{"allow":["GET"]}}],"collection":[{"href":"https:\/\/lukabar.me\/en\/wp-json\/wp\/v2\/posts"}],"about":[{"href":"https:\/\/lukabar.me\/en\/wp-json\/wp\/v2\/types\/post"}],"author":[{"embeddable":true,"href":"https:\/\/lukabar.me\/en\/wp-json\/wp\/v2\/users\/1"}],"replies":[{"embeddable":true,"href":"https:\/\/lukabar.me\/en\/wp-json\/wp\/v2\/comments?post=16441"}],"version-history":[{"count":7,"href":"https:\/\/lukabar.me\/en\/wp-json\/wp\/v2\/posts\/16441\/revisions"}],"predecessor-version":[{"id":16451,"href":"https:\/\/lukabar.me\/en\/wp-json\/wp\/v2\/posts\/16441\/revisions\/16451"}],"wp:featuredmedia":[{"embeddable":true,"href":"https:\/\/lukabar.me\/en\/wp-json\/wp\/v2\/media\/16249"}],"wp:attachment":[{"href":"https:\/\/lukabar.me\/en\/wp-json\/wp\/v2\/media?parent=16441"}],"wp:term":[{"taxonomy":"category","embeddable":true,"href":"https:\/\/lukabar.me\/en\/wp-json\/wp\/v2\/categories?post=16441"},{"taxonomy":"post_tag","embeddable":true,"href":"https:\/\/lukabar.me\/en\/wp-json\/wp\/v2\/tags?post=16441"}],"curies":[{"name":"wp","href":"https:\/\/api.w.org\/{rel}","templated":true}]}}