{"id":18436,"date":"2025-08-01T15:13:01","date_gmt":"2025-08-01T14:13:01","guid":{"rendered":"https:\/\/lukabar.me\/?p=18436"},"modified":"2025-08-01T15:16:36","modified_gmt":"2025-08-01T14:16:36","slug":"saopstenje-za-javnost-14","status":"publish","type":"post","link":"https:\/\/lukabar.me\/en\/saopstenje-za-javnost-14\/","title":{"rendered":"Press release"},"content":{"rendered":"<div data-elementor-type=\"wp-post\" data-elementor-id=\"18436\" class=\"elementor elementor-18436\">\n\t\t\t\t<div class=\"elementor-element elementor-element-bb64649 e-flex e-con-boxed wpr-particle-no wpr-jarallax-no wpr-parallax-no wpr-sticky-section-no wpr-equal-height-no e-con e-parent\" data-id=\"bb64649\" data-element_type=\"container\" data-e-type=\"container\">\n\t\t\t\t\t<div class=\"e-con-inner\">\n\t\t\t\t<div class=\"elementor-element elementor-element-c273fe7 de_scroll_animation_no exad-sticky-section-no exad-glass-effect-no elementor-widget elementor-widget-text-editor\" data-id=\"c273fe7\" data-element_type=\"widget\" data-e-type=\"widget\" data-widget_type=\"text-editor.default\">\n\t\t\t\t<div class=\"elementor-widget-container\">\n\t\t\t\t\t\t\t\t\t<p>U srijedu, 30.jula, oko 23:00 h, de\u017eurni slu\u017ebenici Pograni\u010dne policije na Putni\u010dkom terminalu su uo\u010dili da je do\u0161lo do o\u0161te\u0107enja tj. pojave otvora na manipulativnoj povr\u0161ini u zale\u0111u veza 54 na Putni\u010dkom terminalu &#8211; u direktnom zale\u0111u pozicije na kojoj je vr\u0161en privez ferbota \u201cMia\u201d, italijanske kompanije \u201cAdria Ferries\u201d. koja od pro\u0161le godine, tokom ljetnjih mjeseci, odr\u017eava pomorsku liniju Ankona \u2013 Bar \u2013 Dra\u010d. Uvidom na licu mjesta od strane stru\u010dnih lica iz \u201cLuka Bar\u201d AD konstatovana su o\u0161te\u0107enja manipulativne povr\u0161ine i pojava dva otvora ispunjena morskom vodom, \u010dije su okvirne dimenzije zone o\u0161te\u0107enja cca 15 x 15 m.<\/p><p>\u201cLuka Bar\u201d AD je, u najkra\u0107em mogu\u0107em roku, anga\u017eovala ronioca koji je izvr\u0161io snimanje stanja obalnog zida veza 54, kako bi se utvrdila lokacija o\u0161te\u0107enja, njen karakter i\u00a0 obim. Na osnovu snimka kamerom za podvodno snimanje utvr\u0111eno je da je izbijeno nekoliko blokova iz zida operativne obale, izme\u0111u bitvi 3 i 4, na dijelu obale gdje je vr\u0161en privez feribota \u201cMia\u201d. Shodno utvr\u0111enoj situaciji, o\u010digledno slijedi da je <em>naru\u0161avanje stabilnosti blokova izazvano \u201cpodlokovanjem\u201d obalnog zida radom elisa propelera feribota \u201cMia\u201d prilikom manevra za pristajanje\/odlazak i tokom boravka broda uz operativnu obalu prema na\u010dinu vezivanja prikazanom na slici iz priloga.<\/em><\/p>\t\t\t\t\t\t\t\t<\/div>\n\t\t\t\t<\/div>\n\t\t\t\t<div class=\"elementor-element elementor-element-f211cd5 de_scroll_animation_no exad-sticky-section-no exad-glass-effect-no elementor-widget elementor-widget-image\" data-id=\"f211cd5\" data-element_type=\"widget\" data-e-type=\"widget\" data-widget_type=\"image.default\">\n\t\t\t\t<div class=\"elementor-widget-container\">\n\t\t\t\t\t\t\t\t\t\t\t\t\t\t\t<img decoding=\"async\" src=\"https:\/\/lukabar.me\/wp-content\/uploads\/2025\/08\/Luka-Bar-Fotografija-2.jpg\" class=\"attachment-full size-full wp-image-18438 wp-post-image\" alt=\"\" \/>\t\t\t\t\t\t\t\t\t\t\t\t\t\t\t<\/div>\n\t\t\t\t<\/div>\n\t\t\t\t<div class=\"elementor-element elementor-element-bc7bd2c de_scroll_animation_no exad-sticky-section-no exad-glass-effect-no elementor-widget elementor-widget-text-editor\" data-id=\"bc7bd2c\" data-element_type=\"widget\" data-e-type=\"widget\" data-widget_type=\"text-editor.default\">\n\t\t\t\t<div class=\"elementor-widget-container\">\n\t\t\t\t\t\t\t\t\t<p>Sam na\u010din vezivanja predmetnog broda, sa minimalnim sigurnosnim rastojanjima, usagla\u0161en je u maju 2024.godine, u koordinaciji Uprave pomorske sigurnosti i upravljanja lukama, Lu\u010dke kapetanije Bar, AD \u201cBarska plovidba\u201d, predstavnika firmi koje se bave pilota\u017emom na podru\u010dju luke Bar i \u201cLuka Bar\u201d AD, a sa modelom vezivanja se saglasio i predstavnik Brodara. U proces definisanja ukupnih radnji vezanih za prihvat broda su bili uklju\u010deni i predstavnici Pograni\u010dne policije i Uprave carina. Vjerovatno je tokom proteklog perioda bilo i vi\u0161e slu\u010dajeva da je krma broda \u201cMia\u201d bila bli\u017ea obalnom zidu od definisanog minimalnog rastojanja od linije operativne obale, \u0161to je intenziviralo \u201cpodlokovanje\u201d obalnog zida i vremenom dovelo do o\u0161te\u0107enja. Feribot \u201cMia\u201d prilikom priveza\/odveza nije koristio remorkere.<\/p><p>Inspektori sigurnosti plovidbe iz Lu\u010dke kapetanije Bar su izvr\u0161ili inspekcijski pregled (31.jula 2025.godine), a Lu\u010dki kapetan \u0107e, shodno nadle\u017enostima propisanim zakonskom regulativom, donijeti odluku o upotrebljivosti predmetnog veza, shodno zahtjevima sigurnosti plovidbe. Ina\u010de, operativna obala na Putni\u010dkom terminalu je gra\u0111ena 50-tih godina pro\u0161log vijeka, kao gravitacioni zid \u2013 na slici iz priloga je dat prikaz presjeka operativne obale. Nakon sanacije o\u0161te\u0107enja izazvanih katastrrofalnim zemljotresom od 15.aprila 1979.godine, Upotrebna dozvola br.06-557\/2-82 za operativnu obalu na Putni\u010dkom terminalu je izdata 10.februara 1983.godine od strane Komiteta za urbanizam, gra\u0111evinarstvo i stambeno-komunalne poslove.<\/p><p>Radi objektivnog informisanja javnosti, a kako se ovaj operativni problem ne bi zloupotrebljavao u dnevno- politi\u010dke svrhe, kakvih je poku\u0161aja i bilo, nastavi\u0107emo blagovremeno i stru\u010dno da obavje\u0161tavamo gra\u0111ane o daljim aktivnostima, kao \u0161to to \u010dinimo i ovim saop\u0161tenjem.<\/p>\t\t\t\t\t\t\t\t<\/div>\n\t\t\t\t<\/div>\n\t\t\t\t<div class=\"elementor-element elementor-element-16000ed de_scroll_animation_no exad-sticky-section-no exad-glass-effect-no elementor-widget elementor-widget-image\" data-id=\"16000ed\" data-element_type=\"widget\" data-e-type=\"widget\" data-widget_type=\"image.default\">\n\t\t\t\t<div class=\"elementor-widget-container\">\n\t\t\t\t\t\t\t\t\t\t\t\t\t\t\t<img fetchpriority=\"high\" decoding=\"async\" width=\"1809\" height=\"2560\" src=\"https:\/\/lukabar.me\/wp-content\/uploads\/2025\/08\/Luka-Bar-Fotografija-3-scaled.jpg\" class=\"attachment-full size-full wp-image-18443 wp-post-image\" alt=\"\" srcset=\"https:\/\/lukabar.me\/wp-content\/uploads\/2025\/08\/Luka-Bar-Fotografija-3-scaled.jpg 1809w, https:\/\/lukabar.me\/wp-content\/uploads\/2025\/08\/Luka-Bar-Fotografija-3-212x300.jpg 212w, https:\/\/lukabar.me\/wp-content\/uploads\/2025\/08\/Luka-Bar-Fotografija-3-724x1024.jpg 724w, https:\/\/lukabar.me\/wp-content\/uploads\/2025\/08\/Luka-Bar-Fotografija-3-768x1087.jpg 768w, https:\/\/lukabar.me\/wp-content\/uploads\/2025\/08\/Luka-Bar-Fotografija-3-1085x1536.jpg 1085w, https:\/\/lukabar.me\/wp-content\/uploads\/2025\/08\/Luka-Bar-Fotografija-3-1447x2048.jpg 1447w, https:\/\/lukabar.me\/wp-content\/uploads\/2025\/08\/Luka-Bar-Fotografija-3-8x12.jpg 8w\" sizes=\"(max-width: 1809px) 100vw, 1809px\" \/>\t\t\t\t\t\t\t\t\t\t\t\t\t\t\t<\/div>\n\t\t\t\t<\/div>\n\t\t\t\t\t<\/div>\n\t\t\t\t<\/div>\n\t\t\t\t<\/div>","protected":false},"excerpt":{"rendered":"<p>U srijedu, 30.jula, oko 23:00 h, de\u017eurni slu\u017ebenici Pograni\u010dne policije na Putni\u010dkom terminalu su uo\u010dili da je do\u0161lo do o\u0161te\u0107enja tj. pojave otvora na manipulativnoj povr\u0161ini u zale\u0111u veza 54 na Putni\u010dkom terminalu &#8211; u direktnom zale\u0111u pozicije na kojoj je vr\u0161en privez ferbota \u201cMia\u201d, italijanske kompanije \u201cAdria Ferries\u201d. koja od pro\u0161le godine, tokom ljetnjih mjeseci, odr\u017eava pomorsku liniju Ankona \u2013 Bar \u2013 Dra\u010d. Uvidom na licu mjesta od strane stru\u010dnih lica iz \u201cLuka Bar\u201d AD konstatovana su o\u0161te\u0107enja manipulativne povr\u0161ine i pojava dva otvora ispunjena morskom vodom, \u010dije su okvirne dimenzije zone o\u0161te\u0107enja cca 15 x 15 m. \u201cLuka Bar\u201d AD je, u najkra\u0107em mogu\u0107em roku, anga\u017eovala ronioca koji je izvr\u0161io snimanje stanja obalnog zida veza 54, kako bi se utvrdila lokacija o\u0161te\u0107enja, njen karakter i\u00a0 obim. Na osnovu snimka kamerom za podvodno snimanje utvr\u0111eno je da je izbijeno nekoliko blokova iz zida operativne obale, izme\u0111u bitvi 3 i 4, na dijelu obale gdje je vr\u0161en privez feribota \u201cMia\u201d. Shodno utvr\u0111enoj situaciji, o\u010digledno slijedi da je naru\u0161avanje stabilnosti blokova izazvano \u201cpodlokovanjem\u201d obalnog zida radom elisa propelera feribota \u201cMia\u201d prilikom manevra za pristajanje\/odlazak i tokom boravka broda uz operativnu obalu prema na\u010dinu vezivanja prikazanom na slici iz priloga. Sam na\u010din vezivanja predmetnog broda, sa minimalnim sigurnosnim rastojanjima, usagla\u0161en je u maju 2024.godine, u koordinaciji Uprave pomorske sigurnosti i upravljanja lukama, Lu\u010dke kapetanije Bar, AD \u201cBarska plovidba\u201d, predstavnika firmi koje se bave pilota\u017emom na podru\u010dju luke Bar i \u201cLuka Bar\u201d AD, a sa modelom vezivanja se saglasio i predstavnik Brodara. U proces definisanja ukupnih radnji vezanih za prihvat broda su bili uklju\u010deni i predstavnici Pograni\u010dne policije i Uprave carina. Vjerovatno je tokom proteklog perioda bilo i vi\u0161e slu\u010dajeva da je krma broda \u201cMia\u201d bila bli\u017ea obalnom zidu od definisanog minimalnog rastojanja od linije operativne obale, \u0161to je intenziviralo \u201cpodlokovanje\u201d obalnog zida i vremenom dovelo do o\u0161te\u0107enja. Feribot \u201cMia\u201d prilikom priveza\/odveza nije koristio remorkere. Inspektori sigurnosti plovidbe iz Lu\u010dke kapetanije Bar su izvr\u0161ili inspekcijski pregled (31.jula 2025.godine), a Lu\u010dki kapetan \u0107e, shodno nadle\u017enostima propisanim zakonskom regulativom, donijeti odluku o upotrebljivosti predmetnog veza, shodno zahtjevima sigurnosti plovidbe. Ina\u010de, operativna obala na Putni\u010dkom terminalu je gra\u0111ena 50-tih godina pro\u0161log vijeka, kao gravitacioni zid \u2013 na slici iz priloga je dat prikaz presjeka operativne obale. Nakon sanacije o\u0161te\u0107enja izazvanih katastrrofalnim zemljotresom od 15.aprila 1979.godine, Upotrebna dozvola br.06-557\/2-82 za operativnu obalu na Putni\u010dkom terminalu je izdata 10.februara 1983.godine od strane Komiteta za urbanizam, gra\u0111evinarstvo i stambeno-komunalne poslove. Radi objektivnog informisanja javnosti, a kako se ovaj operativni problem ne bi zloupotrebljavao u dnevno- politi\u010dke svrhe, kakvih je poku\u0161aja i bilo, nastavi\u0107emo blagovremeno i stru\u010dno da obavje\u0161tavamo gra\u0111ane o daljim aktivnostima, kao \u0161to to \u010dinimo i ovim saop\u0161tenjem.<\/p>","protected":false},"author":1,"featured_media":18437,"comment_status":"open","ping_status":"open","sticky":false,"template":"","format":"standard","meta":{"footnotes":""},"categories":[17],"tags":[],"class_list":["post-18436","post","type-post","status-publish","format-standard","has-post-thumbnail","hentry","category-novosti"],"blocksy_meta":[],"yoast_head":"<!-- This site is optimized with the Yoast SEO plugin v27.5 - https:\/\/yoast.com\/product\/yoast-seo-wordpress\/ -->\n<title>Saop\u0161tenje za javnost<\/title>\n<meta name=\"description\" content=\"U srijedu, 30.jula, oko 23:00 h, de\u017eurni slu\u017ebenici Pograni\u010dne policije na Putni\u010dkom terminalu su uo\u010dili da je do\u0161lo do o\u0161te\u0107enja tj. pojave otvora na\" \/>\n<meta name=\"robots\" content=\"index, follow, max-snippet:-1, max-image-preview:large, max-video-preview:-1\" \/>\n<link rel=\"canonical\" href=\"https:\/\/lukabar.me\/en\/saopstenje-za-javnost-14\/\" \/>\n<meta property=\"og:locale\" content=\"en_US\" \/>\n<meta property=\"og:type\" content=\"article\" \/>\n<meta property=\"og:title\" content=\"Saop\u0161tenje za javnost\" \/>\n<meta property=\"og:description\" content=\"U srijedu, 30.jula, oko 23:00 h, de\u017eurni slu\u017ebenici Pograni\u010dne policije na Putni\u010dkom terminalu su uo\u010dili da je do\u0161lo do o\u0161te\u0107enja tj. pojave otvora na\" \/>\n<meta property=\"og:url\" content=\"https:\/\/lukabar.me\/en\/saopstenje-za-javnost-14\/\" \/>\n<meta property=\"og:site_name\" content=\"Luka Bar | Port of Bar - Connecting Montenegro to Global Trade\" \/>\n<meta property=\"article:publisher\" content=\"https:\/\/www.facebook.com\/portofbar\" \/>\n<meta property=\"article:published_time\" content=\"2025-08-01T14:13:01+00:00\" \/>\n<meta property=\"article:modified_time\" content=\"2025-08-01T14:16:36+00:00\" \/>\n<meta property=\"og:image\" content=\"https:\/\/lukabar.me\/wp-content\/uploads\/2025\/08\/Luka-Bar-Fotografija-1.jpg\" \/>\n\t<meta property=\"og:image:width\" content=\"2560\" \/>\n\t<meta property=\"og:image:height\" content=\"1440\" \/>\n\t<meta property=\"og:image:type\" content=\"image\/jpeg\" \/>\n<meta name=\"author\" content=\"qyqzntmy\" \/>\n<meta name=\"twitter:card\" content=\"summary_large_image\" \/>\n<meta name=\"twitter:creator\" content=\"@portofbar\" \/>\n<meta name=\"twitter:site\" content=\"@portofbar\" \/>\n<meta name=\"twitter:label1\" content=\"Written by\" \/>\n\t<meta name=\"twitter:data1\" content=\"qyqzntmy\" \/>\n\t<meta name=\"twitter:label2\" content=\"Est. reading time\" \/>\n\t<meta name=\"twitter:data2\" content=\"3 minutes\" \/>\n<script type=\"application\/ld+json\" class=\"yoast-schema-graph\">{\"@context\":\"https:\\\/\\\/schema.org\",\"@graph\":[{\"@type\":\"Article\",\"@id\":\"https:\\\/\\\/lukabar.me\\\/saopstenje-za-javnost-14\\\/#article\",\"isPartOf\":{\"@id\":\"https:\\\/\\\/lukabar.me\\\/saopstenje-za-javnost-14\\\/\"},\"author\":{\"name\":\"qyqzntmy\",\"@id\":\"https:\\\/\\\/lukabar.me\\\/#\\\/schema\\\/person\\\/84ccd15ea8529df078a6db7f01d0cf50\"},\"headline\":\"Saop\u0161tenje za javnost\",\"datePublished\":\"2025-08-01T14:13:01+00:00\",\"dateModified\":\"2025-08-01T14:16:36+00:00\",\"mainEntityOfPage\":{\"@id\":\"https:\\\/\\\/lukabar.me\\\/saopstenje-za-javnost-14\\\/\"},\"wordCount\":503,\"commentCount\":0,\"publisher\":{\"@id\":\"https:\\\/\\\/lukabar.me\\\/#organization\"},\"image\":{\"@id\":\"https:\\\/\\\/lukabar.me\\\/saopstenje-za-javnost-14\\\/#primaryimage\"},\"thumbnailUrl\":\"https:\\\/\\\/lukabar.me\\\/wp-content\\\/uploads\\\/2025\\\/08\\\/Luka-Bar-Fotografija-1.jpg\",\"articleSection\":[\"Novosti\"],\"inLanguage\":\"en-US\",\"potentialAction\":[{\"@type\":\"CommentAction\",\"name\":\"Comment\",\"target\":[\"https:\\\/\\\/lukabar.me\\\/saopstenje-za-javnost-14\\\/#respond\"]}]},{\"@type\":\"WebPage\",\"@id\":\"https:\\\/\\\/lukabar.me\\\/saopstenje-za-javnost-14\\\/\",\"url\":\"https:\\\/\\\/lukabar.me\\\/saopstenje-za-javnost-14\\\/\",\"name\":\"Saop\u0161tenje za javnost\",\"isPartOf\":{\"@id\":\"https:\\\/\\\/lukabar.me\\\/#website\"},\"primaryImageOfPage\":{\"@id\":\"https:\\\/\\\/lukabar.me\\\/saopstenje-za-javnost-14\\\/#primaryimage\"},\"image\":{\"@id\":\"https:\\\/\\\/lukabar.me\\\/saopstenje-za-javnost-14\\\/#primaryimage\"},\"thumbnailUrl\":\"https:\\\/\\\/lukabar.me\\\/wp-content\\\/uploads\\\/2025\\\/08\\\/Luka-Bar-Fotografija-1.jpg\",\"datePublished\":\"2025-08-01T14:13:01+00:00\",\"dateModified\":\"2025-08-01T14:16:36+00:00\",\"description\":\"U srijedu, 30.jula, oko 23:00 h, de\u017eurni slu\u017ebenici Pograni\u010dne policije na Putni\u010dkom terminalu su uo\u010dili da je do\u0161lo do o\u0161te\u0107enja tj. pojave otvora na\",\"breadcrumb\":{\"@id\":\"https:\\\/\\\/lukabar.me\\\/saopstenje-za-javnost-14\\\/#breadcrumb\"},\"inLanguage\":\"en-US\",\"potentialAction\":[{\"@type\":\"ReadAction\",\"target\":[\"https:\\\/\\\/lukabar.me\\\/saopstenje-za-javnost-14\\\/\"]}]},{\"@type\":\"ImageObject\",\"inLanguage\":\"en-US\",\"@id\":\"https:\\\/\\\/lukabar.me\\\/saopstenje-za-javnost-14\\\/#primaryimage\",\"url\":\"https:\\\/\\\/lukabar.me\\\/wp-content\\\/uploads\\\/2025\\\/08\\\/Luka-Bar-Fotografija-1.jpg\",\"contentUrl\":\"https:\\\/\\\/lukabar.me\\\/wp-content\\\/uploads\\\/2025\\\/08\\\/Luka-Bar-Fotografija-1.jpg\",\"width\":2560,\"height\":1440},{\"@type\":\"BreadcrumbList\",\"@id\":\"https:\\\/\\\/lukabar.me\\\/saopstenje-za-javnost-14\\\/#breadcrumb\",\"itemListElement\":[{\"@type\":\"ListItem\",\"position\":1,\"name\":\"Home\",\"item\":\"https:\\\/\\\/lukabar.me\\\/\"},{\"@type\":\"ListItem\",\"position\":2,\"name\":\"Saop\u0161tenje za javnost\"}]},{\"@type\":\"WebSite\",\"@id\":\"https:\\\/\\\/lukabar.me\\\/#website\",\"url\":\"https:\\\/\\\/lukabar.me\\\/\",\"name\":\"Luka Bar | Port of Bar - Connecting Montenegro to Global Trade\",\"description\":\"Svijet na Dohvat Luke | World Within Port&#039;s Reach\",\"publisher\":{\"@id\":\"https:\\\/\\\/lukabar.me\\\/#organization\"},\"alternateName\":\"Luka Bar | Port of Bar\",\"potentialAction\":[{\"@type\":\"SearchAction\",\"target\":{\"@type\":\"EntryPoint\",\"urlTemplate\":\"https:\\\/\\\/lukabar.me\\\/?s={search_term_string}\"},\"query-input\":{\"@type\":\"PropertyValueSpecification\",\"valueRequired\":true,\"valueName\":\"search_term_string\"}}],\"inLanguage\":\"en-US\"},{\"@type\":\"Organization\",\"@id\":\"https:\\\/\\\/lukabar.me\\\/#organization\",\"name\":\"Luka Bar | Port of Bar - Connecting Montenegro to Global Trade\",\"alternateName\":\"Luka Bar | Port of Bar\",\"url\":\"https:\\\/\\\/lukabar.me\\\/\",\"logo\":{\"@type\":\"ImageObject\",\"inLanguage\":\"en-US\",\"@id\":\"https:\\\/\\\/lukabar.me\\\/#\\\/schema\\\/logo\\\/image\\\/\",\"url\":\"https:\\\/\\\/lukabar.me\\\/wp-content\\\/uploads\\\/2025\\\/01\\\/lukabar-logo-seo-01-scaled.jpg\",\"contentUrl\":\"https:\\\/\\\/lukabar.me\\\/wp-content\\\/uploads\\\/2025\\\/01\\\/lukabar-logo-seo-01-scaled.jpg\",\"width\":2560,\"height\":2560,\"caption\":\"Luka Bar | Port of Bar - Connecting Montenegro to Global Trade\"},\"image\":{\"@id\":\"https:\\\/\\\/lukabar.me\\\/#\\\/schema\\\/logo\\\/image\\\/\"},\"sameAs\":[\"https:\\\/\\\/www.facebook.com\\\/portofbar\",\"https:\\\/\\\/x.com\\\/portofbar\",\"https:\\\/\\\/instagram.com\\\/portofbar\",\"https:\\\/\\\/www.linkedin.com\\\/company\\\/port-of-bar\",\"https:\\\/\\\/www.youtube.com\\\/@portofbarmontenegro\"]},{\"@type\":\"Person\",\"@id\":\"https:\\\/\\\/lukabar.me\\\/#\\\/schema\\\/person\\\/84ccd15ea8529df078a6db7f01d0cf50\",\"name\":\"qyqzntmy\",\"image\":{\"@type\":\"ImageObject\",\"inLanguage\":\"en-US\",\"@id\":\"https:\\\/\\\/secure.gravatar.com\\\/avatar\\\/34512178c8047217f2f61ffdd71737957c3b33f2936e498c6153ae6dab2989ba?s=96&d=mm&r=g\",\"url\":\"https:\\\/\\\/secure.gravatar.com\\\/avatar\\\/34512178c8047217f2f61ffdd71737957c3b33f2936e498c6153ae6dab2989ba?s=96&d=mm&r=g\",\"contentUrl\":\"https:\\\/\\\/secure.gravatar.com\\\/avatar\\\/34512178c8047217f2f61ffdd71737957c3b33f2936e498c6153ae6dab2989ba?s=96&d=mm&r=g\",\"caption\":\"qyqzntmy\"},\"sameAs\":[\"https:\\\/\\\/lukabar.me\"],\"url\":\"https:\\\/\\\/lukabar.me\\\/en\\\/author\\\/qyqzntmy\\\/\"}]}<\/script>\n<!-- \/ Yoast SEO plugin. -->","yoast_head_json":{"title":"Press release","description":"U srijedu, 30.jula, oko 23:00 h, de\u017eurni slu\u017ebenici Pograni\u010dne policije na Putni\u010dkom terminalu su uo\u010dili da je do\u0161lo do o\u0161te\u0107enja tj. pojave otvora na","robots":{"index":"index","follow":"follow","max-snippet":"max-snippet:-1","max-image-preview":"max-image-preview:large","max-video-preview":"max-video-preview:-1"},"canonical":"https:\/\/lukabar.me\/en\/saopstenje-za-javnost-14\/","og_locale":"en_US","og_type":"article","og_title":"Saop\u0161tenje za javnost","og_description":"U srijedu, 30.jula, oko 23:00 h, de\u017eurni slu\u017ebenici Pograni\u010dne policije na Putni\u010dkom terminalu su uo\u010dili da je do\u0161lo do o\u0161te\u0107enja tj. pojave otvora na","og_url":"https:\/\/lukabar.me\/en\/saopstenje-za-javnost-14\/","og_site_name":"Luka Bar | Port of Bar - Connecting Montenegro to Global Trade","article_publisher":"https:\/\/www.facebook.com\/portofbar","article_published_time":"2025-08-01T14:13:01+00:00","article_modified_time":"2025-08-01T14:16:36+00:00","og_image":[{"width":2560,"height":1440,"url":"https:\/\/lukabar.me\/wp-content\/uploads\/2025\/08\/Luka-Bar-Fotografija-1.jpg","type":"image\/jpeg"}],"author":"qyqzntmy","twitter_card":"summary_large_image","twitter_creator":"@portofbar","twitter_site":"@portofbar","twitter_misc":{"Written by":"qyqzntmy","Est. reading time":"3 minutes"},"schema":{"@context":"https:\/\/schema.org","@graph":[{"@type":"Article","@id":"https:\/\/lukabar.me\/saopstenje-za-javnost-14\/#article","isPartOf":{"@id":"https:\/\/lukabar.me\/saopstenje-za-javnost-14\/"},"author":{"name":"qyqzntmy","@id":"https:\/\/lukabar.me\/#\/schema\/person\/84ccd15ea8529df078a6db7f01d0cf50"},"headline":"Saop\u0161tenje za javnost","datePublished":"2025-08-01T14:13:01+00:00","dateModified":"2025-08-01T14:16:36+00:00","mainEntityOfPage":{"@id":"https:\/\/lukabar.me\/saopstenje-za-javnost-14\/"},"wordCount":503,"commentCount":0,"publisher":{"@id":"https:\/\/lukabar.me\/#organization"},"image":{"@id":"https:\/\/lukabar.me\/saopstenje-za-javnost-14\/#primaryimage"},"thumbnailUrl":"https:\/\/lukabar.me\/wp-content\/uploads\/2025\/08\/Luka-Bar-Fotografija-1.jpg","articleSection":["Novosti"],"inLanguage":"en-US","potentialAction":[{"@type":"CommentAction","name":"Comment","target":["https:\/\/lukabar.me\/saopstenje-za-javnost-14\/#respond"]}]},{"@type":"WebPage","@id":"https:\/\/lukabar.me\/saopstenje-za-javnost-14\/","url":"https:\/\/lukabar.me\/saopstenje-za-javnost-14\/","name":"Press release","isPartOf":{"@id":"https:\/\/lukabar.me\/#website"},"primaryImageOfPage":{"@id":"https:\/\/lukabar.me\/saopstenje-za-javnost-14\/#primaryimage"},"image":{"@id":"https:\/\/lukabar.me\/saopstenje-za-javnost-14\/#primaryimage"},"thumbnailUrl":"https:\/\/lukabar.me\/wp-content\/uploads\/2025\/08\/Luka-Bar-Fotografija-1.jpg","datePublished":"2025-08-01T14:13:01+00:00","dateModified":"2025-08-01T14:16:36+00:00","description":"U srijedu, 30.jula, oko 23:00 h, de\u017eurni slu\u017ebenici Pograni\u010dne policije na Putni\u010dkom terminalu su uo\u010dili da je do\u0161lo do o\u0161te\u0107enja tj. pojave otvora na","breadcrumb":{"@id":"https:\/\/lukabar.me\/saopstenje-za-javnost-14\/#breadcrumb"},"inLanguage":"en-US","potentialAction":[{"@type":"ReadAction","target":["https:\/\/lukabar.me\/saopstenje-za-javnost-14\/"]}]},{"@type":"ImageObject","inLanguage":"en-US","@id":"https:\/\/lukabar.me\/saopstenje-za-javnost-14\/#primaryimage","url":"https:\/\/lukabar.me\/wp-content\/uploads\/2025\/08\/Luka-Bar-Fotografija-1.jpg","contentUrl":"https:\/\/lukabar.me\/wp-content\/uploads\/2025\/08\/Luka-Bar-Fotografija-1.jpg","width":2560,"height":1440},{"@type":"BreadcrumbList","@id":"https:\/\/lukabar.me\/saopstenje-za-javnost-14\/#breadcrumb","itemListElement":[{"@type":"ListItem","position":1,"name":"Home","item":"https:\/\/lukabar.me\/"},{"@type":"ListItem","position":2,"name":"Saop\u0161tenje za javnost"}]},{"@type":"WebSite","@id":"https:\/\/lukabar.me\/#website","url":"https:\/\/lukabar.me\/","name":"Port of Bar | Port of Bar - Connecting Montenegro to Global Trade","description":"World at the Reach of Luke | World Within Port&#039;s Reach","publisher":{"@id":"https:\/\/lukabar.me\/#organization"},"alternateName":"Luka Bar | Port of Bar","potentialAction":[{"@type":"SearchAction","target":{"@type":"EntryPoint","urlTemplate":"https:\/\/lukabar.me\/?s={search_term_string}"},"query-input":{"@type":"PropertyValueSpecification","valueRequired":true,"valueName":"search_term_string"}}],"inLanguage":"en-US"},{"@type":"Organization","@id":"https:\/\/lukabar.me\/#organization","name":"Port of Bar | Port of Bar - Connecting Montenegro to Global Trade","alternateName":"Luka Bar | Port of Bar","url":"https:\/\/lukabar.me\/","logo":{"@type":"ImageObject","inLanguage":"en-US","@id":"https:\/\/lukabar.me\/#\/schema\/logo\/image\/","url":"https:\/\/lukabar.me\/wp-content\/uploads\/2025\/01\/lukabar-logo-seo-01-scaled.jpg","contentUrl":"https:\/\/lukabar.me\/wp-content\/uploads\/2025\/01\/lukabar-logo-seo-01-scaled.jpg","width":2560,"height":2560,"caption":"Luka Bar | Port of Bar - Connecting Montenegro to Global Trade"},"image":{"@id":"https:\/\/lukabar.me\/#\/schema\/logo\/image\/"},"sameAs":["https:\/\/www.facebook.com\/portofbar","https:\/\/x.com\/portofbar","https:\/\/instagram.com\/portofbar","https:\/\/www.linkedin.com\/company\/port-of-bar","https:\/\/www.youtube.com\/@portofbarmontenegro"]},{"@type":"Person","@id":"https:\/\/lukabar.me\/#\/schema\/person\/84ccd15ea8529df078a6db7f01d0cf50","name":"qyqzntmy","image":{"@type":"ImageObject","inLanguage":"en-US","@id":"https:\/\/secure.gravatar.com\/avatar\/34512178c8047217f2f61ffdd71737957c3b33f2936e498c6153ae6dab2989ba?s=96&d=mm&r=g","url":"https:\/\/secure.gravatar.com\/avatar\/34512178c8047217f2f61ffdd71737957c3b33f2936e498c6153ae6dab2989ba?s=96&d=mm&r=g","contentUrl":"https:\/\/secure.gravatar.com\/avatar\/34512178c8047217f2f61ffdd71737957c3b33f2936e498c6153ae6dab2989ba?s=96&d=mm&r=g","caption":"qyqzntmy"},"sameAs":["https:\/\/lukabar.me"],"url":"https:\/\/lukabar.me\/en\/author\/qyqzntmy\/"}]}},"_links":{"self":[{"href":"https:\/\/lukabar.me\/en\/wp-json\/wp\/v2\/posts\/18436","targetHints":{"allow":["GET"]}}],"collection":[{"href":"https:\/\/lukabar.me\/en\/wp-json\/wp\/v2\/posts"}],"about":[{"href":"https:\/\/lukabar.me\/en\/wp-json\/wp\/v2\/types\/post"}],"author":[{"embeddable":true,"href":"https:\/\/lukabar.me\/en\/wp-json\/wp\/v2\/users\/1"}],"replies":[{"embeddable":true,"href":"https:\/\/lukabar.me\/en\/wp-json\/wp\/v2\/comments?post=18436"}],"version-history":[{"count":7,"href":"https:\/\/lukabar.me\/en\/wp-json\/wp\/v2\/posts\/18436\/revisions"}],"predecessor-version":[{"id":18446,"href":"https:\/\/lukabar.me\/en\/wp-json\/wp\/v2\/posts\/18436\/revisions\/18446"}],"wp:featuredmedia":[{"embeddable":true,"href":"https:\/\/lukabar.me\/en\/wp-json\/wp\/v2\/media\/18437"}],"wp:attachment":[{"href":"https:\/\/lukabar.me\/en\/wp-json\/wp\/v2\/media?parent=18436"}],"wp:term":[{"taxonomy":"category","embeddable":true,"href":"https:\/\/lukabar.me\/en\/wp-json\/wp\/v2\/categories?post=18436"},{"taxonomy":"post_tag","embeddable":true,"href":"https:\/\/lukabar.me\/en\/wp-json\/wp\/v2\/tags?post=18436"}],"curies":[{"name":"wp","href":"https:\/\/api.w.org\/{rel}","templated":true}]}}