{"id":18522,"date":"2025-08-29T13:58:14","date_gmt":"2025-08-29T12:58:14","guid":{"rendered":"https:\/\/lukabar.me\/?p=18522"},"modified":"2025-08-29T13:59:46","modified_gmt":"2025-08-29T12:59:46","slug":"susret-predstavnika-kompanije-sa-reprezentativkama","status":"publish","type":"post","link":"https:\/\/lukabar.me\/en\/susret-predstavnika-kompanije-sa-reprezentativkama\/","title":{"rendered":"Susret predstavnika kompanije sa reprezentativkama"},"content":{"rendered":"<div data-elementor-type=\"wp-post\" data-elementor-id=\"18522\" class=\"elementor elementor-18522\">\n\t\t\t\t<div class=\"elementor-element elementor-element-6b9dea83 e-flex e-con-boxed wpr-particle-no wpr-jarallax-no wpr-parallax-no wpr-sticky-section-no wpr-equal-height-no e-con e-parent\" data-id=\"6b9dea83\" data-element_type=\"container\" data-e-type=\"container\">\n\t\t\t\t\t<div class=\"e-con-inner\">\n\t\t\t\t<div class=\"elementor-element elementor-element-57298f52 de_scroll_animation_no exad-sticky-section-no exad-glass-effect-no elementor-widget elementor-widget-text-editor\" data-id=\"57298f52\" data-element_type=\"widget\" data-e-type=\"widget\" data-widget_type=\"text-editor.default\">\n\t\t\t\t<div class=\"elementor-widget-container\">\n\t\t\t\t\t\t\t\t\t\n<p>U Luci Bar danas je organizovan susret predstavnika kompanije &#8222;Luka Bar&#8220; AD sa reprezentativkama Crne Gore u odbojci, Tijanom Tvrdi\u0161i\u0107 i Teodorom \u010cavi\u0107. Obje igra\u010dice, koje su ujedno i \u010dlanice \u017dOK\u201d Luka Bar\u201d, dale su zna\u010dajan doprinos istorijskom uspjehu, plasmanu \u017eenske odbojka\u0161ke reprezentacije Crne Gore na Evropsko prvenstvo 2026.godine.<\/p>\n\n<p>Tim povodom, predsjednik Odbora direktora Luke Bar Du\u0161an Masoni\u010di\u0107, Izvr\u0161ni direktor Ilija Pje\u0161\u010di\u0107, predsjednik Upravnog odbora kluba i Finansijski direktor Luke Bar Nenad Vujanovi\u0107, Predsjednik Skup\u0161tine kluba i Pomo\u0107nik Izvr\u0161nog direktora Luke Bar Deda \u0110elovi\u0107 i rukovodilac Slu\u017ebe marketinga Ljubo \u0110ukanovi\u0107 izrazili su srda\u010dne \u010destitke i zahvalnost igra\u010dicama na postignutom rezultatu.<\/p>\n\t\t\t\t\t\t\t\t<\/div>\n\t\t\t\t<\/div>\n\t\t\t\t<div class=\"elementor-element elementor-element-d70a81a de_scroll_animation_no exad-sticky-section-no exad-glass-effect-no elementor-widget elementor-widget-image\" data-id=\"d70a81a\" data-element_type=\"widget\" data-e-type=\"widget\" data-widget_type=\"image.default\">\n\t\t\t\t<div class=\"elementor-widget-container\">\n\t\t\t\t\t\t\t\t\t\t\t\t\t\t\t<img fetchpriority=\"high\" decoding=\"async\" width=\"1024\" height=\"683\" src=\"https:\/\/lukabar.me\/wp-content\/uploads\/2025\/08\/ZOK-Luka-Bar-Fotografija-1-1024x683.jpg\" class=\"attachment-large size-large wp-image-18523\" alt=\"\" srcset=\"https:\/\/lukabar.me\/wp-content\/uploads\/2025\/08\/ZOK-Luka-Bar-Fotografija-1-1024x683.jpg 1024w, https:\/\/lukabar.me\/wp-content\/uploads\/2025\/08\/ZOK-Luka-Bar-Fotografija-1-300x200.jpg 300w, https:\/\/lukabar.me\/wp-content\/uploads\/2025\/08\/ZOK-Luka-Bar-Fotografija-1-768x512.jpg 768w, https:\/\/lukabar.me\/wp-content\/uploads\/2025\/08\/ZOK-Luka-Bar-Fotografija-1-1536x1024.jpg 1536w, https:\/\/lukabar.me\/wp-content\/uploads\/2025\/08\/ZOK-Luka-Bar-Fotografija-1-2048x1365.jpg 2048w, https:\/\/lukabar.me\/wp-content\/uploads\/2025\/08\/ZOK-Luka-Bar-Fotografija-1-18x12.jpg 18w\" sizes=\"(max-width: 1024px) 100vw, 1024px\" \/>\t\t\t\t\t\t\t\t\t\t\t\t\t\t\t<\/div>\n\t\t\t\t<\/div>\n\t\t\t\t<div class=\"elementor-element elementor-element-b9f3dd9 de_scroll_animation_no exad-sticky-section-no exad-glass-effect-no elementor-widget elementor-widget-text-editor\" data-id=\"b9f3dd9\" data-element_type=\"widget\" data-e-type=\"widget\" data-widget_type=\"text-editor.default\">\n\t\t\t\t<div class=\"elementor-widget-container\">\n\t\t\t\t\t\t\t\t\t\n<p>Istaknuto je da Luka Bar sa ponosom stoji iza podr\u0161ke \u017eenskoj odbojci i da \u0107e nastaviti da ula\u017ee u razvoj kluba, kao i da afirmi\u0161e mlade sportistkinje koje svojim talentom i radom promovi\u0161u Bar, Crnu Goru i sport na doma\u0107oj i me\u0111unarodnoj sceni.<\/p>\n\n<p>Luka Bar ve\u0107 dugi niz godina njeguje tradiciju svog kluba i ulaganja u \u017eensku odbojku. Ovaj uspjeh predstavlja sna\u017ean podsticaj mladim generacijama i inspiraciju da se bave sportom i te\u017ee vrhunskim rezultatima.\u00a0<\/p>\n\t\t\t\t\t\t\t\t<\/div>\n\t\t\t\t<\/div>\n\t\t\t\t\t<\/div>\n\t\t\t\t<\/div>\n\t\t\t\t<\/div>","protected":false},"excerpt":{"rendered":"<p>U Luci Bar danas je organizovan susret predstavnika kompanije &#8222;Luka Bar&#8220; AD sa reprezentativkama Crne Gore u odbojci, Tijanom Tvrdi\u0161i\u0107 i Teodorom \u010cavi\u0107. Obje igra\u010dice, koje su ujedno i \u010dlanice \u017dOK\u201d Luka Bar\u201d, dale su zna\u010dajan doprinos istorijskom uspjehu, plasmanu \u017eenske odbojka\u0161ke reprezentacije Crne Gore na Evropsko prvenstvo 2026.godine. Tim povodom, predsjednik Odbora direktora Luke Bar Du\u0161an Masoni\u010di\u0107, Izvr\u0161ni direktor Ilija Pje\u0161\u010di\u0107, predsjednik Upravnog odbora kluba i Finansijski direktor Luke Bar Nenad Vujanovi\u0107, Predsjednik Skup\u0161tine kluba i Pomo\u0107nik Izvr\u0161nog direktora Luke Bar Deda \u0110elovi\u0107 i rukovodilac Slu\u017ebe marketinga Ljubo \u0110ukanovi\u0107 izrazili su srda\u010dne \u010destitke i zahvalnost igra\u010dicama na postignutom rezultatu. Istaknuto je da Luka Bar sa ponosom stoji iza podr\u0161ke \u017eenskoj odbojci i da \u0107e nastaviti da ula\u017ee u razvoj kluba, kao i da afirmi\u0161e mlade sportistkinje koje svojim talentom i radom promovi\u0161u Bar, Crnu Goru i sport na doma\u0107oj i me\u0111unarodnoj sceni. Luka Bar ve\u0107 dugi niz godina njeguje tradiciju svog kluba i ulaganja u \u017eensku odbojku. Ovaj uspjeh predstavlja sna\u017ean podsticaj mladim generacijama i inspiraciju da se bave sportom i te\u017ee vrhunskim rezultatima.\u00a0<\/p>","protected":false},"author":1,"featured_media":18524,"comment_status":"open","ping_status":"open","sticky":false,"template":"","format":"standard","meta":{"footnotes":""},"categories":[17],"tags":[],"class_list":["post-18522","post","type-post","status-publish","format-standard","has-post-thumbnail","hentry","category-novosti"],"blocksy_meta":[],"yoast_head":"<!-- This site is optimized with the Yoast SEO plugin v27.5 - https:\/\/yoast.com\/product\/yoast-seo-wordpress\/ -->\n<title>Susret predstavnika kompanije sa reprezentativkama<\/title>\n<meta name=\"description\" content=\"U Luci Bar danas je organizovan susret predstavnika kompanije &quot;Luka Bar&quot; AD sa reprezentativkama Crne Gore u odbojci, Tijanom Tvrdi\u0161i\u0107 i Teodorom \u010cavi\u0107.\" \/>\n<meta name=\"robots\" content=\"index, follow, max-snippet:-1, max-image-preview:large, max-video-preview:-1\" \/>\n<link rel=\"canonical\" href=\"https:\/\/lukabar.me\/en\/susret-predstavnika-kompanije-sa-reprezentativkama\/\" \/>\n<meta property=\"og:locale\" content=\"en_US\" \/>\n<meta property=\"og:type\" content=\"article\" \/>\n<meta property=\"og:title\" content=\"Susret predstavnika kompanije sa reprezentativkama\" \/>\n<meta property=\"og:description\" content=\"U Luci Bar danas je organizovan susret predstavnika kompanije &quot;Luka Bar&quot; AD sa reprezentativkama Crne Gore u odbojci, Tijanom Tvrdi\u0161i\u0107 i Teodorom \u010cavi\u0107.\" \/>\n<meta property=\"og:url\" content=\"https:\/\/lukabar.me\/en\/susret-predstavnika-kompanije-sa-reprezentativkama\/\" \/>\n<meta property=\"og:site_name\" content=\"Luka Bar | Port of Bar - Connecting Montenegro to Global Trade\" \/>\n<meta property=\"article:publisher\" content=\"https:\/\/www.facebook.com\/portofbar\" \/>\n<meta property=\"article:published_time\" content=\"2025-08-29T12:58:14+00:00\" \/>\n<meta property=\"article:modified_time\" content=\"2025-08-29T12:59:46+00:00\" \/>\n<meta property=\"og:image\" content=\"https:\/\/lukabar.me\/wp-content\/uploads\/2025\/08\/ZOK-Luka-Bar-Fotografija-2-scaled.jpg\" \/>\n\t<meta property=\"og:image:width\" content=\"2560\" \/>\n\t<meta property=\"og:image:height\" content=\"1707\" \/>\n\t<meta property=\"og:image:type\" content=\"image\/jpeg\" \/>\n<meta name=\"author\" content=\"qyqzntmy\" \/>\n<meta name=\"twitter:card\" content=\"summary_large_image\" \/>\n<meta name=\"twitter:creator\" content=\"@portofbar\" \/>\n<meta name=\"twitter:site\" content=\"@portofbar\" \/>\n<meta name=\"twitter:label1\" content=\"Written by\" \/>\n\t<meta name=\"twitter:data1\" content=\"qyqzntmy\" \/>\n\t<meta name=\"twitter:label2\" content=\"Est. reading time\" \/>\n\t<meta name=\"twitter:data2\" content=\"1 minute\" \/>\n<script type=\"application\/ld+json\" class=\"yoast-schema-graph\">{\"@context\":\"https:\\\/\\\/schema.org\",\"@graph\":[{\"@type\":\"Article\",\"@id\":\"https:\\\/\\\/lukabar.me\\\/susret-predstavnika-kompanije-sa-reprezentativkama\\\/#article\",\"isPartOf\":{\"@id\":\"https:\\\/\\\/lukabar.me\\\/susret-predstavnika-kompanije-sa-reprezentativkama\\\/\"},\"author\":{\"name\":\"qyqzntmy\",\"@id\":\"https:\\\/\\\/lukabar.me\\\/#\\\/schema\\\/person\\\/84ccd15ea8529df078a6db7f01d0cf50\"},\"headline\":\"Susret predstavnika kompanije sa reprezentativkama\",\"datePublished\":\"2025-08-29T12:58:14+00:00\",\"dateModified\":\"2025-08-29T12:59:46+00:00\",\"mainEntityOfPage\":{\"@id\":\"https:\\\/\\\/lukabar.me\\\/susret-predstavnika-kompanije-sa-reprezentativkama\\\/\"},\"wordCount\":202,\"commentCount\":0,\"publisher\":{\"@id\":\"https:\\\/\\\/lukabar.me\\\/#organization\"},\"image\":{\"@id\":\"https:\\\/\\\/lukabar.me\\\/susret-predstavnika-kompanije-sa-reprezentativkama\\\/#primaryimage\"},\"thumbnailUrl\":\"https:\\\/\\\/lukabar.me\\\/wp-content\\\/uploads\\\/2025\\\/08\\\/ZOK-Luka-Bar-Fotografija-2-scaled.jpg\",\"articleSection\":[\"Novosti\"],\"inLanguage\":\"en-US\",\"potentialAction\":[{\"@type\":\"CommentAction\",\"name\":\"Comment\",\"target\":[\"https:\\\/\\\/lukabar.me\\\/susret-predstavnika-kompanije-sa-reprezentativkama\\\/#respond\"]}]},{\"@type\":\"WebPage\",\"@id\":\"https:\\\/\\\/lukabar.me\\\/susret-predstavnika-kompanije-sa-reprezentativkama\\\/\",\"url\":\"https:\\\/\\\/lukabar.me\\\/susret-predstavnika-kompanije-sa-reprezentativkama\\\/\",\"name\":\"Susret predstavnika kompanije sa reprezentativkama\",\"isPartOf\":{\"@id\":\"https:\\\/\\\/lukabar.me\\\/#website\"},\"primaryImageOfPage\":{\"@id\":\"https:\\\/\\\/lukabar.me\\\/susret-predstavnika-kompanije-sa-reprezentativkama\\\/#primaryimage\"},\"image\":{\"@id\":\"https:\\\/\\\/lukabar.me\\\/susret-predstavnika-kompanije-sa-reprezentativkama\\\/#primaryimage\"},\"thumbnailUrl\":\"https:\\\/\\\/lukabar.me\\\/wp-content\\\/uploads\\\/2025\\\/08\\\/ZOK-Luka-Bar-Fotografija-2-scaled.jpg\",\"datePublished\":\"2025-08-29T12:58:14+00:00\",\"dateModified\":\"2025-08-29T12:59:46+00:00\",\"description\":\"U Luci Bar danas je organizovan susret predstavnika kompanije \\\"Luka Bar\\\" AD sa reprezentativkama Crne Gore u odbojci, Tijanom Tvrdi\u0161i\u0107 i Teodorom \u010cavi\u0107.\",\"breadcrumb\":{\"@id\":\"https:\\\/\\\/lukabar.me\\\/susret-predstavnika-kompanije-sa-reprezentativkama\\\/#breadcrumb\"},\"inLanguage\":\"en-US\",\"potentialAction\":[{\"@type\":\"ReadAction\",\"target\":[\"https:\\\/\\\/lukabar.me\\\/susret-predstavnika-kompanije-sa-reprezentativkama\\\/\"]}]},{\"@type\":\"ImageObject\",\"inLanguage\":\"en-US\",\"@id\":\"https:\\\/\\\/lukabar.me\\\/susret-predstavnika-kompanije-sa-reprezentativkama\\\/#primaryimage\",\"url\":\"https:\\\/\\\/lukabar.me\\\/wp-content\\\/uploads\\\/2025\\\/08\\\/ZOK-Luka-Bar-Fotografija-2-scaled.jpg\",\"contentUrl\":\"https:\\\/\\\/lukabar.me\\\/wp-content\\\/uploads\\\/2025\\\/08\\\/ZOK-Luka-Bar-Fotografija-2-scaled.jpg\",\"width\":2560,\"height\":1707},{\"@type\":\"BreadcrumbList\",\"@id\":\"https:\\\/\\\/lukabar.me\\\/susret-predstavnika-kompanije-sa-reprezentativkama\\\/#breadcrumb\",\"itemListElement\":[{\"@type\":\"ListItem\",\"position\":1,\"name\":\"Home\",\"item\":\"https:\\\/\\\/lukabar.me\\\/\"},{\"@type\":\"ListItem\",\"position\":2,\"name\":\"Susret predstavnika kompanije sa reprezentativkama\"}]},{\"@type\":\"WebSite\",\"@id\":\"https:\\\/\\\/lukabar.me\\\/#website\",\"url\":\"https:\\\/\\\/lukabar.me\\\/\",\"name\":\"Luka Bar | Port of Bar - Connecting Montenegro to Global Trade\",\"description\":\"Svijet na Dohvat Luke | World Within Port&#039;s Reach\",\"publisher\":{\"@id\":\"https:\\\/\\\/lukabar.me\\\/#organization\"},\"alternateName\":\"Luka Bar | Port of Bar\",\"potentialAction\":[{\"@type\":\"SearchAction\",\"target\":{\"@type\":\"EntryPoint\",\"urlTemplate\":\"https:\\\/\\\/lukabar.me\\\/?s={search_term_string}\"},\"query-input\":{\"@type\":\"PropertyValueSpecification\",\"valueRequired\":true,\"valueName\":\"search_term_string\"}}],\"inLanguage\":\"en-US\"},{\"@type\":\"Organization\",\"@id\":\"https:\\\/\\\/lukabar.me\\\/#organization\",\"name\":\"Luka Bar | Port of Bar - Connecting Montenegro to Global Trade\",\"alternateName\":\"Luka Bar | Port of Bar\",\"url\":\"https:\\\/\\\/lukabar.me\\\/\",\"logo\":{\"@type\":\"ImageObject\",\"inLanguage\":\"en-US\",\"@id\":\"https:\\\/\\\/lukabar.me\\\/#\\\/schema\\\/logo\\\/image\\\/\",\"url\":\"https:\\\/\\\/lukabar.me\\\/wp-content\\\/uploads\\\/2025\\\/01\\\/lukabar-logo-seo-01-scaled.jpg\",\"contentUrl\":\"https:\\\/\\\/lukabar.me\\\/wp-content\\\/uploads\\\/2025\\\/01\\\/lukabar-logo-seo-01-scaled.jpg\",\"width\":2560,\"height\":2560,\"caption\":\"Luka Bar | Port of Bar - Connecting Montenegro to Global Trade\"},\"image\":{\"@id\":\"https:\\\/\\\/lukabar.me\\\/#\\\/schema\\\/logo\\\/image\\\/\"},\"sameAs\":[\"https:\\\/\\\/www.facebook.com\\\/portofbar\",\"https:\\\/\\\/x.com\\\/portofbar\",\"https:\\\/\\\/instagram.com\\\/portofbar\",\"https:\\\/\\\/www.linkedin.com\\\/company\\\/port-of-bar\",\"https:\\\/\\\/www.youtube.com\\\/@portofbarmontenegro\"]},{\"@type\":\"Person\",\"@id\":\"https:\\\/\\\/lukabar.me\\\/#\\\/schema\\\/person\\\/84ccd15ea8529df078a6db7f01d0cf50\",\"name\":\"qyqzntmy\",\"image\":{\"@type\":\"ImageObject\",\"inLanguage\":\"en-US\",\"@id\":\"https:\\\/\\\/secure.gravatar.com\\\/avatar\\\/34512178c8047217f2f61ffdd71737957c3b33f2936e498c6153ae6dab2989ba?s=96&d=mm&r=g\",\"url\":\"https:\\\/\\\/secure.gravatar.com\\\/avatar\\\/34512178c8047217f2f61ffdd71737957c3b33f2936e498c6153ae6dab2989ba?s=96&d=mm&r=g\",\"contentUrl\":\"https:\\\/\\\/secure.gravatar.com\\\/avatar\\\/34512178c8047217f2f61ffdd71737957c3b33f2936e498c6153ae6dab2989ba?s=96&d=mm&r=g\",\"caption\":\"qyqzntmy\"},\"sameAs\":[\"https:\\\/\\\/lukabar.me\"],\"url\":\"https:\\\/\\\/lukabar.me\\\/en\\\/author\\\/qyqzntmy\\\/\"}]}<\/script>\n<!-- \/ Yoast SEO plugin. -->","yoast_head_json":{"title":"Susret predstavnika kompanije sa reprezentativkama","description":"U Luci Bar danas je organizovan susret predstavnika kompanije \"Luka Bar\" AD sa reprezentativkama Crne Gore u odbojci, Tijanom Tvrdi\u0161i\u0107 i Teodorom \u010cavi\u0107.","robots":{"index":"index","follow":"follow","max-snippet":"max-snippet:-1","max-image-preview":"max-image-preview:large","max-video-preview":"max-video-preview:-1"},"canonical":"https:\/\/lukabar.me\/en\/susret-predstavnika-kompanije-sa-reprezentativkama\/","og_locale":"en_US","og_type":"article","og_title":"Susret predstavnika kompanije sa reprezentativkama","og_description":"U Luci Bar danas je organizovan susret predstavnika kompanije \"Luka Bar\" AD sa reprezentativkama Crne Gore u odbojci, Tijanom Tvrdi\u0161i\u0107 i Teodorom \u010cavi\u0107.","og_url":"https:\/\/lukabar.me\/en\/susret-predstavnika-kompanije-sa-reprezentativkama\/","og_site_name":"Luka Bar | Port of Bar - Connecting Montenegro to Global Trade","article_publisher":"https:\/\/www.facebook.com\/portofbar","article_published_time":"2025-08-29T12:58:14+00:00","article_modified_time":"2025-08-29T12:59:46+00:00","og_image":[{"width":2560,"height":1707,"url":"https:\/\/lukabar.me\/wp-content\/uploads\/2025\/08\/ZOK-Luka-Bar-Fotografija-2-scaled.jpg","type":"image\/jpeg"}],"author":"qyqzntmy","twitter_card":"summary_large_image","twitter_creator":"@portofbar","twitter_site":"@portofbar","twitter_misc":{"Written by":"qyqzntmy","Est. reading time":"1 minute"},"schema":{"@context":"https:\/\/schema.org","@graph":[{"@type":"Article","@id":"https:\/\/lukabar.me\/susret-predstavnika-kompanije-sa-reprezentativkama\/#article","isPartOf":{"@id":"https:\/\/lukabar.me\/susret-predstavnika-kompanije-sa-reprezentativkama\/"},"author":{"name":"qyqzntmy","@id":"https:\/\/lukabar.me\/#\/schema\/person\/84ccd15ea8529df078a6db7f01d0cf50"},"headline":"Susret predstavnika kompanije sa reprezentativkama","datePublished":"2025-08-29T12:58:14+00:00","dateModified":"2025-08-29T12:59:46+00:00","mainEntityOfPage":{"@id":"https:\/\/lukabar.me\/susret-predstavnika-kompanije-sa-reprezentativkama\/"},"wordCount":202,"commentCount":0,"publisher":{"@id":"https:\/\/lukabar.me\/#organization"},"image":{"@id":"https:\/\/lukabar.me\/susret-predstavnika-kompanije-sa-reprezentativkama\/#primaryimage"},"thumbnailUrl":"https:\/\/lukabar.me\/wp-content\/uploads\/2025\/08\/ZOK-Luka-Bar-Fotografija-2-scaled.jpg","articleSection":["Novosti"],"inLanguage":"en-US","potentialAction":[{"@type":"CommentAction","name":"Comment","target":["https:\/\/lukabar.me\/susret-predstavnika-kompanije-sa-reprezentativkama\/#respond"]}]},{"@type":"WebPage","@id":"https:\/\/lukabar.me\/susret-predstavnika-kompanije-sa-reprezentativkama\/","url":"https:\/\/lukabar.me\/susret-predstavnika-kompanije-sa-reprezentativkama\/","name":"Susret predstavnika kompanije sa reprezentativkama","isPartOf":{"@id":"https:\/\/lukabar.me\/#website"},"primaryImageOfPage":{"@id":"https:\/\/lukabar.me\/susret-predstavnika-kompanije-sa-reprezentativkama\/#primaryimage"},"image":{"@id":"https:\/\/lukabar.me\/susret-predstavnika-kompanije-sa-reprezentativkama\/#primaryimage"},"thumbnailUrl":"https:\/\/lukabar.me\/wp-content\/uploads\/2025\/08\/ZOK-Luka-Bar-Fotografija-2-scaled.jpg","datePublished":"2025-08-29T12:58:14+00:00","dateModified":"2025-08-29T12:59:46+00:00","description":"U Luci Bar danas je organizovan susret predstavnika kompanije \"Luka Bar\" AD sa reprezentativkama Crne Gore u odbojci, Tijanom Tvrdi\u0161i\u0107 i Teodorom \u010cavi\u0107.","breadcrumb":{"@id":"https:\/\/lukabar.me\/susret-predstavnika-kompanije-sa-reprezentativkama\/#breadcrumb"},"inLanguage":"en-US","potentialAction":[{"@type":"ReadAction","target":["https:\/\/lukabar.me\/susret-predstavnika-kompanije-sa-reprezentativkama\/"]}]},{"@type":"ImageObject","inLanguage":"en-US","@id":"https:\/\/lukabar.me\/susret-predstavnika-kompanije-sa-reprezentativkama\/#primaryimage","url":"https:\/\/lukabar.me\/wp-content\/uploads\/2025\/08\/ZOK-Luka-Bar-Fotografija-2-scaled.jpg","contentUrl":"https:\/\/lukabar.me\/wp-content\/uploads\/2025\/08\/ZOK-Luka-Bar-Fotografija-2-scaled.jpg","width":2560,"height":1707},{"@type":"BreadcrumbList","@id":"https:\/\/lukabar.me\/susret-predstavnika-kompanije-sa-reprezentativkama\/#breadcrumb","itemListElement":[{"@type":"ListItem","position":1,"name":"Home","item":"https:\/\/lukabar.me\/"},{"@type":"ListItem","position":2,"name":"Susret predstavnika kompanije sa reprezentativkama"}]},{"@type":"WebSite","@id":"https:\/\/lukabar.me\/#website","url":"https:\/\/lukabar.me\/","name":"Port of Bar | Port of Bar - Connecting Montenegro to Global Trade","description":"World at the Reach of Luke | World Within Port&#039;s Reach","publisher":{"@id":"https:\/\/lukabar.me\/#organization"},"alternateName":"Luka Bar | Port of Bar","potentialAction":[{"@type":"SearchAction","target":{"@type":"EntryPoint","urlTemplate":"https:\/\/lukabar.me\/?s={search_term_string}"},"query-input":{"@type":"PropertyValueSpecification","valueRequired":true,"valueName":"search_term_string"}}],"inLanguage":"en-US"},{"@type":"Organization","@id":"https:\/\/lukabar.me\/#organization","name":"Port of Bar | Port of Bar - Connecting Montenegro to Global Trade","alternateName":"Luka Bar | Port of Bar","url":"https:\/\/lukabar.me\/","logo":{"@type":"ImageObject","inLanguage":"en-US","@id":"https:\/\/lukabar.me\/#\/schema\/logo\/image\/","url":"https:\/\/lukabar.me\/wp-content\/uploads\/2025\/01\/lukabar-logo-seo-01-scaled.jpg","contentUrl":"https:\/\/lukabar.me\/wp-content\/uploads\/2025\/01\/lukabar-logo-seo-01-scaled.jpg","width":2560,"height":2560,"caption":"Luka Bar | Port of Bar - Connecting Montenegro to Global Trade"},"image":{"@id":"https:\/\/lukabar.me\/#\/schema\/logo\/image\/"},"sameAs":["https:\/\/www.facebook.com\/portofbar","https:\/\/x.com\/portofbar","https:\/\/instagram.com\/portofbar","https:\/\/www.linkedin.com\/company\/port-of-bar","https:\/\/www.youtube.com\/@portofbarmontenegro"]},{"@type":"Person","@id":"https:\/\/lukabar.me\/#\/schema\/person\/84ccd15ea8529df078a6db7f01d0cf50","name":"qyqzntmy","image":{"@type":"ImageObject","inLanguage":"en-US","@id":"https:\/\/secure.gravatar.com\/avatar\/34512178c8047217f2f61ffdd71737957c3b33f2936e498c6153ae6dab2989ba?s=96&d=mm&r=g","url":"https:\/\/secure.gravatar.com\/avatar\/34512178c8047217f2f61ffdd71737957c3b33f2936e498c6153ae6dab2989ba?s=96&d=mm&r=g","contentUrl":"https:\/\/secure.gravatar.com\/avatar\/34512178c8047217f2f61ffdd71737957c3b33f2936e498c6153ae6dab2989ba?s=96&d=mm&r=g","caption":"qyqzntmy"},"sameAs":["https:\/\/lukabar.me"],"url":"https:\/\/lukabar.me\/en\/author\/qyqzntmy\/"}]}},"_links":{"self":[{"href":"https:\/\/lukabar.me\/en\/wp-json\/wp\/v2\/posts\/18522","targetHints":{"allow":["GET"]}}],"collection":[{"href":"https:\/\/lukabar.me\/en\/wp-json\/wp\/v2\/posts"}],"about":[{"href":"https:\/\/lukabar.me\/en\/wp-json\/wp\/v2\/types\/post"}],"author":[{"embeddable":true,"href":"https:\/\/lukabar.me\/en\/wp-json\/wp\/v2\/users\/1"}],"replies":[{"embeddable":true,"href":"https:\/\/lukabar.me\/en\/wp-json\/wp\/v2\/comments?post=18522"}],"version-history":[{"count":4,"href":"https:\/\/lukabar.me\/en\/wp-json\/wp\/v2\/posts\/18522\/revisions"}],"predecessor-version":[{"id":18528,"href":"https:\/\/lukabar.me\/en\/wp-json\/wp\/v2\/posts\/18522\/revisions\/18528"}],"wp:featuredmedia":[{"embeddable":true,"href":"https:\/\/lukabar.me\/en\/wp-json\/wp\/v2\/media\/18524"}],"wp:attachment":[{"href":"https:\/\/lukabar.me\/en\/wp-json\/wp\/v2\/media?parent=18522"}],"wp:term":[{"taxonomy":"category","embeddable":true,"href":"https:\/\/lukabar.me\/en\/wp-json\/wp\/v2\/categories?post=18522"},{"taxonomy":"post_tag","embeddable":true,"href":"https:\/\/lukabar.me\/en\/wp-json\/wp\/v2\/tags?post=18522"}],"curies":[{"name":"wp","href":"https:\/\/api.w.org\/{rel}","templated":true}]}}